{"id":1800,"date":"2023-10-12T17:07:35","date_gmt":"2023-10-12T17:07:35","guid":{"rendered":"http:\/\/elregionaldigital.info\/?p=1800"},"modified":"2023-10-12T17:07:36","modified_gmt":"2023-10-12T17:07:36","slug":"israel-continuara-el-asedio-a-gaza-hasta-la-liberacion-de-los-rehenes","status":"publish","type":"post","link":"https:\/\/elregionaldigital.info\/?p=1800","title":{"rendered":"Israel continuar\u00e1 el asedio a Gaza hasta la liberaci\u00f3n de los rehenes"},"content":{"rendered":"\n<figure class=\"wp-block-image size-full\"><img loading=\"lazy\" decoding=\"async\" width=\"770\" height=\"485\" src=\"http:\/\/elregionaldigital.info\/wp-content\/uploads\/2023\/10\/medio_oriente-ciudad_x12014526x_crop1697109883337.jpg_1970638775.webp\" alt=\"\" class=\"wp-image-1801\" srcset=\"https:\/\/elregionaldigital.info\/wp-content\/uploads\/2023\/10\/medio_oriente-ciudad_x12014526x_crop1697109883337.jpg_1970638775.webp 770w, https:\/\/elregionaldigital.info\/wp-content\/uploads\/2023\/10\/medio_oriente-ciudad_x12014526x_crop1697109883337.jpg_1970638775-300x189.webp 300w, https:\/\/elregionaldigital.info\/wp-content\/uploads\/2023\/10\/medio_oriente-ciudad_x12014526x_crop1697109883337.jpg_1970638775-768x484.webp 768w\" sizes=\"auto, (max-width: 770px) 100vw, 770px\" \/><\/figure>\n\n\n\n<p>El Estado jud\u00edo&nbsp;aplic\u00f3 desde el domingo una estrategia de cierre total la Franja para impedir la entrada de alimentos, agua, ayuda humanitaria o electricidad como medida de presi\u00f3n contra Ham\u00e1s<\/p>\n\n\n\n<p>Por:\u00a0<a href=\"https:\/\/www.informador.mx\/staff\/efe\">EFE<\/a>12 de octubre de 2023<\/p>\n\n\n\n<p>El ministro de Energ\u00eda israel\u00ed, Israel Katz, asegur\u00f3 que el r\u00edgido cerco impuesto sobre Gaza tras el ataque por tierra, mar y aire del grupo islamista Ham\u00e1s no se levantar\u00e1 hasta la liberaci\u00f3n de todos los rehenes que fueron secuestrados por las milicias palestinas, que se estiman en m\u00e1s de cien.<\/p>\n\n\n\n<p><strong>&#8220;No se encender\u00e1 ning\u00fan interruptor el\u00e9ctrico, no se abrir\u00e1 ninguna tuber\u00eda de agua y no entrar\u00e1 ning\u00fan cami\u00f3n de combustible&#8221; hasta que no haya la liberaci\u00f3n de al menos m\u00e1s de cien cautivos que\u00a0Ham\u00e1s\u00a0y\u00a0Yihad\u00a0Isl\u00e1mica mantienen dentro del enclave bajo su control.<\/strong><\/p>\n\n\n\n<p><strong>Israel aplic\u00f3 desde el domingo una estrategia de cierre total la Franja para impedir la entrada de alimentos, agua, ayuda humanitaria o electricidad<\/strong>\u00a0como medida de presi\u00f3n ante Ham\u00e1s.<\/p>\n\n\n\n<p>Seg\u00fan las milicias palestinas, habr\u00eda al menos unos 130 cautivos en Gaza, y hay estimaciones israel\u00edes que elevan la cifra a unos 200.<\/p>\n\n\n\n<p>Las autoridades de momento han logrado identificar a 97 rehenes, mientras siguen buscando muertos y desaparecidos y recogen a\u00fan cad\u00e1veres entre escombros de las comunidades israel\u00edes cercanas Gaza que fueron atacadas por las milicias palestinas, en una dura ofensiva que cogi\u00f3 por sorpresa a Israel y que ha sido el peor fracaso militar de su historia.<\/p>\n\n\n\n<p>Ham\u00e1s lanz\u00f3 el s\u00e1bado un ataque por sorpresa por tierra, mar y aire, que pill\u00f3 desprevenido a Israel, que declar\u00f3 la guerra a las milicias de Gaza y desde entonces se suceden enfrentamientos armados en una veintena de puntos en territorio israel\u00ed, y sigue en intercambio de fuego por aire, con cohetes desde la franja y bombardeos israel\u00edes en el enclave.<\/p>\n\n\n\n<p><strong>Esta nueva guerra ha causado m\u00e1s de mil 300 muertos en Israel y m\u00e1s de 3 mil 200 heridos; mientras que los ataques a\u00e9reos de represalia de la aviaci\u00f3n israel\u00ed se han cobrado al menos mil 200 vidas y dejado 5 mil 700 heridos en Gaza.<\/strong><\/p>\n","protected":false},"excerpt":{"rendered":"<p>El Estado jud\u00edo&nbsp;aplic\u00f3 desde el domingo una estrategia de cierre total la Franja para impedir la entrada de alimentos, agua, ayuda humanitaria o electricidad como medida de presi\u00f3n contra Ham\u00e1s Por:\u00a0EFE12 de octubre de 2023 El ministro de Energ\u00eda israel\u00ed, Israel Katz, asegur\u00f3 que el r\u00edgido cerco impuesto sobre Gaza tras el ataque por tierra, [&hellip;]<\/p>\n","protected":false},"author":1,"featured_media":1801,"comment_status":"open","ping_status":"open","sticky":false,"template":"","format":"standard","meta":{"footnotes":""},"categories":[11],"tags":[],"class_list":["post-1800","post","type-post","status-publish","format-standard","has-post-thumbnail","hentry","category-mundo"],"blog_post_layout_featured_media_urls":{"thumbnail":["https:\/\/elregionaldigital.info\/wp-content\/uploads\/2023\/10\/medio_oriente-ciudad_x12014526x_crop1697109883337.jpg_1970638775-150x150.webp",150,150,true],"full":["https:\/\/elregionaldigital.info\/wp-content\/uploads\/2023\/10\/medio_oriente-ciudad_x12014526x_crop1697109883337.jpg_1970638775.webp",770,485,false]},"categories_names":{"11":{"name":"Mundo","link":"https:\/\/elregionaldigital.info\/?cat=11"}},"tags_names":[],"comments_number":"0","wpmagazine_modules_lite_featured_media_urls":{"thumbnail":["https:\/\/elregionaldigital.info\/wp-content\/uploads\/2023\/10\/medio_oriente-ciudad_x12014526x_crop1697109883337.jpg_1970638775-150x150.webp",150,150,true],"cvmm-medium":["https:\/\/elregionaldigital.info\/wp-content\/uploads\/2023\/10\/medio_oriente-ciudad_x12014526x_crop1697109883337.jpg_1970638775-300x300.webp",300,300,true],"cvmm-medium-plus":["https:\/\/elregionaldigital.info\/wp-content\/uploads\/2023\/10\/medio_oriente-ciudad_x12014526x_crop1697109883337.jpg_1970638775-305x207.webp",305,207,true],"cvmm-portrait":["https:\/\/elregionaldigital.info\/wp-content\/uploads\/2023\/10\/medio_oriente-ciudad_x12014526x_crop1697109883337.jpg_1970638775-400x485.webp",400,485,true],"cvmm-medium-square":["https:\/\/elregionaldigital.info\/wp-content\/uploads\/2023\/10\/medio_oriente-ciudad_x12014526x_crop1697109883337.jpg_1970638775-600x485.webp",600,485,true],"cvmm-large":["https:\/\/elregionaldigital.info\/wp-content\/uploads\/2023\/10\/medio_oriente-ciudad_x12014526x_crop1697109883337.jpg_1970638775.webp",770,485,false],"cvmm-small":["https:\/\/elregionaldigital.info\/wp-content\/uploads\/2023\/10\/medio_oriente-ciudad_x12014526x_crop1697109883337.jpg_1970638775-130x95.webp",130,95,true],"full":["https:\/\/elregionaldigital.info\/wp-content\/uploads\/2023\/10\/medio_oriente-ciudad_x12014526x_crop1697109883337.jpg_1970638775.webp",770,485,false]},"_links":{"self":[{"href":"https:\/\/elregionaldigital.info\/index.php?rest_route=\/wp\/v2\/posts\/1800","targetHints":{"allow":["GET"]}}],"collection":[{"href":"https:\/\/elregionaldigital.info\/index.php?rest_route=\/wp\/v2\/posts"}],"about":[{"href":"https:\/\/elregionaldigital.info\/index.php?rest_route=\/wp\/v2\/types\/post"}],"author":[{"embeddable":true,"href":"https:\/\/elregionaldigital.info\/index.php?rest_route=\/wp\/v2\/users\/1"}],"replies":[{"embeddable":true,"href":"https:\/\/elregionaldigital.info\/index.php?rest_route=%2Fwp%2Fv2%2Fcomments&post=1800"}],"version-history":[{"count":1,"href":"https:\/\/elregionaldigital.info\/index.php?rest_route=\/wp\/v2\/posts\/1800\/revisions"}],"predecessor-version":[{"id":1802,"href":"https:\/\/elregionaldigital.info\/index.php?rest_route=\/wp\/v2\/posts\/1800\/revisions\/1802"}],"wp:featuredmedia":[{"embeddable":true,"href":"https:\/\/elregionaldigital.info\/index.php?rest_route=\/wp\/v2\/media\/1801"}],"wp:attachment":[{"href":"https:\/\/elregionaldigital.info\/index.php?rest_route=%2Fwp%2Fv2%2Fmedia&parent=1800"}],"wp:term":[{"taxonomy":"category","embeddable":true,"href":"https:\/\/elregionaldigital.info\/index.php?rest_route=%2Fwp%2Fv2%2Fcategories&post=1800"},{"taxonomy":"post_tag","embeddable":true,"href":"https:\/\/elregionaldigital.info\/index.php?rest_route=%2Fwp%2Fv2%2Ftags&post=1800"}],"curies":[{"name":"wp","href":"https:\/\/api.w.org\/{rel}","templated":true}]}}