{"id":1797,"date":"2023-10-11T17:14:11","date_gmt":"2023-10-11T17:14:11","guid":{"rendered":"http:\/\/elregionaldigital.info\/?p=1797"},"modified":"2023-10-11T17:14:12","modified_gmt":"2023-10-11T17:14:12","slug":"vuelven-265-mexicanos-de-zona-de-guerra-en-israel-faltan-mas-de-700","status":"publish","type":"post","link":"https:\/\/elregionaldigital.info\/?p=1797","title":{"rendered":"Vuelven 265 mexicanos de zona de guerra en Israel; faltan m\u00e1s de 700"},"content":{"rendered":"\n<figure class=\"wp-block-image size-full\"><img loading=\"lazy\" decoding=\"async\" width=\"800\" height=\"501\" src=\"http:\/\/elregionaldigital.info\/wp-content\/uploads\/2023\/10\/eum20231009pol16_x12006851x_1_crop1697024826833.jpg_70287019.webp\" alt=\"\" class=\"wp-image-1798\" srcset=\"https:\/\/elregionaldigital.info\/wp-content\/uploads\/2023\/10\/eum20231009pol16_x12006851x_1_crop1697024826833.jpg_70287019.webp 800w, https:\/\/elregionaldigital.info\/wp-content\/uploads\/2023\/10\/eum20231009pol16_x12006851x_1_crop1697024826833.jpg_70287019-300x188.webp 300w, https:\/\/elregionaldigital.info\/wp-content\/uploads\/2023\/10\/eum20231009pol16_x12006851x_1_crop1697024826833.jpg_70287019-768x481.webp 768w\" sizes=\"auto, (max-width: 800px) 100vw, 800px\" \/><\/figure>\n\n\n\n<p>Un segundo grupo de 130 mexicanos que quedaron atrapados en la guerra de Israel viaj\u00f3 anoche hacia el pa\u00eds en un avi\u00f3n de la Fuerza A\u00e9rea, inform\u00f3 ayer la canciller Alicia B\u00e1rcena.<\/p>\n\n\n\n<p><strong>\u201cMe confirma nuestro equipo de la Secretar\u00eda de Relaciones Exteriores (SRE) en Israel que el segundo vuelo humanitario, operado por la Secretar\u00eda de la Defensa Nacional (Sedena) viaja de regreso a M\u00e9xico con 130 connacionales m\u00e1s a bordo.<\/strong>&nbsp;Los esperamos en casa con brazos abiertos\u201d, expres\u00f3 la diplom\u00e1tica en sus redes sociales.&nbsp;<\/p>\n\n\n\n<p>El mensaje de B\u00e1rcena se dio horas despu\u00e9s de que un primer avi\u00f3n sali\u00f3 con 135 mexicanos atrapados en el conflicto de Gaza desde Israel rumbo a M\u00e9xico.<\/p>\n\n\n\n<p>La funcionaria federal record\u00f3 que el compromiso del Gobierno mexicano es proteger a su comunidad y reconoci\u00f3 a los equipos de la SRE y de la Sedena por el rescate.<\/p>\n\n\n\n<p><strong>Ambos aviones partieron el lunes a Israel para empezar a rescatar a los cerca de mil mexicanos que quedaron atrapados por la guerra en aquel pa\u00eds, donde adem\u00e1s hay todav\u00eda connacionales desaparecidos,<\/strong>\u00a0seg\u00fan inform\u00f3 el Presidente Andr\u00e9s Manuel L\u00f3pez Obrador (AMLO) durante su rueda de prensa matutina en Palacio Nacional.\u00a0<\/p>\n\n\n\n<p>Entre los paisanos varados en Tel Aviv estaban las integrantes de equipo de gimnasia r\u00edtmica.<\/p>\n\n\n\n<p>Hasta el cierre de esta edici\u00f3n, se reportaron alrededor de mil 900 fallecidos por el conflicto en ambos bandos.<\/p>\n","protected":false},"excerpt":{"rendered":"<p>Un segundo grupo de 130 mexicanos que quedaron atrapados en la guerra de Israel viaj\u00f3 anoche hacia el pa\u00eds en un avi\u00f3n de la Fuerza A\u00e9rea, inform\u00f3 ayer la canciller Alicia B\u00e1rcena. \u201cMe confirma nuestro equipo de la Secretar\u00eda de Relaciones Exteriores (SRE) en Israel que el segundo vuelo humanitario, operado por la Secretar\u00eda de [&hellip;]<\/p>\n","protected":false},"author":1,"featured_media":1798,"comment_status":"open","ping_status":"open","sticky":false,"template":"","format":"standard","meta":{"footnotes":""},"categories":[5],"tags":[],"class_list":["post-1797","post","type-post","status-publish","format-standard","has-post-thumbnail","hentry","category-nacional"],"blog_post_layout_featured_media_urls":{"thumbnail":["https:\/\/elregionaldigital.info\/wp-content\/uploads\/2023\/10\/eum20231009pol16_x12006851x_1_crop1697024826833.jpg_70287019-150x150.webp",150,150,true],"full":["https:\/\/elregionaldigital.info\/wp-content\/uploads\/2023\/10\/eum20231009pol16_x12006851x_1_crop1697024826833.jpg_70287019.webp",800,501,false]},"categories_names":{"5":{"name":"Nacional","link":"https:\/\/elregionaldigital.info\/?cat=5"}},"tags_names":[],"comments_number":"0","wpmagazine_modules_lite_featured_media_urls":{"thumbnail":["https:\/\/elregionaldigital.info\/wp-content\/uploads\/2023\/10\/eum20231009pol16_x12006851x_1_crop1697024826833.jpg_70287019-150x150.webp",150,150,true],"cvmm-medium":["https:\/\/elregionaldigital.info\/wp-content\/uploads\/2023\/10\/eum20231009pol16_x12006851x_1_crop1697024826833.jpg_70287019-300x300.webp",300,300,true],"cvmm-medium-plus":["https:\/\/elregionaldigital.info\/wp-content\/uploads\/2023\/10\/eum20231009pol16_x12006851x_1_crop1697024826833.jpg_70287019-305x207.webp",305,207,true],"cvmm-portrait":["https:\/\/elregionaldigital.info\/wp-content\/uploads\/2023\/10\/eum20231009pol16_x12006851x_1_crop1697024826833.jpg_70287019-400x501.webp",400,501,true],"cvmm-medium-square":["https:\/\/elregionaldigital.info\/wp-content\/uploads\/2023\/10\/eum20231009pol16_x12006851x_1_crop1697024826833.jpg_70287019-600x501.webp",600,501,true],"cvmm-large":["https:\/\/elregionaldigital.info\/wp-content\/uploads\/2023\/10\/eum20231009pol16_x12006851x_1_crop1697024826833.jpg_70287019.webp",800,501,false],"cvmm-small":["https:\/\/elregionaldigital.info\/wp-content\/uploads\/2023\/10\/eum20231009pol16_x12006851x_1_crop1697024826833.jpg_70287019-130x95.webp",130,95,true],"full":["https:\/\/elregionaldigital.info\/wp-content\/uploads\/2023\/10\/eum20231009pol16_x12006851x_1_crop1697024826833.jpg_70287019.webp",800,501,false]},"_links":{"self":[{"href":"https:\/\/elregionaldigital.info\/index.php?rest_route=\/wp\/v2\/posts\/1797","targetHints":{"allow":["GET"]}}],"collection":[{"href":"https:\/\/elregionaldigital.info\/index.php?rest_route=\/wp\/v2\/posts"}],"about":[{"href":"https:\/\/elregionaldigital.info\/index.php?rest_route=\/wp\/v2\/types\/post"}],"author":[{"embeddable":true,"href":"https:\/\/elregionaldigital.info\/index.php?rest_route=\/wp\/v2\/users\/1"}],"replies":[{"embeddable":true,"href":"https:\/\/elregionaldigital.info\/index.php?rest_route=%2Fwp%2Fv2%2Fcomments&post=1797"}],"version-history":[{"count":1,"href":"https:\/\/elregionaldigital.info\/index.php?rest_route=\/wp\/v2\/posts\/1797\/revisions"}],"predecessor-version":[{"id":1799,"href":"https:\/\/elregionaldigital.info\/index.php?rest_route=\/wp\/v2\/posts\/1797\/revisions\/1799"}],"wp:featuredmedia":[{"embeddable":true,"href":"https:\/\/elregionaldigital.info\/index.php?rest_route=\/wp\/v2\/media\/1798"}],"wp:attachment":[{"href":"https:\/\/elregionaldigital.info\/index.php?rest_route=%2Fwp%2Fv2%2Fmedia&parent=1797"}],"wp:term":[{"taxonomy":"category","embeddable":true,"href":"https:\/\/elregionaldigital.info\/index.php?rest_route=%2Fwp%2Fv2%2Fcategories&post=1797"},{"taxonomy":"post_tag","embeddable":true,"href":"https:\/\/elregionaldigital.info\/index.php?rest_route=%2Fwp%2Fv2%2Ftags&post=1797"}],"curies":[{"name":"wp","href":"https:\/\/api.w.org\/{rel}","templated":true}]}}