{"id":1794,"date":"2023-10-09T18:04:00","date_gmt":"2023-10-09T18:04:00","guid":{"rendered":"http:\/\/elregionaldigital.info\/?p=1794"},"modified":"2023-10-10T06:06:56","modified_gmt":"2023-10-10T06:06:56","slug":"el-huracan-lidia-tocara-tierra-como-categoria-2-en-mexico","status":"publish","type":"post","link":"https:\/\/elregionaldigital.info\/?p=1794","title":{"rendered":"\u00bfEl hurac\u00e1n &#8220;Lidia&#8221; tocar\u00e1 tierra como categor\u00eda 2 en M\u00e9xico?"},"content":{"rendered":"\n<figure class=\"wp-block-image size-full\"><img loading=\"lazy\" decoding=\"async\" width=\"700\" height=\"466\" src=\"http:\/\/elregionaldigital.info\/wp-content\/uploads\/2023\/10\/huracxn_lidia.jpeg_347421144.webp\" alt=\"\" class=\"wp-image-1795\" srcset=\"https:\/\/elregionaldigital.info\/wp-content\/uploads\/2023\/10\/huracxn_lidia.jpeg_347421144.webp 700w, https:\/\/elregionaldigital.info\/wp-content\/uploads\/2023\/10\/huracxn_lidia.jpeg_347421144-300x200.webp 300w\" sizes=\"auto, (max-width: 700px) 100vw, 700px\" \/><\/figure>\n\n\n\n<p>Durante las \u00faltimas horas, la&nbsp;<strong>tormenta tropical &#8220;Lidia&#8221;&nbsp;<\/strong>ha tomado gran fuerza misma que se espera llegue a las costas del<strong>&nbsp;Estado de Nayarit<\/strong>&nbsp;este martes provocando fuertes rachas de viento y lluvias intensas.&nbsp;<\/p>\n\n\n\n<p>Seg\u00fan la informaci\u00f3n del<strong>\u00a0Servicio Meteorol\u00f3gico Nacional de la Conagua\u00a0<\/strong>podr\u00eda convertirse en hurac\u00e1n categor\u00eda 1 a primera hora del martes, y ya durante al medio d\u00eda del martes estar\u00eda convirti\u00e9ndose en<strong>\u00a0categor\u00eda 2<\/strong>, afectando a otros estados como\u00a0<strong>Sinaloa, Jalisco, Colima y Baja California Sur.<\/strong><\/p>\n\n\n\n<p>Para los estados de Jalisco, Colima y Baja California Sur<strong>\u00a0se espera que se registren lluvias puntuales intensas, mientras que para el estado de Sonora lluvias puntuales muy fuertes.\u00a0<\/strong><\/p>\n\n\n\n<p>La Conagua pronostica que la tormenta tropical &#8220;Lidia&#8221; se convierta en hurac\u00e1n&nbsp;<strong>categor\u00eda 1 a las 00:00 horas de este martes<\/strong>, y posteriormente a las<strong>&nbsp;12:00 horas del mismo d\u00eda se convierta en categor\u00eda 2.<\/strong><\/p>\n\n\n\n<p>Para el mi\u00e9rcoles 11 de octubre a primera hora estar\u00eda tocando tierra en el Estado de Nayarit\u00a0como tormenta tropical.<\/p>\n\n\n\n<p>Hasta este momento, &#8220;Lidia&#8221; est\u00e1 ubicada a una distancia de<strong>&nbsp;545 km al oeste-suroeste de Cabo San Lucas y a 605 km al oeste-suroeste de Cabo Corrientes.<\/strong>&nbsp;Su movimiento actual es hacia el este-noreste a una velocidad de 13 km\/h. Los vientos asociados a Lidia alcanzan velocidades de<strong>&nbsp;110 km\/h<\/strong>, con r\u00e1fagas que pueden llegar hasta los&nbsp;<strong>140 km\/h.<\/strong><\/p>\n\n\n\n<p>Hasta el momento los estados de Nayarit, Guerrero, Sinaloa y Jalisco han suspendido clases, adem\u00e1s hacen un llamado a la poblaci\u00f3n para extremar precauciones.<\/p>\n","protected":false},"excerpt":{"rendered":"<p>Durante las \u00faltimas horas, la&nbsp;tormenta tropical &#8220;Lidia&#8221;&nbsp;ha tomado gran fuerza misma que se espera llegue a las costas del&nbsp;Estado de Nayarit&nbsp;este martes provocando fuertes rachas de viento y lluvias intensas.&nbsp; Seg\u00fan la informaci\u00f3n del\u00a0Servicio Meteorol\u00f3gico Nacional de la Conagua\u00a0podr\u00eda convertirse en hurac\u00e1n categor\u00eda 1 a primera hora del martes, y ya durante al medio d\u00eda [&hellip;]<\/p>\n","protected":false},"author":1,"featured_media":1795,"comment_status":"open","ping_status":"open","sticky":false,"template":"","format":"standard","meta":{"footnotes":""},"categories":[5],"tags":[],"class_list":["post-1794","post","type-post","status-publish","format-standard","has-post-thumbnail","hentry","category-nacional"],"blog_post_layout_featured_media_urls":{"thumbnail":["https:\/\/elregionaldigital.info\/wp-content\/uploads\/2023\/10\/huracxn_lidia.jpeg_347421144-150x150.webp",150,150,true],"full":["https:\/\/elregionaldigital.info\/wp-content\/uploads\/2023\/10\/huracxn_lidia.jpeg_347421144.webp",700,466,false]},"categories_names":{"5":{"name":"Nacional","link":"https:\/\/elregionaldigital.info\/?cat=5"}},"tags_names":[],"comments_number":"0","wpmagazine_modules_lite_featured_media_urls":{"thumbnail":["https:\/\/elregionaldigital.info\/wp-content\/uploads\/2023\/10\/huracxn_lidia.jpeg_347421144-150x150.webp",150,150,true],"cvmm-medium":["https:\/\/elregionaldigital.info\/wp-content\/uploads\/2023\/10\/huracxn_lidia.jpeg_347421144-300x300.webp",300,300,true],"cvmm-medium-plus":["https:\/\/elregionaldigital.info\/wp-content\/uploads\/2023\/10\/huracxn_lidia.jpeg_347421144-305x207.webp",305,207,true],"cvmm-portrait":["https:\/\/elregionaldigital.info\/wp-content\/uploads\/2023\/10\/huracxn_lidia.jpeg_347421144-400x466.webp",400,466,true],"cvmm-medium-square":["https:\/\/elregionaldigital.info\/wp-content\/uploads\/2023\/10\/huracxn_lidia.jpeg_347421144-600x466.webp",600,466,true],"cvmm-large":["https:\/\/elregionaldigital.info\/wp-content\/uploads\/2023\/10\/huracxn_lidia.jpeg_347421144.webp",700,466,false],"cvmm-small":["https:\/\/elregionaldigital.info\/wp-content\/uploads\/2023\/10\/huracxn_lidia.jpeg_347421144-130x95.webp",130,95,true],"full":["https:\/\/elregionaldigital.info\/wp-content\/uploads\/2023\/10\/huracxn_lidia.jpeg_347421144.webp",700,466,false]},"_links":{"self":[{"href":"https:\/\/elregionaldigital.info\/index.php?rest_route=\/wp\/v2\/posts\/1794","targetHints":{"allow":["GET"]}}],"collection":[{"href":"https:\/\/elregionaldigital.info\/index.php?rest_route=\/wp\/v2\/posts"}],"about":[{"href":"https:\/\/elregionaldigital.info\/index.php?rest_route=\/wp\/v2\/types\/post"}],"author":[{"embeddable":true,"href":"https:\/\/elregionaldigital.info\/index.php?rest_route=\/wp\/v2\/users\/1"}],"replies":[{"embeddable":true,"href":"https:\/\/elregionaldigital.info\/index.php?rest_route=%2Fwp%2Fv2%2Fcomments&post=1794"}],"version-history":[{"count":1,"href":"https:\/\/elregionaldigital.info\/index.php?rest_route=\/wp\/v2\/posts\/1794\/revisions"}],"predecessor-version":[{"id":1796,"href":"https:\/\/elregionaldigital.info\/index.php?rest_route=\/wp\/v2\/posts\/1794\/revisions\/1796"}],"wp:featuredmedia":[{"embeddable":true,"href":"https:\/\/elregionaldigital.info\/index.php?rest_route=\/wp\/v2\/media\/1795"}],"wp:attachment":[{"href":"https:\/\/elregionaldigital.info\/index.php?rest_route=%2Fwp%2Fv2%2Fmedia&parent=1794"}],"wp:term":[{"taxonomy":"category","embeddable":true,"href":"https:\/\/elregionaldigital.info\/index.php?rest_route=%2Fwp%2Fv2%2Fcategories&post=1794"},{"taxonomy":"post_tag","embeddable":true,"href":"https:\/\/elregionaldigital.info\/index.php?rest_route=%2Fwp%2Fv2%2Ftags&post=1794"}],"curies":[{"name":"wp","href":"https:\/\/api.w.org\/{rel}","templated":true}]}}