{"id":1785,"date":"2023-10-05T17:47:00","date_gmt":"2023-10-05T17:47:00","guid":{"rendered":"http:\/\/elregionaldigital.info\/?p=1785"},"modified":"2023-10-10T05:50:44","modified_gmt":"2023-10-10T05:50:44","slug":"se-anuncia-nueva-convocatoria-sorpresas-y-omisiones-en-el-tricolor","status":"publish","type":"post","link":"https:\/\/elregionaldigital.info\/?p=1785","title":{"rendered":"Se anuncia nueva convocatoria; sorpresas y omisiones en el Tricolor"},"content":{"rendered":"\n<figure class=\"wp-block-image size-full\"><img loading=\"lazy\" decoding=\"async\" width=\"770\" height=\"485\" src=\"http:\/\/elregionaldigital.info\/wp-content\/uploads\/2023\/10\/imago-1408061_1_crop1695335761883.jpg_1970638775.webp\" alt=\"\" class=\"wp-image-1786\" srcset=\"https:\/\/elregionaldigital.info\/wp-content\/uploads\/2023\/10\/imago-1408061_1_crop1695335761883.jpg_1970638775.webp 770w, https:\/\/elregionaldigital.info\/wp-content\/uploads\/2023\/10\/imago-1408061_1_crop1695335761883.jpg_1970638775-300x189.webp 300w, https:\/\/elregionaldigital.info\/wp-content\/uploads\/2023\/10\/imago-1408061_1_crop1695335761883.jpg_1970638775-768x484.webp 768w\" sizes=\"auto, (max-width: 770px) 100vw, 770px\" \/><\/figure>\n\n\n\n<p>Jaime Lozano\u00a0ha dado a conocer la lista de 26 jugadores convocados para los pr\u00f3ximos partidos de la Fecha FIFA de este mes<\/p>\n\n\n\n<p>Ya sucedi\u00f3 como si fuera un juego de loter\u00eda mexicana; ahora se dio a conocer como si fuera un videojuego. El director t\u00e9cnico de la Selecci\u00f3n Mexicana,<strong>&nbsp;Jaime Lozano<\/strong>, ha dado a conocer la lista de 26 jugadores convocados para los pr\u00f3ximos partidos de la&nbsp;<strong>Fecha FIFA<\/strong>&nbsp;de este mes. Los encuentros est\u00e1n programados para el 14 de octubre contra&nbsp;<strong>Ghana en Charlotte<\/strong>&nbsp;y el 17 ante&nbsp;<strong>Alemania&nbsp;<\/strong>en Filadelfia.<\/p>\n\n\n\n<p>En esta convocatoria,\u00a0<strong>Am\u00e9rica y Monterrey<\/strong>\u00a0son los clubes que m\u00e1s jugadores aportan, con cuatro representantes cada uno en la lista. Sin embargo, una de las sorpresas m\u00e1s destacadas es la inclusi\u00f3n de\u00a0<strong>Julio Gonz\u00e1lez\u00a0<\/strong>en la posici\u00f3n de portero, mostrando la confianza de Lozano en la nueva sangre.<\/p>\n\n\n\n<p>Adem\u00e1s, Ram\u00f3n Ju\u00e1rez recibir\u00e1 su primera convocatoria a la selecci\u00f3n mayor. Por otro lado, destacados nombres como<strong>\u00a0C\u00e9sar Montes, Gerardo Arteaga, Hirving &#8220;Chucky&#8221; Lozano y Jorge S\u00e1nchez\u00a0<\/strong>regresan a la convocatoria.<\/p>\n\n\n\n<p>El talento joven tambi\u00e9n se abre paso en esta convocatoria, con jugadores como Marcel Ruiz,\u00a0<strong>C\u00e9sar Huerta y Jordi Cortizo\u00a0<\/strong>que han demostrado su val\u00eda en sus respectivos clubes y ahora tienen la oportunidad de representar a M\u00e9xico en la cancha internacional de nueva cuenta.<\/p>\n\n\n\n<p>Sin embargo, es notable la ausencia de jugadores de equipos como Guadalajara y Atlas en esta convocatoria. Sorprende especialmente la omisi\u00f3n de jugadores como\u00a0<strong>Alexis Vega, Roberto Alvarado, Jes\u00fas Orozco Chiquete y Gilberto Sep\u00falveda.<\/strong><\/p>\n\n\n\n<h2 class=\"wp-block-heading\">Lista de convocados<\/h2>\n\n\n\n<p><strong>Porteros:&nbsp;<\/strong><\/p>\n\n\n\n<ul class=\"wp-block-list\">\n<li>Guillermo Ochoa \/ U.S. Salernitana (Italia)<\/li>\n\n\n\n<li>Luis \u00c1ngel Malag\u00f3n \/ Am\u00e9rica<\/li>\n\n\n\n<li>To\u00f1o Rodr\u00edguez \/ Tijuana<\/li>\n\n\n\n<li>Julio Gonz\u00e1lez \/ Pumas<\/li>\n<\/ul>\n\n\n\n<p><strong>Defensas:&nbsp;<\/strong><\/p>\n\n\n\n<ul class=\"wp-block-list\">\n<li>Jes\u00fas Gallardo \/ Monterrey<\/li>\n\n\n\n<li>Gerardo Arteaga \/ Genk (B\u00e9lgica)<\/li>\n\n\n\n<li>C\u00e9sar Montes \/ Almer\u00eda (Espa\u00f1a)<\/li>\n\n\n\n<li>Johan V\u00e1squez \/ Genoa (Italia)<\/li>\n\n\n\n<li>V\u00edctor Guzm\u00e1n \/ Monterrey<\/li>\n\n\n\n<li>Ram\u00f3n Ju\u00e1rez \/ Am\u00e9rica<\/li>\n\n\n\n<li>Jorge S\u00e1nchez \/ Porto (Portugal)<\/li>\n\n\n\n<li>Kevin \u00c1lvarez \/ Am\u00e9rica<\/li>\n<\/ul>\n\n\n\n<p><strong>Mediocampistas:&nbsp;<\/strong><\/p>\n\n\n\n<ul class=\"wp-block-list\">\n<li>Luis Romo \/ Monterrey<\/li>\n\n\n\n<li>Edson \u00c1lvarez \/ West Ham (Inglaterra)<\/li>\n\n\n\n<li>Marcel Ruiz \/ Toluca<\/li>\n\n\n\n<li>Sebasti\u00e1n C\u00f3rdova \/ Tigres<\/li>\n\n\n\n<li>Jordi Cortizo \/ Monterrey&nbsp;<\/li>\n\n\n\n<li>C\u00e9sar Huerta \/ Pumas<\/li>\n\n\n\n<li>Luis Ch\u00e1vez \/ Dynamo Mosc\u00fa<\/li>\n\n\n\n<li>\u00c9rick S\u00e1nchez \/ Pachuca<\/li>\n<\/ul>\n\n\n\n<p><strong>Delanteros:&nbsp;<\/strong><\/p>\n\n\n\n<ul class=\"wp-block-list\">\n<li>Uriel Antuna \/ Cruz Azul<\/li>\n\n\n\n<li>Hirving Lozano \/ PSV Eindhoven (Pa\u00edses Bajos)<\/li>\n\n\n\n<li>Orbel\u00edn Pineda \/ AEK Atenas (Grecia)<\/li>\n\n\n\n<li>Santiago Gim\u00e9nez \/ Feyenoord (Pa\u00edses Bajos)<\/li>\n\n\n\n<li>Ra\u00fal Jim\u00e9nez \/ Fulham (Inglaterra)<\/li>\n\n\n\n<li>Henry Mart\u00edn \/ Am\u00e9rica<\/li>\n<\/ul>\n","protected":false},"excerpt":{"rendered":"<p>Jaime Lozano\u00a0ha dado a conocer la lista de 26 jugadores convocados para los pr\u00f3ximos partidos de la Fecha FIFA de este mes Ya sucedi\u00f3 como si fuera un juego de loter\u00eda mexicana; ahora se dio a conocer como si fuera un videojuego. El director t\u00e9cnico de la Selecci\u00f3n Mexicana,&nbsp;Jaime Lozano, ha dado a conocer la [&hellip;]<\/p>\n","protected":false},"author":1,"featured_media":1786,"comment_status":"open","ping_status":"open","sticky":false,"template":"","format":"standard","meta":{"footnotes":""},"categories":[6],"tags":[],"class_list":["post-1785","post","type-post","status-publish","format-standard","has-post-thumbnail","hentry","category-deportes"],"blog_post_layout_featured_media_urls":{"thumbnail":["https:\/\/elregionaldigital.info\/wp-content\/uploads\/2023\/10\/imago-1408061_1_crop1695335761883.jpg_1970638775-150x150.webp",150,150,true],"full":["https:\/\/elregionaldigital.info\/wp-content\/uploads\/2023\/10\/imago-1408061_1_crop1695335761883.jpg_1970638775.webp",770,485,false]},"categories_names":{"6":{"name":"Deportes","link":"https:\/\/elregionaldigital.info\/?cat=6"}},"tags_names":[],"comments_number":"0","wpmagazine_modules_lite_featured_media_urls":{"thumbnail":["https:\/\/elregionaldigital.info\/wp-content\/uploads\/2023\/10\/imago-1408061_1_crop1695335761883.jpg_1970638775-150x150.webp",150,150,true],"cvmm-medium":["https:\/\/elregionaldigital.info\/wp-content\/uploads\/2023\/10\/imago-1408061_1_crop1695335761883.jpg_1970638775-300x300.webp",300,300,true],"cvmm-medium-plus":["https:\/\/elregionaldigital.info\/wp-content\/uploads\/2023\/10\/imago-1408061_1_crop1695335761883.jpg_1970638775-305x207.webp",305,207,true],"cvmm-portrait":["https:\/\/elregionaldigital.info\/wp-content\/uploads\/2023\/10\/imago-1408061_1_crop1695335761883.jpg_1970638775-400x485.webp",400,485,true],"cvmm-medium-square":["https:\/\/elregionaldigital.info\/wp-content\/uploads\/2023\/10\/imago-1408061_1_crop1695335761883.jpg_1970638775-600x485.webp",600,485,true],"cvmm-large":["https:\/\/elregionaldigital.info\/wp-content\/uploads\/2023\/10\/imago-1408061_1_crop1695335761883.jpg_1970638775.webp",770,485,false],"cvmm-small":["https:\/\/elregionaldigital.info\/wp-content\/uploads\/2023\/10\/imago-1408061_1_crop1695335761883.jpg_1970638775-130x95.webp",130,95,true],"full":["https:\/\/elregionaldigital.info\/wp-content\/uploads\/2023\/10\/imago-1408061_1_crop1695335761883.jpg_1970638775.webp",770,485,false]},"_links":{"self":[{"href":"https:\/\/elregionaldigital.info\/index.php?rest_route=\/wp\/v2\/posts\/1785","targetHints":{"allow":["GET"]}}],"collection":[{"href":"https:\/\/elregionaldigital.info\/index.php?rest_route=\/wp\/v2\/posts"}],"about":[{"href":"https:\/\/elregionaldigital.info\/index.php?rest_route=\/wp\/v2\/types\/post"}],"author":[{"embeddable":true,"href":"https:\/\/elregionaldigital.info\/index.php?rest_route=\/wp\/v2\/users\/1"}],"replies":[{"embeddable":true,"href":"https:\/\/elregionaldigital.info\/index.php?rest_route=%2Fwp%2Fv2%2Fcomments&post=1785"}],"version-history":[{"count":1,"href":"https:\/\/elregionaldigital.info\/index.php?rest_route=\/wp\/v2\/posts\/1785\/revisions"}],"predecessor-version":[{"id":1787,"href":"https:\/\/elregionaldigital.info\/index.php?rest_route=\/wp\/v2\/posts\/1785\/revisions\/1787"}],"wp:featuredmedia":[{"embeddable":true,"href":"https:\/\/elregionaldigital.info\/index.php?rest_route=\/wp\/v2\/media\/1786"}],"wp:attachment":[{"href":"https:\/\/elregionaldigital.info\/index.php?rest_route=%2Fwp%2Fv2%2Fmedia&parent=1785"}],"wp:term":[{"taxonomy":"category","embeddable":true,"href":"https:\/\/elregionaldigital.info\/index.php?rest_route=%2Fwp%2Fv2%2Fcategories&post=1785"},{"taxonomy":"post_tag","embeddable":true,"href":"https:\/\/elregionaldigital.info\/index.php?rest_route=%2Fwp%2Fv2%2Ftags&post=1785"}],"curies":[{"name":"wp","href":"https:\/\/api.w.org\/{rel}","templated":true}]}}