{"id":1782,"date":"2023-10-03T17:35:00","date_gmt":"2023-10-03T17:35:00","guid":{"rendered":"http:\/\/elregionaldigital.info\/?p=1782"},"modified":"2023-10-10T05:41:54","modified_gmt":"2023-10-10T05:41:54","slug":"mexico-y-eu-abren-dialogo-sobre-migracion-y-fentanilo","status":"publish","type":"post","link":"https:\/\/elregionaldigital.info\/?p=1782","title":{"rendered":"M\u00e9xico y EU abren di\u00e1logo\u00a0sobre migraci\u00f3n y fentanilo"},"content":{"rendered":"\n<figure class=\"wp-block-image size-full\"><img loading=\"lazy\" decoding=\"async\" width=\"770\" height=\"485\" src=\"http:\/\/elregionaldigital.info\/wp-content\/uploads\/2023\/10\/imagen_cmykeum20231002nac01_crop1696324603316.jpg_1970638775-1.webp\" alt=\"\" class=\"wp-image-1783\" srcset=\"https:\/\/elregionaldigital.info\/wp-content\/uploads\/2023\/10\/imagen_cmykeum20231002nac01_crop1696324603316.jpg_1970638775-1.webp 770w, https:\/\/elregionaldigital.info\/wp-content\/uploads\/2023\/10\/imagen_cmykeum20231002nac01_crop1696324603316.jpg_1970638775-1-300x189.webp 300w, https:\/\/elregionaldigital.info\/wp-content\/uploads\/2023\/10\/imagen_cmykeum20231002nac01_crop1696324603316.jpg_1970638775-1-768x484.webp 768w\" sizes=\"auto, (max-width: 770px) 100vw, 770px\" \/><\/figure>\n\n\n\n<p>El Presidente Andr\u00e9s Manuel L\u00f3pez Obrador&nbsp;recibi\u00f3 ayer en Palacio Nacional a delegaci\u00f3n de EU para consolidar un esquema de trabajo colaborativo<\/p>\n\n\n\n<p>Por:\u00a0El Informador3 de octubre de 2023 &#8211; <\/p>\n\n\n\n<p>El Presidente Andr\u00e9s Manuel L\u00f3pez Obrador sostuvo un encuentro en Palacio Nacional con una delegaci\u00f3n del Gobierno de Estados Unidos para tratar el tema migratorio, as\u00ed como el tr\u00e1fico de drogas, en especial el fentanilo.<\/p>\n\n\n\n<p>\u201cVa a haber un encuentro tambi\u00e9n entre grupos de trabajo de Estados Unidos y de M\u00e9xico en estos d\u00edas, para tratar temas como la migraci\u00f3n, como el tr\u00e1fico de drogas, en especial lo del fentanilo.<\/p>\n\n\n\n<p>\u201cY hay una colaboraci\u00f3n estrecha con el Gobierno de Estados Unidos, en todos los temas, es buena la relaci\u00f3n\u201d, dijo el Presidente en conferencia de prensa.<\/p>\n\n\n\n<p>L\u00f3pez Obrador acus\u00f3 que debido a que hay un proceso electoral en Estados Unidos, pol\u00edticos del Partido Republicano utilizan estos temas como propaganda, por lo que los calific\u00f3 de \u201cpol\u00edticos falsarios\u201d.<\/p>\n\n\n\n<p>\u201cComo hay elecciones en Estados Unidos estos temas los utilizan para la propaganda, ya sea un partido u otro; quienes m\u00e1s est\u00e1n utilizando ahora el tema migratorio y el tema del fentanilo para acusar a M\u00e9xico los republicanos.<\/p>\n\n\n\n<p>\u201cPero no creo que les funcione, porque cada vez hay m\u00e1s informaci\u00f3n en el pueblo estadounidense, y saben muy bien que estamos nosotros haciendo un esfuerzo, estamos ayudando a resolver el problema que tienen en Estados Unidos, que no han resuelto estos pol\u00edticos falsarios, no lo han resuelto,<strong>\u00a0el grave problema del consumo del fentanilo, porque el que pierden la vida 100 mil j\u00f3venes cada a\u00f1o<\/strong>\u201d, declar\u00f3.<\/p>\n\n\n\n<h4 class=\"wp-block-heading\"><strong>Apuestan por m\u00e1s inversi\u00f3n<\/strong><\/h4>\n\n\n\n<p>El Presidente Andr\u00e9s Manuel L\u00f3pez Obrador asegur\u00f3 que,&nbsp;a\u00fan cuando se ha fortalecido \u201ccomo nunca\u201d las relaciones econ\u00f3micas y comerciales entre M\u00e9xico y Estados Unidos es indispensable continuar planeando la colocaci\u00f3n de nuevas inversiones y la creaci\u00f3n de empleos en ambas naciones.<\/p>\n\n\n\n<p>En su cuenta de X, antes Twitter, el jefe del Ejecutivo federal\u00a0<strong>difundi\u00f3 un par de fotograf\u00edas del encuentro que sostuvo ayer en Palacio Nacional con Amos J. Hochstein, coordinador presidencial especial para la Infraestructura Global y la Seguridad Energ\u00e9tica del Gobierno de Estados Unidos<\/strong>.<\/p>\n\n\n\n<p>\u201cLarga e interesante conversaci\u00f3n sostuvimos con Amos J. Hochstein, coordinador presidencial especial para la Infraestructura Global y la Seguridad Energ\u00e9tica del Gobierno de Estados Unidos.<\/p>\n","protected":false},"excerpt":{"rendered":"<p>El Presidente Andr\u00e9s Manuel L\u00f3pez Obrador&nbsp;recibi\u00f3 ayer en Palacio Nacional a delegaci\u00f3n de EU para consolidar un esquema de trabajo colaborativo Por:\u00a0El Informador3 de octubre de 2023 &#8211; El Presidente Andr\u00e9s Manuel L\u00f3pez Obrador sostuvo un encuentro en Palacio Nacional con una delegaci\u00f3n del Gobierno de Estados Unidos para tratar el tema migratorio, as\u00ed como [&hellip;]<\/p>\n","protected":false},"author":1,"featured_media":1783,"comment_status":"open","ping_status":"open","sticky":false,"template":"","format":"standard","meta":{"footnotes":""},"categories":[5],"tags":[],"class_list":["post-1782","post","type-post","status-publish","format-standard","has-post-thumbnail","hentry","category-nacional"],"blog_post_layout_featured_media_urls":{"thumbnail":["https:\/\/elregionaldigital.info\/wp-content\/uploads\/2023\/10\/imagen_cmykeum20231002nac01_crop1696324603316.jpg_1970638775-1-150x150.webp",150,150,true],"full":["https:\/\/elregionaldigital.info\/wp-content\/uploads\/2023\/10\/imagen_cmykeum20231002nac01_crop1696324603316.jpg_1970638775-1.webp",770,485,false]},"categories_names":{"5":{"name":"Nacional","link":"https:\/\/elregionaldigital.info\/?cat=5"}},"tags_names":[],"comments_number":"0","wpmagazine_modules_lite_featured_media_urls":{"thumbnail":["https:\/\/elregionaldigital.info\/wp-content\/uploads\/2023\/10\/imagen_cmykeum20231002nac01_crop1696324603316.jpg_1970638775-1-150x150.webp",150,150,true],"cvmm-medium":["https:\/\/elregionaldigital.info\/wp-content\/uploads\/2023\/10\/imagen_cmykeum20231002nac01_crop1696324603316.jpg_1970638775-1-300x300.webp",300,300,true],"cvmm-medium-plus":["https:\/\/elregionaldigital.info\/wp-content\/uploads\/2023\/10\/imagen_cmykeum20231002nac01_crop1696324603316.jpg_1970638775-1-305x207.webp",305,207,true],"cvmm-portrait":["https:\/\/elregionaldigital.info\/wp-content\/uploads\/2023\/10\/imagen_cmykeum20231002nac01_crop1696324603316.jpg_1970638775-1-400x485.webp",400,485,true],"cvmm-medium-square":["https:\/\/elregionaldigital.info\/wp-content\/uploads\/2023\/10\/imagen_cmykeum20231002nac01_crop1696324603316.jpg_1970638775-1-600x485.webp",600,485,true],"cvmm-large":["https:\/\/elregionaldigital.info\/wp-content\/uploads\/2023\/10\/imagen_cmykeum20231002nac01_crop1696324603316.jpg_1970638775-1.webp",770,485,false],"cvmm-small":["https:\/\/elregionaldigital.info\/wp-content\/uploads\/2023\/10\/imagen_cmykeum20231002nac01_crop1696324603316.jpg_1970638775-1-130x95.webp",130,95,true],"full":["https:\/\/elregionaldigital.info\/wp-content\/uploads\/2023\/10\/imagen_cmykeum20231002nac01_crop1696324603316.jpg_1970638775-1.webp",770,485,false]},"_links":{"self":[{"href":"https:\/\/elregionaldigital.info\/index.php?rest_route=\/wp\/v2\/posts\/1782","targetHints":{"allow":["GET"]}}],"collection":[{"href":"https:\/\/elregionaldigital.info\/index.php?rest_route=\/wp\/v2\/posts"}],"about":[{"href":"https:\/\/elregionaldigital.info\/index.php?rest_route=\/wp\/v2\/types\/post"}],"author":[{"embeddable":true,"href":"https:\/\/elregionaldigital.info\/index.php?rest_route=\/wp\/v2\/users\/1"}],"replies":[{"embeddable":true,"href":"https:\/\/elregionaldigital.info\/index.php?rest_route=%2Fwp%2Fv2%2Fcomments&post=1782"}],"version-history":[{"count":1,"href":"https:\/\/elregionaldigital.info\/index.php?rest_route=\/wp\/v2\/posts\/1782\/revisions"}],"predecessor-version":[{"id":1784,"href":"https:\/\/elregionaldigital.info\/index.php?rest_route=\/wp\/v2\/posts\/1782\/revisions\/1784"}],"wp:featuredmedia":[{"embeddable":true,"href":"https:\/\/elregionaldigital.info\/index.php?rest_route=\/wp\/v2\/media\/1783"}],"wp:attachment":[{"href":"https:\/\/elregionaldigital.info\/index.php?rest_route=%2Fwp%2Fv2%2Fmedia&parent=1782"}],"wp:term":[{"taxonomy":"category","embeddable":true,"href":"https:\/\/elregionaldigital.info\/index.php?rest_route=%2Fwp%2Fv2%2Fcategories&post=1782"},{"taxonomy":"post_tag","embeddable":true,"href":"https:\/\/elregionaldigital.info\/index.php?rest_route=%2Fwp%2Fv2%2Ftags&post=1782"}],"curies":[{"name":"wp","href":"https:\/\/api.w.org\/{rel}","templated":true}]}}