{"id":1767,"date":"2023-10-04T16:57:00","date_gmt":"2023-10-04T16:57:00","guid":{"rendered":"http:\/\/elregionaldigital.info\/?p=1767"},"modified":"2023-10-10T05:00:44","modified_gmt":"2023-10-10T05:00:44","slug":"convoca-uat-al-proceso-de-admision-para-el-periodo-primavera-2024","status":"publish","type":"post","link":"https:\/\/elregionaldigital.info\/?p=1767","title":{"rendered":"Convoca UAT al proceso de admisi\u00f3n para el per\u00edodo Primavera 2024"},"content":{"rendered":"\n<figure class=\"wp-block-image size-large\"><img loading=\"lazy\" decoding=\"async\" width=\"1024\" height=\"580\" src=\"http:\/\/elregionaldigital.info\/wp-content\/uploads\/2023\/10\/6-16-1024x580.jpg\" alt=\"\" class=\"wp-image-1768\" srcset=\"https:\/\/elregionaldigital.info\/wp-content\/uploads\/2023\/10\/6-16-1024x580.jpg 1024w, https:\/\/elregionaldigital.info\/wp-content\/uploads\/2023\/10\/6-16-300x170.jpg 300w, https:\/\/elregionaldigital.info\/wp-content\/uploads\/2023\/10\/6-16-768x435.jpg 768w, https:\/\/elregionaldigital.info\/wp-content\/uploads\/2023\/10\/6-16-1536x870.jpg 1536w, https:\/\/elregionaldigital.info\/wp-content\/uploads\/2023\/10\/6-16-2048x1161.jpg 2048w\" sizes=\"auto, (max-width: 1024px) 100vw, 1024px\" \/><\/figure>\n\n\n\n<p>Ciudad Victoria, Tam.; 4 de octubre de 2023.<br>Convoca UAT al proceso de admisi\u00f3n para el per\u00edodo Primavera<\/p>\n\n\n\n<p>2024<\/p>\n\n\n\n<p>La Universidad Aut\u00f3noma de Tamaulipas (UAT) tiene abierta la convocatoria del<br>proceso de admisi\u00f3n correspondiente al per\u00edodo Primavera 2024, para lo cual<br>invita a los aspirantes a conocer los procedimientos de registro y la oferta<br>educativa que est\u00e1 disponible para ese ciclo escolar.<br>Con base en las pol\u00edticas institucionales que impulsa el rector C.P.<br>Guillermo Mendoza Cavazos, la UAT est\u00e1 comprometida en brindar oportunidades<br>educativas de calidad y fomentar el desarrollo acad\u00e9mico y profesional de sus<br>estudiantes.<br>En ese contexto, est\u00e1 abierto el registro de aspirantes a ingresar a<br>licenciatura mediante el sitio web aspirantes.uat.edu.mx que tiene a su disposici\u00f3n<br>un tutorial para realizar con \u00e9xito ese procedimiento.<br>El per\u00edodo escolar Primavera 2024 comienza el pr\u00f3ximo mes de enero, por<br>ello, se exhorta a los interesados para que soliciten en las facultades o unidades<br>acad\u00e9micas de su elecci\u00f3n, la informaci\u00f3n de la oferta de licenciaturas, as\u00ed como<br>de las fechas de cierre de registro, requisitos y fechas importantes.<br>Uno de los pasos fundamentales en el proceso de admisi\u00f3n es la<br>presentaci\u00f3n del Examen General de Ingreso a Licenciatura (EXANI II),<br>desarrollado por el Centro Nacional para la Evaluaci\u00f3n de la Educaci\u00f3n Superior<br>(Ceneval).<br>Paras su aplicaci\u00f3n, el calendario escolar-administrativo oficial de la UAT<br>establece dos fechas importantes: aquellos que deseen ingresar a programas<br>educativos que se imparten en la modalidad en l\u00ednea deber\u00e1n presentar el examen<br>de admisi\u00f3n en l\u00ednea el 22 de noviembre. En tanto que, los interesados en cursar<\/p>\n\n\n\n<p>las carreras de la modalidad presencial deber\u00e1n presentar su examen el 23 de<br>noviembre en su respectiva instituci\u00f3n acad\u00e9mica.<br>Los resultados del proceso de admisi\u00f3n ser\u00e1n publicados a trav\u00e9s de los<br>medios oficiales de la UAT el 12 de diciembre.<br>Para m\u00e1s informaci\u00f3n se recomienda a los interesados contactar o acudir<br>directamente a la facultad o unidad acad\u00e9mica de su elecci\u00f3n. As\u00ed mismo, en el<br>portal oficial de la UAT, pueden encontrar mayores datos de las dependencias<br>educativas y los programas que ofrecen para el ciclo escolar primavera 2024.<\/p>\n","protected":false},"excerpt":{"rendered":"<p>Ciudad Victoria, Tam.; 4 de octubre de 2023.Convoca UAT al proceso de admisi\u00f3n para el per\u00edodo Primavera 2024 La Universidad Aut\u00f3noma de Tamaulipas (UAT) tiene abierta la convocatoria delproceso de admisi\u00f3n correspondiente al per\u00edodo Primavera 2024, para lo cualinvita a los aspirantes a conocer los procedimientos de registro y la ofertaeducativa que est\u00e1 disponible para [&hellip;]<\/p>\n","protected":false},"author":1,"featured_media":1768,"comment_status":"open","ping_status":"open","sticky":false,"template":"","format":"standard","meta":{"footnotes":""},"categories":[4],"tags":[],"class_list":["post-1767","post","type-post","status-publish","format-standard","has-post-thumbnail","hentry","category-universidades"],"blog_post_layout_featured_media_urls":{"thumbnail":["https:\/\/elregionaldigital.info\/wp-content\/uploads\/2023\/10\/6-16-150x150.jpg",150,150,true],"full":["https:\/\/elregionaldigital.info\/wp-content\/uploads\/2023\/10\/6-16-scaled.jpg",2560,1451,false]},"categories_names":{"4":{"name":"Universidades","link":"https:\/\/elregionaldigital.info\/?cat=4"}},"tags_names":[],"comments_number":"0","wpmagazine_modules_lite_featured_media_urls":{"thumbnail":["https:\/\/elregionaldigital.info\/wp-content\/uploads\/2023\/10\/6-16-150x150.jpg",150,150,true],"cvmm-medium":["https:\/\/elregionaldigital.info\/wp-content\/uploads\/2023\/10\/6-16-300x300.jpg",300,300,true],"cvmm-medium-plus":["https:\/\/elregionaldigital.info\/wp-content\/uploads\/2023\/10\/6-16-305x207.jpg",305,207,true],"cvmm-portrait":["https:\/\/elregionaldigital.info\/wp-content\/uploads\/2023\/10\/6-16-400x600.jpg",400,600,true],"cvmm-medium-square":["https:\/\/elregionaldigital.info\/wp-content\/uploads\/2023\/10\/6-16-600x600.jpg",600,600,true],"cvmm-large":["https:\/\/elregionaldigital.info\/wp-content\/uploads\/2023\/10\/6-16-1024x1024.jpg",1024,1024,true],"cvmm-small":["https:\/\/elregionaldigital.info\/wp-content\/uploads\/2023\/10\/6-16-130x95.jpg",130,95,true],"full":["https:\/\/elregionaldigital.info\/wp-content\/uploads\/2023\/10\/6-16-scaled.jpg",2560,1451,false]},"_links":{"self":[{"href":"https:\/\/elregionaldigital.info\/index.php?rest_route=\/wp\/v2\/posts\/1767","targetHints":{"allow":["GET"]}}],"collection":[{"href":"https:\/\/elregionaldigital.info\/index.php?rest_route=\/wp\/v2\/posts"}],"about":[{"href":"https:\/\/elregionaldigital.info\/index.php?rest_route=\/wp\/v2\/types\/post"}],"author":[{"embeddable":true,"href":"https:\/\/elregionaldigital.info\/index.php?rest_route=\/wp\/v2\/users\/1"}],"replies":[{"embeddable":true,"href":"https:\/\/elregionaldigital.info\/index.php?rest_route=%2Fwp%2Fv2%2Fcomments&post=1767"}],"version-history":[{"count":1,"href":"https:\/\/elregionaldigital.info\/index.php?rest_route=\/wp\/v2\/posts\/1767\/revisions"}],"predecessor-version":[{"id":1769,"href":"https:\/\/elregionaldigital.info\/index.php?rest_route=\/wp\/v2\/posts\/1767\/revisions\/1769"}],"wp:featuredmedia":[{"embeddable":true,"href":"https:\/\/elregionaldigital.info\/index.php?rest_route=\/wp\/v2\/media\/1768"}],"wp:attachment":[{"href":"https:\/\/elregionaldigital.info\/index.php?rest_route=%2Fwp%2Fv2%2Fmedia&parent=1767"}],"wp:term":[{"taxonomy":"category","embeddable":true,"href":"https:\/\/elregionaldigital.info\/index.php?rest_route=%2Fwp%2Fv2%2Fcategories&post=1767"},{"taxonomy":"post_tag","embeddable":true,"href":"https:\/\/elregionaldigital.info\/index.php?rest_route=%2Fwp%2Fv2%2Ftags&post=1767"}],"curies":[{"name":"wp","href":"https:\/\/api.w.org\/{rel}","templated":true}]}}