{"id":1764,"date":"2023-10-02T16:54:00","date_gmt":"2023-10-02T16:54:00","guid":{"rendered":"http:\/\/elregionaldigital.info\/?p=1764"},"modified":"2023-10-10T04:55:41","modified_gmt":"2023-10-10T04:55:41","slug":"expresa-la-uat-solidaridad-por-las-victimas-de-la-tragedia-en-cd-madero","status":"publish","type":"post","link":"https:\/\/elregionaldigital.info\/?p=1764","title":{"rendered":"Expresa la UAT solidaridad por las v\u00edctimas de la tragedia en Cd.Madero"},"content":{"rendered":"\n<figure class=\"wp-block-image size-large\"><img loading=\"lazy\" decoding=\"async\" width=\"1024\" height=\"682\" src=\"http:\/\/elregionaldigital.info\/wp-content\/uploads\/2023\/10\/5-5-1024x682.jpg\" alt=\"\" class=\"wp-image-1765\" srcset=\"https:\/\/elregionaldigital.info\/wp-content\/uploads\/2023\/10\/5-5-1024x682.jpg 1024w, https:\/\/elregionaldigital.info\/wp-content\/uploads\/2023\/10\/5-5-300x200.jpg 300w, https:\/\/elregionaldigital.info\/wp-content\/uploads\/2023\/10\/5-5-768x512.jpg 768w, https:\/\/elregionaldigital.info\/wp-content\/uploads\/2023\/10\/5-5.jpg 1280w\" sizes=\"auto, (max-width: 1024px) 100vw, 1024px\" \/><\/figure>\n\n\n\n<p>Ciudad Victoria, Tam.; 2 de octubre de 2023.<br>Expresa la UAT solidaridad por las v\u00edctimas de la tragedia en Cd.Madero<\/p>\n\n\n\n<p><\/p>\n\n\n\n<p>Al presidir en el campus Victoria la ceremonia de honores a la bandera nacional, el<br>C.P. Guillermo Mendoza Cavazos, rector de la Universidad Aut\u00f3noma de<br>Tamaulipas (UAT), expres\u00f3 el mensaje de solidaridad de la comunidad<br>universitaria con las familias afectadas por el tr\u00e1gico acontecimiento en la iglesia<br>de la Santa Cruz en Ciudad Madero.<br>Durante el acto de honores a los s\u00edmbolos patrios efectuado este 2 de<br>octubre en la plazoleta c\u00edvica del Centro Universitario de Victoria, el rector<br>Guillermo Mendoza invit\u00f3 a los asistentes guardar un minuto de silencio como<br>muestra de respeto y solidaridad con las familias.<br>\u201cLes enviamos nuestras m\u00e1s profundas condolencias, les hacemos saber<br>que estamos con ustedes en estos momentos dif\u00edciles; todo el claustro docente,<br>alumnos y trabajadores universitarios hacemos patente nuestra solidaridad en este<br>momento de duelo\u201d, dijo el rector.<br>En ese contexto, reconoci\u00f3 al gobernador Dr. Am\u00e9rico Villarreal Anaya por<br>su labor a cargo de la supervisi\u00f3n y coordinaci\u00f3n de los trabajos de protecci\u00f3n civil<br>y los servicios de salud de Tamaulipas, as\u00ed como de los esfuerzos con las<br>autoridades municipales, militares y de la marina.<br>Refiri\u00f3 que la UAT se sum\u00f3 a las labores que coordina el gobernador,<br>mediante la colaboraci\u00f3n de los equipos de protecci\u00f3n civil del Campus<br>Universitario Sur, y con el equipo de reciente creaci\u00f3n \u201cK9\u201d de caninos de<br>b\u00fasqueda y rescate de la Facultad de Medicina Veterinaria y Zootecnia.<br>Al continuar con su intervenci\u00f3n, el contador p\u00fablico Guillermo Mendoza<br>recalc\u00f3 la importancia de inculcar en los estudiantes los valores c\u00edvicos, tras<\/p>\n\n\n\n<p>se\u00f1alar que la UAT es una instituci\u00f3n que entiende que la educaci\u00f3n no solo se<br>trata de los conocimientos acad\u00e9micos, sino de la formaci\u00f3n integral de seres<br>humanos y ciudadanos comprometidos con su comunidad y con su pa\u00eds.<br>En el evento c\u00edvico, organizado por la Unidad Acad\u00e9mica de Trabajo Social<br>y Ciencias para el Desarrollo Humano (UATSCDH), se llev\u00f3 a cabo el izamiento<br>del l\u00e1baro patrio y la entonaci\u00f3n del himno nacional mexicano; as\u00ed como tambi\u00e9n<br>se rindi\u00f3 homenaje al escudo de Tamaulipas y al escudo de la UAT, con la<br>asistencia de estudiantes, docentes y titulares de las diferentes dependencias<br>acad\u00e9micas y administrativas de esta casa de estudios.<br>En el desarrollo de la ceremonia se cont\u00f3 con la participaci\u00f3n de la Dra.<br>Guillermina de la Cruz Jim\u00e9nez God\u00ednez, directora de la UATSCDH, quien dirigi\u00f3<br>un mensaje por parte del plantel universitario.<br>De igual manera, participaron: el Lic. Janitzio Uriel Salazar Mar\u00edn, alumno<br>de la Maestr\u00eda en Ciencias en Orientaci\u00f3n de Trabajo Social, quien dirigi\u00f3 la<br>entonaci\u00f3n del himno nacional; del alumno de la carrera de Psicolog\u00eda, Jes\u00fas<br>Gabriel Puga Hern\u00e1ndez, que hizo el juramento a la bandera; en tanto que la<br>lectura de las efem\u00e9rides y fechas importantes nacionales y estatales estuvo a<br>cargo de Kkrytzell Amairani Quevedo Saucedo y Jorge Mart\u00ednez Perales,<br>estudiantes de las licenciaturas de Psicolog\u00eda y Nutrici\u00f3n, respectivamente.<\/p>\n","protected":false},"excerpt":{"rendered":"<p>Ciudad Victoria, Tam.; 2 de octubre de 2023.Expresa la UAT solidaridad por las v\u00edctimas de la tragedia en Cd.Madero Al presidir en el campus Victoria la ceremonia de honores a la bandera nacional, elC.P. Guillermo Mendoza Cavazos, rector de la Universidad Aut\u00f3noma deTamaulipas (UAT), expres\u00f3 el mensaje de solidaridad de la comunidaduniversitaria con las familias [&hellip;]<\/p>\n","protected":false},"author":1,"featured_media":1765,"comment_status":"open","ping_status":"open","sticky":false,"template":"","format":"standard","meta":{"footnotes":""},"categories":[4],"tags":[],"class_list":["post-1764","post","type-post","status-publish","format-standard","has-post-thumbnail","hentry","category-universidades"],"blog_post_layout_featured_media_urls":{"thumbnail":["https:\/\/elregionaldigital.info\/wp-content\/uploads\/2023\/10\/5-5-150x150.jpg",150,150,true],"full":["https:\/\/elregionaldigital.info\/wp-content\/uploads\/2023\/10\/5-5.jpg",1280,853,false]},"categories_names":{"4":{"name":"Universidades","link":"https:\/\/elregionaldigital.info\/?cat=4"}},"tags_names":[],"comments_number":"0","wpmagazine_modules_lite_featured_media_urls":{"thumbnail":["https:\/\/elregionaldigital.info\/wp-content\/uploads\/2023\/10\/5-5-150x150.jpg",150,150,true],"cvmm-medium":["https:\/\/elregionaldigital.info\/wp-content\/uploads\/2023\/10\/5-5-300x300.jpg",300,300,true],"cvmm-medium-plus":["https:\/\/elregionaldigital.info\/wp-content\/uploads\/2023\/10\/5-5-305x207.jpg",305,207,true],"cvmm-portrait":["https:\/\/elregionaldigital.info\/wp-content\/uploads\/2023\/10\/5-5-400x600.jpg",400,600,true],"cvmm-medium-square":["https:\/\/elregionaldigital.info\/wp-content\/uploads\/2023\/10\/5-5-600x600.jpg",600,600,true],"cvmm-large":["https:\/\/elregionaldigital.info\/wp-content\/uploads\/2023\/10\/5-5-1024x853.jpg",1024,853,true],"cvmm-small":["https:\/\/elregionaldigital.info\/wp-content\/uploads\/2023\/10\/5-5-130x95.jpg",130,95,true],"full":["https:\/\/elregionaldigital.info\/wp-content\/uploads\/2023\/10\/5-5.jpg",1280,853,false]},"_links":{"self":[{"href":"https:\/\/elregionaldigital.info\/index.php?rest_route=\/wp\/v2\/posts\/1764","targetHints":{"allow":["GET"]}}],"collection":[{"href":"https:\/\/elregionaldigital.info\/index.php?rest_route=\/wp\/v2\/posts"}],"about":[{"href":"https:\/\/elregionaldigital.info\/index.php?rest_route=\/wp\/v2\/types\/post"}],"author":[{"embeddable":true,"href":"https:\/\/elregionaldigital.info\/index.php?rest_route=\/wp\/v2\/users\/1"}],"replies":[{"embeddable":true,"href":"https:\/\/elregionaldigital.info\/index.php?rest_route=%2Fwp%2Fv2%2Fcomments&post=1764"}],"version-history":[{"count":1,"href":"https:\/\/elregionaldigital.info\/index.php?rest_route=\/wp\/v2\/posts\/1764\/revisions"}],"predecessor-version":[{"id":1766,"href":"https:\/\/elregionaldigital.info\/index.php?rest_route=\/wp\/v2\/posts\/1764\/revisions\/1766"}],"wp:featuredmedia":[{"embeddable":true,"href":"https:\/\/elregionaldigital.info\/index.php?rest_route=\/wp\/v2\/media\/1765"}],"wp:attachment":[{"href":"https:\/\/elregionaldigital.info\/index.php?rest_route=%2Fwp%2Fv2%2Fmedia&parent=1764"}],"wp:term":[{"taxonomy":"category","embeddable":true,"href":"https:\/\/elregionaldigital.info\/index.php?rest_route=%2Fwp%2Fv2%2Fcategories&post=1764"},{"taxonomy":"post_tag","embeddable":true,"href":"https:\/\/elregionaldigital.info\/index.php?rest_route=%2Fwp%2Fv2%2Ftags&post=1764"}],"curies":[{"name":"wp","href":"https:\/\/api.w.org\/{rel}","templated":true}]}}