{"id":1761,"date":"2023-10-01T16:49:00","date_gmt":"2023-10-01T16:49:00","guid":{"rendered":"http:\/\/elregionaldigital.info\/?p=1761"},"modified":"2023-10-10T04:53:02","modified_gmt":"2023-10-10T04:53:02","slug":"en-la-uat-seguimos-abriendo-espacios-de-fomento-a-la-lectura-rector","status":"publish","type":"post","link":"https:\/\/elregionaldigital.info\/?p=1761","title":{"rendered":"En la UAT seguimos abriendo espacios de fomento a la lectura: rector"},"content":{"rendered":"\n<figure class=\"wp-block-image size-large\"><img loading=\"lazy\" decoding=\"async\" width=\"1024\" height=\"682\" src=\"http:\/\/elregionaldigital.info\/wp-content\/uploads\/2023\/10\/3-1-1024x682.jpg\" alt=\"\" class=\"wp-image-1762\" srcset=\"https:\/\/elregionaldigital.info\/wp-content\/uploads\/2023\/10\/3-1-1024x682.jpg 1024w, https:\/\/elregionaldigital.info\/wp-content\/uploads\/2023\/10\/3-1-300x200.jpg 300w, https:\/\/elregionaldigital.info\/wp-content\/uploads\/2023\/10\/3-1-768x512.jpg 768w, https:\/\/elregionaldigital.info\/wp-content\/uploads\/2023\/10\/3-1.jpg 1280w\" sizes=\"auto, (max-width: 1024px) 100vw, 1024px\" \/><\/figure>\n\n\n\n<p>Ciudad Victoria, Tam.; 1 de octubre de 2023.<\/p>\n\n\n\n<p>En la UAT seguimos abriendo espacios de fomento a la lectura:<\/p>\n\n\n\n<p>rector<\/p>\n\n\n\n<p>Al inaugurar el Programa Universitario de Fomento a la Lectura, el rector C.P.<br>Guillermo Mendoza Cavazos, asever\u00f3 que la Universidad Aut\u00f3noma de<br>Tamaulipas (UAT) seguir\u00e1 buscando mayores espacios para fomentar la lectura<br>entre todos los universitarios.<br>En evento realizado en el auditorio del Centro de Excelencia del Campus<br>Victoria, el rector Guillermo Mendoza inici\u00f3 las actividades mediante la firma de un<br>acuerdo con el director de la Red de Librer\u00edas EDUCAL, Fritz Glockner, y presidi\u00f3<br>la instalaci\u00f3n del Comit\u00e9 Universitario de Fomento a la Lectura.<br>En su mensaje, destac\u00f3 que este programa se ha generado en el marco de<br>las actividades de la Feria Universitaria del Libro (FUL UAT), cuya actividad tiene<br>como gran aliado al escritor e historiador Fritz Glockner, para desarrollar un<br>importante esfuerzo de promoci\u00f3n de la lectura.<br>Sostuvo que la idea de contar con un programa permanente de fomento a la<br>lectura es generar ese amor hacia un h\u00e1bito que es muy importante para el<br>desarrollo intelectual de cualquier persona. Indic\u00f3 que, adem\u00e1s de buscar inducir a<br>los estudiantes en esta din\u00e1mica, es algo que tambi\u00e9n se pretende extender a la<br>poblaci\u00f3n en general.<br>En ese contexto, dijo que el programa estar\u00e1 todo el a\u00f1o en forma<br>permanente, a trav\u00e9s de talleres con expertos que lo imparten en diferentes<br>plataformas.<\/p>\n\n\n\n<p>\u201cQueremos que sea una filosof\u00eda habitual de la UAT estar siempre<br>buscando el fomento a la lectura, porque sabemos que es tan valioso para nuestra<br>poblaci\u00f3n\u201d, asent\u00f3.<br>Por su parte, Fritz Glockner agradeci\u00f3 al rector la oportunidad de colaborar<br>en estos esfuerzos, y expres\u00f3 su benepl\u00e1cito por esta iniciativa de la UAT: \u201cLa<br>lectura es una fiesta m\u00e1s all\u00e1 de lo acad\u00e9mico, m\u00e1s all\u00e1 del conocimiento, m\u00e1s<br>all\u00e1 de la obligatoriedad de la palabra impresa y lo convierta en eso, en el placer,<br>en la fiesta, es un deleite\u201d, a\u00f1adi\u00f3.<br>Durante el evento, el Mtro. Mauricio Pimentel Torres, secretario de<br>Vinculaci\u00f3n, expuso los motivos del acuerdo realizado con la Red de Librer\u00edas<br>EDUCAL, y subray\u00f3 la oportunidad de concretar este proyecto derivado de la Feria<br>Universitaria del Libro que organiza la UAT en las sedes de Victoria, Tampico,<br>Reynosa y Nuevo Laredo.<br>El Comit\u00e9 Universitario de Fomento a la Lectura est\u00e1 integrado por<br>autoridades universitarias y representantes de cada facultad, unidad acad\u00e9mica y<br>escuela, y, dentro de sus primeras actividades, se program\u00f3 un taller de<br>capacitaci\u00f3n impartido por el escritor Fritz Glockner y la Mtra. Cecilia M\u00e1rquez<br>Rojas, especialista en promoci\u00f3n de la lectura.<br>En la firma del acuerdo estuvieron tambi\u00e9n, la secretaria acad\u00e9mica de la<br>UAT, Dra. Rosa Issel Acosta Gonz\u00e1lez y el Dr. Venancio Vanoye Eligio,<br>representante de la secretaria de Investigaci\u00f3n y Posgrado, Dra. Mariana Zer\u00f3n<br>F\u00e9lix.<\/p>\n","protected":false},"excerpt":{"rendered":"<p>Ciudad Victoria, Tam.; 1 de octubre de 2023. En la UAT seguimos abriendo espacios de fomento a la lectura: rector Al inaugurar el Programa Universitario de Fomento a la Lectura, el rector C.P.Guillermo Mendoza Cavazos, asever\u00f3 que la Universidad Aut\u00f3noma deTamaulipas (UAT) seguir\u00e1 buscando mayores espacios para fomentar la lecturaentre todos los universitarios.En evento realizado [&hellip;]<\/p>\n","protected":false},"author":1,"featured_media":1762,"comment_status":"open","ping_status":"open","sticky":false,"template":"","format":"standard","meta":{"footnotes":""},"categories":[4],"tags":[],"class_list":["post-1761","post","type-post","status-publish","format-standard","has-post-thumbnail","hentry","category-universidades"],"blog_post_layout_featured_media_urls":{"thumbnail":["https:\/\/elregionaldigital.info\/wp-content\/uploads\/2023\/10\/3-1-150x150.jpg",150,150,true],"full":["https:\/\/elregionaldigital.info\/wp-content\/uploads\/2023\/10\/3-1.jpg",1280,853,false]},"categories_names":{"4":{"name":"Universidades","link":"https:\/\/elregionaldigital.info\/?cat=4"}},"tags_names":[],"comments_number":"0","wpmagazine_modules_lite_featured_media_urls":{"thumbnail":["https:\/\/elregionaldigital.info\/wp-content\/uploads\/2023\/10\/3-1-150x150.jpg",150,150,true],"cvmm-medium":["https:\/\/elregionaldigital.info\/wp-content\/uploads\/2023\/10\/3-1-300x300.jpg",300,300,true],"cvmm-medium-plus":["https:\/\/elregionaldigital.info\/wp-content\/uploads\/2023\/10\/3-1-305x207.jpg",305,207,true],"cvmm-portrait":["https:\/\/elregionaldigital.info\/wp-content\/uploads\/2023\/10\/3-1-400x600.jpg",400,600,true],"cvmm-medium-square":["https:\/\/elregionaldigital.info\/wp-content\/uploads\/2023\/10\/3-1-600x600.jpg",600,600,true],"cvmm-large":["https:\/\/elregionaldigital.info\/wp-content\/uploads\/2023\/10\/3-1-1024x853.jpg",1024,853,true],"cvmm-small":["https:\/\/elregionaldigital.info\/wp-content\/uploads\/2023\/10\/3-1-130x95.jpg",130,95,true],"full":["https:\/\/elregionaldigital.info\/wp-content\/uploads\/2023\/10\/3-1.jpg",1280,853,false]},"_links":{"self":[{"href":"https:\/\/elregionaldigital.info\/index.php?rest_route=\/wp\/v2\/posts\/1761","targetHints":{"allow":["GET"]}}],"collection":[{"href":"https:\/\/elregionaldigital.info\/index.php?rest_route=\/wp\/v2\/posts"}],"about":[{"href":"https:\/\/elregionaldigital.info\/index.php?rest_route=\/wp\/v2\/types\/post"}],"author":[{"embeddable":true,"href":"https:\/\/elregionaldigital.info\/index.php?rest_route=\/wp\/v2\/users\/1"}],"replies":[{"embeddable":true,"href":"https:\/\/elregionaldigital.info\/index.php?rest_route=%2Fwp%2Fv2%2Fcomments&post=1761"}],"version-history":[{"count":1,"href":"https:\/\/elregionaldigital.info\/index.php?rest_route=\/wp\/v2\/posts\/1761\/revisions"}],"predecessor-version":[{"id":1763,"href":"https:\/\/elregionaldigital.info\/index.php?rest_route=\/wp\/v2\/posts\/1761\/revisions\/1763"}],"wp:featuredmedia":[{"embeddable":true,"href":"https:\/\/elregionaldigital.info\/index.php?rest_route=\/wp\/v2\/media\/1762"}],"wp:attachment":[{"href":"https:\/\/elregionaldigital.info\/index.php?rest_route=%2Fwp%2Fv2%2Fmedia&parent=1761"}],"wp:term":[{"taxonomy":"category","embeddable":true,"href":"https:\/\/elregionaldigital.info\/index.php?rest_route=%2Fwp%2Fv2%2Fcategories&post=1761"},{"taxonomy":"post_tag","embeddable":true,"href":"https:\/\/elregionaldigital.info\/index.php?rest_route=%2Fwp%2Fv2%2Ftags&post=1761"}],"curies":[{"name":"wp","href":"https:\/\/api.w.org\/{rel}","templated":true}]}}