{"id":1749,"date":"2023-09-27T16:23:00","date_gmt":"2023-09-27T16:23:00","guid":{"rendered":"http:\/\/elregionaldigital.info\/?p=1749"},"modified":"2023-10-10T04:27:39","modified_gmt":"2023-10-10T04:27:39","slug":"migrantes-aprovechan-reparacion-del-muro-fronterizo-y-pasan-a-estados-unidos","status":"publish","type":"post","link":"https:\/\/elregionaldigital.info\/?p=1749","title":{"rendered":"Migrantes aprovechan reparaci\u00f3n del muro fronterizo y pasan a Estados Unidos"},"content":{"rendered":"\n<figure class=\"wp-block-image size-full\"><img loading=\"lazy\" decoding=\"async\" width=\"770\" height=\"485\" src=\"http:\/\/elregionaldigital.info\/wp-content\/uploads\/2023\/10\/rs305454_3077670-age-2018-07-23-18-51-56-scr_crop1695786958118.jpg_1970638775.webp\" alt=\"\" class=\"wp-image-1750\" srcset=\"https:\/\/elregionaldigital.info\/wp-content\/uploads\/2023\/10\/rs305454_3077670-age-2018-07-23-18-51-56-scr_crop1695786958118.jpg_1970638775.webp 770w, https:\/\/elregionaldigital.info\/wp-content\/uploads\/2023\/10\/rs305454_3077670-age-2018-07-23-18-51-56-scr_crop1695786958118.jpg_1970638775-300x189.webp 300w, https:\/\/elregionaldigital.info\/wp-content\/uploads\/2023\/10\/rs305454_3077670-age-2018-07-23-18-51-56-scr_crop1695786958118.jpg_1970638775-768x484.webp 768w\" sizes=\"auto, (max-width: 770px) 100vw, 770px\" \/><\/figure>\n\n\n\n<p>En el video es posible observar c\u00f3mo los obreros no intervinieron y s\u00f3lo observaron la escena<\/p>\n\n\n\n<p><strong>El muro divisorio entre Tijuana y San Diego<\/strong>, California, Estados Unidos,&nbsp;<strong>se encuentra en reparaci\u00f3n<\/strong>&nbsp;por lo que un grupo de migrantes e incluso un perrito que los acompa\u00f1aba, aprovecharon para cruzar.<\/p>\n\n\n\n<p>Trabajadores de la obra\u00a0hab\u00edan colocado una reja como medida temporal, sin embargo\u00a0esta colaps\u00f3\u00a0y fue ah\u00ed cuando las familias aprovecharon y cruzaron corriendo.\u00a0Los obreros no intervinieron y s\u00f3lo observaron la escena.<\/p>\n\n\n\n<p>En las im\u00e1genes&nbsp;tambi\u00e9n qued\u00f3 capturado el momento en el que&nbsp;un perro se lanz\u00f3 detr\u00e1s y acompa\u00f1\u00f3 a los migrantes.<\/p>\n\n\n\n<p>Desde hace unas semanas el cruce de migrantes que brincan el muro increment\u00f3 nuevamente, en el caso de Tijuana el \u00e1rea de Playas de Tijuana es una de las principales rutas.&nbsp;<strong>La semana pasada fueron rescatados en el mar dos personas que intentaron cruzar.<\/strong><\/p>\n","protected":false},"excerpt":{"rendered":"<p>En el video es posible observar c\u00f3mo los obreros no intervinieron y s\u00f3lo observaron la escena El muro divisorio entre Tijuana y San Diego, California, Estados Unidos,&nbsp;se encuentra en reparaci\u00f3n&nbsp;por lo que un grupo de migrantes e incluso un perrito que los acompa\u00f1aba, aprovecharon para cruzar. Trabajadores de la obra\u00a0hab\u00edan colocado una reja como medida [&hellip;]<\/p>\n","protected":false},"author":1,"featured_media":1750,"comment_status":"open","ping_status":"open","sticky":false,"template":"","format":"standard","meta":{"footnotes":""},"categories":[11],"tags":[],"class_list":["post-1749","post","type-post","status-publish","format-standard","has-post-thumbnail","hentry","category-mundo"],"blog_post_layout_featured_media_urls":{"thumbnail":["https:\/\/elregionaldigital.info\/wp-content\/uploads\/2023\/10\/rs305454_3077670-age-2018-07-23-18-51-56-scr_crop1695786958118.jpg_1970638775-150x150.webp",150,150,true],"full":["https:\/\/elregionaldigital.info\/wp-content\/uploads\/2023\/10\/rs305454_3077670-age-2018-07-23-18-51-56-scr_crop1695786958118.jpg_1970638775.webp",770,485,false]},"categories_names":{"11":{"name":"Mundo","link":"https:\/\/elregionaldigital.info\/?cat=11"}},"tags_names":[],"comments_number":"0","wpmagazine_modules_lite_featured_media_urls":{"thumbnail":["https:\/\/elregionaldigital.info\/wp-content\/uploads\/2023\/10\/rs305454_3077670-age-2018-07-23-18-51-56-scr_crop1695786958118.jpg_1970638775-150x150.webp",150,150,true],"cvmm-medium":["https:\/\/elregionaldigital.info\/wp-content\/uploads\/2023\/10\/rs305454_3077670-age-2018-07-23-18-51-56-scr_crop1695786958118.jpg_1970638775-300x300.webp",300,300,true],"cvmm-medium-plus":["https:\/\/elregionaldigital.info\/wp-content\/uploads\/2023\/10\/rs305454_3077670-age-2018-07-23-18-51-56-scr_crop1695786958118.jpg_1970638775-305x207.webp",305,207,true],"cvmm-portrait":["https:\/\/elregionaldigital.info\/wp-content\/uploads\/2023\/10\/rs305454_3077670-age-2018-07-23-18-51-56-scr_crop1695786958118.jpg_1970638775-400x485.webp",400,485,true],"cvmm-medium-square":["https:\/\/elregionaldigital.info\/wp-content\/uploads\/2023\/10\/rs305454_3077670-age-2018-07-23-18-51-56-scr_crop1695786958118.jpg_1970638775-600x485.webp",600,485,true],"cvmm-large":["https:\/\/elregionaldigital.info\/wp-content\/uploads\/2023\/10\/rs305454_3077670-age-2018-07-23-18-51-56-scr_crop1695786958118.jpg_1970638775.webp",770,485,false],"cvmm-small":["https:\/\/elregionaldigital.info\/wp-content\/uploads\/2023\/10\/rs305454_3077670-age-2018-07-23-18-51-56-scr_crop1695786958118.jpg_1970638775-130x95.webp",130,95,true],"full":["https:\/\/elregionaldigital.info\/wp-content\/uploads\/2023\/10\/rs305454_3077670-age-2018-07-23-18-51-56-scr_crop1695786958118.jpg_1970638775.webp",770,485,false]},"_links":{"self":[{"href":"https:\/\/elregionaldigital.info\/index.php?rest_route=\/wp\/v2\/posts\/1749","targetHints":{"allow":["GET"]}}],"collection":[{"href":"https:\/\/elregionaldigital.info\/index.php?rest_route=\/wp\/v2\/posts"}],"about":[{"href":"https:\/\/elregionaldigital.info\/index.php?rest_route=\/wp\/v2\/types\/post"}],"author":[{"embeddable":true,"href":"https:\/\/elregionaldigital.info\/index.php?rest_route=\/wp\/v2\/users\/1"}],"replies":[{"embeddable":true,"href":"https:\/\/elregionaldigital.info\/index.php?rest_route=%2Fwp%2Fv2%2Fcomments&post=1749"}],"version-history":[{"count":1,"href":"https:\/\/elregionaldigital.info\/index.php?rest_route=\/wp\/v2\/posts\/1749\/revisions"}],"predecessor-version":[{"id":1751,"href":"https:\/\/elregionaldigital.info\/index.php?rest_route=\/wp\/v2\/posts\/1749\/revisions\/1751"}],"wp:featuredmedia":[{"embeddable":true,"href":"https:\/\/elregionaldigital.info\/index.php?rest_route=\/wp\/v2\/media\/1750"}],"wp:attachment":[{"href":"https:\/\/elregionaldigital.info\/index.php?rest_route=%2Fwp%2Fv2%2Fmedia&parent=1749"}],"wp:term":[{"taxonomy":"category","embeddable":true,"href":"https:\/\/elregionaldigital.info\/index.php?rest_route=%2Fwp%2Fv2%2Fcategories&post=1749"},{"taxonomy":"post_tag","embeddable":true,"href":"https:\/\/elregionaldigital.info\/index.php?rest_route=%2Fwp%2Fv2%2Ftags&post=1749"}],"curies":[{"name":"wp","href":"https:\/\/api.w.org\/{rel}","templated":true}]}}