{"id":1745,"date":"2023-09-26T06:37:46","date_gmt":"2023-09-26T06:37:46","guid":{"rendered":"http:\/\/elregionaldigital.info\/?p=1745"},"modified":"2023-09-26T06:37:47","modified_gmt":"2023-09-26T06:37:47","slug":"este-martes-se-decide-la-forma-de-recuperar-clases-en-escuelas-que-pararon-labores","status":"publish","type":"post","link":"https:\/\/elregionaldigital.info\/?p=1745","title":{"rendered":"Este martes se decide la forma de recuperar clases en escuelas que pararon labores"},"content":{"rendered":"\n<figure class=\"wp-block-image size-full\"><img loading=\"lazy\" decoding=\"async\" width=\"581\" height=\"450\" src=\"http:\/\/elregionaldigital.info\/wp-content\/uploads\/2023\/09\/lucia-aime.webp\" alt=\"\" class=\"wp-image-1746\" srcset=\"https:\/\/elregionaldigital.info\/wp-content\/uploads\/2023\/09\/lucia-aime.webp 581w, https:\/\/elregionaldigital.info\/wp-content\/uploads\/2023\/09\/lucia-aime-300x232.webp 300w\" sizes=\"auto, (max-width: 581px) 100vw, 581px\" \/><\/figure>\n\n\n\n<p>Debido a que no todas las escuelas suspendieron el servicio educativo todos los d\u00edas que dur\u00f3 el paro de labores de&nbsp;&nbsp;una parte de los maestros de la Secci\u00f3n 30, y muchas otras lo interrumpieron parcialmente,&nbsp;&nbsp;se tendr\u00e1 que hacer un programa de recuperaci\u00f3n de clases diferente, adelant\u00f3&nbsp;&nbsp;la titular de la Secretar\u00eda de Educaci\u00f3n del Estado, (SET) Lucia Aim\u00e9 Castillo Pastor.<\/p>\n\n\n\n<p>Para tal efecto, este martes se reunir\u00e1 toda la estructura educativa, para determinar, por cada comunidad escolar, las caracter\u00edsticas que van a implementar para la recuperaci\u00f3n de clases<\/p>\n\n\n\n<p>Aunque&nbsp;&nbsp;hay una estrategia integral de recuperaci\u00f3n y de atenci\u00f3n al proceso educativo, reiter\u00f3, es preciso aclarar que no todas las escuelas suspendieron todos los d\u00edas, no todas suspendieron todos los grados y grupos, por lo que se tiene primero que partir de&nbsp;&nbsp;un diagn\u00f3stico para recuperar los d\u00edas perdidos.<\/p>\n\n\n\n<p>\u201cEs una una reuni\u00f3n con toda la estructura educativa, ll\u00e1mese supervisores, jefes de sector, que se tiene programada para la preparaci\u00f3n&nbsp;&nbsp;de lo que permitir\u00e1 en cada consejo escolar determinar a partir de los d\u00edas que suspendieron, porque no todas las escuelas suspendieron todos los d\u00edas, no todas suspendieron todos los grados y grupos y, a partir de este diagn\u00f3stico de cada una establecer que d\u00edas se podr\u00e1n recuperara las clases\u201d.<\/p>\n\n\n\n<p>La titular de la Educaci\u00f3n, puntualiz\u00f3 que una vez que se re\u00fana toda la estructura educativa, se lograr\u00e1 que&nbsp;&nbsp;cada consejo escolar determine a partir de los d\u00edas que suspendieron, la estrategia de recuperaci\u00f3n.<\/p>\n\n\n\n<p>\u201cNo se ha determinado esto, creo que importante decir que el martes tenemos una reuni\u00f3n de preparaci\u00f3n del consejo t\u00e9cnico escolar, el primero de este ciclo escolar como consejo t\u00e9cnico es el pr\u00f3ximo viernes y esto va a permitir que determinemos por cada comunidad escolar las caracter\u00edsticas que van a implementar para la recuperaci\u00f3n, hay una estrategia integral de recuperaci\u00f3n y de atenci\u00f3n al proceso educativo no solamente de los aprendizajes fundamentales, sino el impacto que tendr\u00e1 la parte de formaci\u00f3n de docentes y figuras educativas, la parte de atenci\u00f3n socioemocional en las comunidades escolares y la parte de aprendizaje fundamentales\u201d.<\/p>\n\n\n\n<p>Castillo Pastor coment\u00f3 adem\u00e1s que hay una gran cantidad de materiales que se han desarrollado para el enfoque, para aprendizaje fundamentales de matem\u00e1ticas, lectura y escritura, pero adicionalmente toda una serie de talleres que van a permitir fortalecer la estructura de alineaci\u00f3n entre los planes anal\u00edticos que hacen cada una de las escuelas con y con cada uno de los maestros en sus grados y grupos para que logren recuperar a la brevedad el tiempo y los diferentes contenidos que habr\u00eda abordar en los d\u00edas que se dio la suspensi\u00f3n.<\/p>\n","protected":false},"excerpt":{"rendered":"<p>Debido a que no todas las escuelas suspendieron el servicio educativo todos los d\u00edas que dur\u00f3 el paro de labores de&nbsp;&nbsp;una parte de los maestros de la Secci\u00f3n 30, y muchas otras lo interrumpieron parcialmente,&nbsp;&nbsp;se tendr\u00e1 que hacer un programa de recuperaci\u00f3n de clases diferente, adelant\u00f3&nbsp;&nbsp;la titular de la Secretar\u00eda de Educaci\u00f3n del Estado, (SET) [&hellip;]<\/p>\n","protected":false},"author":1,"featured_media":1746,"comment_status":"open","ping_status":"open","sticky":false,"template":"","format":"standard","meta":{"footnotes":""},"categories":[2],"tags":[],"class_list":["post-1745","post","type-post","status-publish","format-standard","has-post-thumbnail","hentry","category-tamaulipas"],"blog_post_layout_featured_media_urls":{"thumbnail":["https:\/\/elregionaldigital.info\/wp-content\/uploads\/2023\/09\/lucia-aime-150x150.webp",150,150,true],"full":["https:\/\/elregionaldigital.info\/wp-content\/uploads\/2023\/09\/lucia-aime.webp",581,450,false]},"categories_names":{"2":{"name":"Tamaulipas","link":"https:\/\/elregionaldigital.info\/?cat=2"}},"tags_names":[],"comments_number":"0","wpmagazine_modules_lite_featured_media_urls":{"thumbnail":["https:\/\/elregionaldigital.info\/wp-content\/uploads\/2023\/09\/lucia-aime-150x150.webp",150,150,true],"cvmm-medium":["https:\/\/elregionaldigital.info\/wp-content\/uploads\/2023\/09\/lucia-aime-300x300.webp",300,300,true],"cvmm-medium-plus":["https:\/\/elregionaldigital.info\/wp-content\/uploads\/2023\/09\/lucia-aime-305x207.webp",305,207,true],"cvmm-portrait":["https:\/\/elregionaldigital.info\/wp-content\/uploads\/2023\/09\/lucia-aime-400x450.webp",400,450,true],"cvmm-medium-square":["https:\/\/elregionaldigital.info\/wp-content\/uploads\/2023\/09\/lucia-aime.webp",581,450,false],"cvmm-large":["https:\/\/elregionaldigital.info\/wp-content\/uploads\/2023\/09\/lucia-aime.webp",581,450,false],"cvmm-small":["https:\/\/elregionaldigital.info\/wp-content\/uploads\/2023\/09\/lucia-aime-130x95.webp",130,95,true],"full":["https:\/\/elregionaldigital.info\/wp-content\/uploads\/2023\/09\/lucia-aime.webp",581,450,false]},"_links":{"self":[{"href":"https:\/\/elregionaldigital.info\/index.php?rest_route=\/wp\/v2\/posts\/1745","targetHints":{"allow":["GET"]}}],"collection":[{"href":"https:\/\/elregionaldigital.info\/index.php?rest_route=\/wp\/v2\/posts"}],"about":[{"href":"https:\/\/elregionaldigital.info\/index.php?rest_route=\/wp\/v2\/types\/post"}],"author":[{"embeddable":true,"href":"https:\/\/elregionaldigital.info\/index.php?rest_route=\/wp\/v2\/users\/1"}],"replies":[{"embeddable":true,"href":"https:\/\/elregionaldigital.info\/index.php?rest_route=%2Fwp%2Fv2%2Fcomments&post=1745"}],"version-history":[{"count":1,"href":"https:\/\/elregionaldigital.info\/index.php?rest_route=\/wp\/v2\/posts\/1745\/revisions"}],"predecessor-version":[{"id":1747,"href":"https:\/\/elregionaldigital.info\/index.php?rest_route=\/wp\/v2\/posts\/1745\/revisions\/1747"}],"wp:featuredmedia":[{"embeddable":true,"href":"https:\/\/elregionaldigital.info\/index.php?rest_route=\/wp\/v2\/media\/1746"}],"wp:attachment":[{"href":"https:\/\/elregionaldigital.info\/index.php?rest_route=%2Fwp%2Fv2%2Fmedia&parent=1745"}],"wp:term":[{"taxonomy":"category","embeddable":true,"href":"https:\/\/elregionaldigital.info\/index.php?rest_route=%2Fwp%2Fv2%2Fcategories&post=1745"},{"taxonomy":"post_tag","embeddable":true,"href":"https:\/\/elregionaldigital.info\/index.php?rest_route=%2Fwp%2Fv2%2Ftags&post=1745"}],"curies":[{"name":"wp","href":"https:\/\/api.w.org\/{rel}","templated":true}]}}