{"id":1741,"date":"2023-09-25T18:31:00","date_gmt":"2023-09-25T18:31:00","guid":{"rendered":"http:\/\/elregionaldigital.info\/?p=1741"},"modified":"2023-09-26T06:34:43","modified_gmt":"2023-09-26T06:34:43","slug":"realiza-la-uat-eventos-de-difusion-cientifica-dia-de-la-investigacion-2023","status":"publish","type":"post","link":"https:\/\/elregionaldigital.info\/?p=1741","title":{"rendered":"Realiza la UAT eventos de difusi\u00f3n cient\u00edfica \u201cD\u00eda de la Investigaci\u00f3n 2023\u201d"},"content":{"rendered":"\n<figure class=\"wp-block-image size-large\"><img loading=\"lazy\" decoding=\"async\" width=\"1024\" height=\"682\" src=\"http:\/\/elregionaldigital.info\/wp-content\/uploads\/2023\/09\/8-1024x682.jpg\" alt=\"\" class=\"wp-image-1742\" srcset=\"https:\/\/elregionaldigital.info\/wp-content\/uploads\/2023\/09\/8-1024x682.jpg 1024w, https:\/\/elregionaldigital.info\/wp-content\/uploads\/2023\/09\/8-300x200.jpg 300w, https:\/\/elregionaldigital.info\/wp-content\/uploads\/2023\/09\/8-768x512.jpg 768w, https:\/\/elregionaldigital.info\/wp-content\/uploads\/2023\/09\/8.jpg 1280w\" sizes=\"auto, (max-width: 1024px) 100vw, 1024px\" \/><\/figure>\n\n\n\n<p>Ciudad Victoria, Tam.; 25 de septiembre de 2023.<\/p>\n\n\n\n<p>Realiza la UAT eventos de difusi\u00f3n cient\u00edfica \u201cD\u00eda de la Investigaci\u00f3n 2023\u201d<\/p>\n\n\n\n<p>En cumplimiento a las pol\u00edticas de difusi\u00f3n de la ciencia que impulsa el rector<br>Guillermo Mendoza Cavazos, la Universidad Aut\u00f3noma de Tamaulipas organiz\u00f3<br>los eventos \u201cD\u00eda de la Investigaci\u00f3n UAT 2023\u201d que tuvieron como sede los<br>centros universitarios de Victoria y Tampico.<br>La Secretar\u00eda de Investigaci\u00f3n y Posgrado de la UAT llev\u00f3 a cabo este fin<br>de semana las actividades que tuvieron como prop\u00f3sito dar a conocer a la<br>sociedad, y en especial a ni\u00f1os y j\u00f3venes, el trabajo que realizan los cient\u00edficos de<br>las facultades, unidades acad\u00e9micas, centros e institutos de investigaci\u00f3n de la<br>m\u00e1xima casa de estudios de la entidad.<br>En el \u201cD\u00eda de la Investigaci\u00f3n UAT\u201d, participaron estudiantes de diferentes<br>niveles y planteles educativos de Ciudad Victoria y de la zona sur del estado,<br>quienes tuvieron la oportunidad de interactuar en actividades l\u00fadicas como el<br>marat\u00f3n de conocimientos con tem\u00e1ticas de sustentabilidad.<br>A nombre del rector C.P. Guillermo Mendoza Cavazos, la secretaria de<br>Investigaci\u00f3n y Posgrado, Dra. Mariana Zer\u00f3n F\u00e9lix inaugur\u00f3 las actividades en el<br>Gimnasio Multidisciplinario Victoria, con la asistencia del Dr. Julio Mart\u00ednez<br>Burnes, director del COTACYT y representante de la Mtra. Luc\u00eda Aim\u00e9 Castillo<br>Pastor, secretaria de Educaci\u00f3n en Tamaulipas.<br>En su mensaje de apertura, destac\u00f3 que este evento de divulgaci\u00f3n de la<br>ciencia es importante porque es una forma de mostrar a la sociedad los proyectos<br>de investigaci\u00f3n que se hacen en la universidad.<\/p>\n\n\n\n<p>Subray\u00f3 que el compromiso de la UAT es hacer investigaci\u00f3n que sirva<br>para resolver los problemas que aquejan a la sociedad y en ese sentido las y los<br>investigadores trabajan arduamente.<br>En el evento del campus Victoria, participaron investigadores de las<br>dependencias universitarias de la capital del estado, de Matamoros, Valle<br>Hermoso, Reynosa y R\u00edo Bravo, con la asistencia de estudiantes de diversas<br>escuelas de bachillerato tecnol\u00f3gico y de servicios, as\u00ed como de bachillerato<br>tecnol\u00f3gico agropecuario de la zona centro del estado.<br>Las actividades incluyeron el Rally de los Objetivos de Desarrollo Sostenible<br>de la agenda 2030, en una din\u00e1mica interactiva bajo la tem\u00e1tica del cuidado del<br>medio ambiente; de igual forma, cada dependencia universitaria mont\u00f3 un stand<br>para exponer temas relacionados sobre alguno de esos objetivos, en donde ni\u00f1os<br>y j\u00f3venes conocieron distintos proyectos en torno al medio ambiente, la<br>tecnolog\u00eda, ciencias de la salud, educaci\u00f3n, la agricultura, la ciencias qu\u00edmicas y<br>biol\u00f3gicas, entre otros.<br>Con la asistencia de directivos de las facultades y unidades acad\u00e9micas del<br>campus Victoria, as\u00ed como de las sedes de la zona norte, se entregaron<br>reconocimientos a ni\u00f1os que participaron en el campamento de verano<br>Diverticiencia.<br>En lo que corresponde al Campus Sur, en el &#8220;D\u00eda de la Investigaci\u00f3n UAT&#8221;<br>participaron m\u00e1s de 180 ni\u00f1os de las Escuelas Primarias Miguel Ram\u00edrez<br>Hern\u00e1ndez, Home School, Colegio Arboleda y Primaria Independencia.<br>Toda esta labor de difusi\u00f3n de la ciencia tuvo como prop\u00f3sito acercar a la<br>ni\u00f1ez de manera interactiva, din\u00e1mica y divertida al conocimiento cient\u00edfico y<br>human\u00edstica que genera la UAT.<\/p>\n","protected":false},"excerpt":{"rendered":"<p>Ciudad Victoria, Tam.; 25 de septiembre de 2023. Realiza la UAT eventos de difusi\u00f3n cient\u00edfica \u201cD\u00eda de la Investigaci\u00f3n 2023\u201d En cumplimiento a las pol\u00edticas de difusi\u00f3n de la ciencia que impulsa el rectorGuillermo Mendoza Cavazos, la Universidad Aut\u00f3noma de Tamaulipas organiz\u00f3los eventos \u201cD\u00eda de la Investigaci\u00f3n UAT 2023\u201d que tuvieron como sede loscentros universitarios [&hellip;]<\/p>\n","protected":false},"author":1,"featured_media":1742,"comment_status":"open","ping_status":"open","sticky":false,"template":"","format":"standard","meta":{"footnotes":""},"categories":[4],"tags":[],"class_list":["post-1741","post","type-post","status-publish","format-standard","has-post-thumbnail","hentry","category-universidades"],"blog_post_layout_featured_media_urls":{"thumbnail":["https:\/\/elregionaldigital.info\/wp-content\/uploads\/2023\/09\/8-150x150.jpg",150,150,true],"full":["https:\/\/elregionaldigital.info\/wp-content\/uploads\/2023\/09\/8.jpg",1280,853,false]},"categories_names":{"4":{"name":"Universidades","link":"https:\/\/elregionaldigital.info\/?cat=4"}},"tags_names":[],"comments_number":"0","wpmagazine_modules_lite_featured_media_urls":{"thumbnail":["https:\/\/elregionaldigital.info\/wp-content\/uploads\/2023\/09\/8-150x150.jpg",150,150,true],"cvmm-medium":["https:\/\/elregionaldigital.info\/wp-content\/uploads\/2023\/09\/8-300x300.jpg",300,300,true],"cvmm-medium-plus":["https:\/\/elregionaldigital.info\/wp-content\/uploads\/2023\/09\/8-305x207.jpg",305,207,true],"cvmm-portrait":["https:\/\/elregionaldigital.info\/wp-content\/uploads\/2023\/09\/8-400x600.jpg",400,600,true],"cvmm-medium-square":["https:\/\/elregionaldigital.info\/wp-content\/uploads\/2023\/09\/8-600x600.jpg",600,600,true],"cvmm-large":["https:\/\/elregionaldigital.info\/wp-content\/uploads\/2023\/09\/8-1024x853.jpg",1024,853,true],"cvmm-small":["https:\/\/elregionaldigital.info\/wp-content\/uploads\/2023\/09\/8-130x95.jpg",130,95,true],"full":["https:\/\/elregionaldigital.info\/wp-content\/uploads\/2023\/09\/8.jpg",1280,853,false]},"_links":{"self":[{"href":"https:\/\/elregionaldigital.info\/index.php?rest_route=\/wp\/v2\/posts\/1741","targetHints":{"allow":["GET"]}}],"collection":[{"href":"https:\/\/elregionaldigital.info\/index.php?rest_route=\/wp\/v2\/posts"}],"about":[{"href":"https:\/\/elregionaldigital.info\/index.php?rest_route=\/wp\/v2\/types\/post"}],"author":[{"embeddable":true,"href":"https:\/\/elregionaldigital.info\/index.php?rest_route=\/wp\/v2\/users\/1"}],"replies":[{"embeddable":true,"href":"https:\/\/elregionaldigital.info\/index.php?rest_route=%2Fwp%2Fv2%2Fcomments&post=1741"}],"version-history":[{"count":2,"href":"https:\/\/elregionaldigital.info\/index.php?rest_route=\/wp\/v2\/posts\/1741\/revisions"}],"predecessor-version":[{"id":1744,"href":"https:\/\/elregionaldigital.info\/index.php?rest_route=\/wp\/v2\/posts\/1741\/revisions\/1744"}],"wp:featuredmedia":[{"embeddable":true,"href":"https:\/\/elregionaldigital.info\/index.php?rest_route=\/wp\/v2\/media\/1742"}],"wp:attachment":[{"href":"https:\/\/elregionaldigital.info\/index.php?rest_route=%2Fwp%2Fv2%2Fmedia&parent=1741"}],"wp:term":[{"taxonomy":"category","embeddable":true,"href":"https:\/\/elregionaldigital.info\/index.php?rest_route=%2Fwp%2Fv2%2Fcategories&post=1741"},{"taxonomy":"post_tag","embeddable":true,"href":"https:\/\/elregionaldigital.info\/index.php?rest_route=%2Fwp%2Fv2%2Ftags&post=1741"}],"curies":[{"name":"wp","href":"https:\/\/api.w.org\/{rel}","templated":true}]}}