{"id":1738,"date":"2023-09-24T18:26:00","date_gmt":"2023-09-24T18:26:00","guid":{"rendered":"http:\/\/elregionaldigital.info\/?p=1738"},"modified":"2023-09-26T06:31:27","modified_gmt":"2023-09-26T06:31:27","slug":"santi-gimenez-doblete-y-asistencia-en-juego-suspendido","status":"publish","type":"post","link":"https:\/\/elregionaldigital.info\/?p=1738","title":{"rendered":"Santi Gim\u00e9nez, doblete y asistencia en juego suspendido"},"content":{"rendered":"\n<figure class=\"wp-block-image size-full\"><img loading=\"lazy\" decoding=\"async\" width=\"770\" height=\"485\" src=\"http:\/\/elregionaldigital.info\/wp-content\/uploads\/2023\/09\/captura_de_pantalla_2023-09-24_091400_crop1695568571129.jpg_1970638775.webp\" alt=\"\" class=\"wp-image-1739\" srcset=\"https:\/\/elregionaldigital.info\/wp-content\/uploads\/2023\/09\/captura_de_pantalla_2023-09-24_091400_crop1695568571129.jpg_1970638775.webp 770w, https:\/\/elregionaldigital.info\/wp-content\/uploads\/2023\/09\/captura_de_pantalla_2023-09-24_091400_crop1695568571129.jpg_1970638775-300x189.webp 300w, https:\/\/elregionaldigital.info\/wp-content\/uploads\/2023\/09\/captura_de_pantalla_2023-09-24_091400_crop1695568571129.jpg_1970638775-768x484.webp 768w\" sizes=\"auto, (max-width: 770px) 100vw, 770px\" \/><\/figure>\n\n\n\n<p>La participaci\u00f3n de G\u00edmenez fue decisiva en el Cl\u00e1sico neerland\u00e9s&nbsp;<\/p>\n\n\n\n<p>24 de septiembre de 2023-.<\/p>\n\n\n\n<p><strong>A pesar de que el encuentro fue suspendido debido al mal comportamiento de los aficionados en la \u00c1msterdam Arena, el Feyenoord se estaba dando un fest\u00edn y hasta antes de la suspensi\u00f3n, el marcador era de 3-0 para el equipo de Roterdam en el cl\u00e1sico de Pa\u00edses Bajos.<\/strong><\/p>\n\n\n\n<p>Sin embargo, la nota principal fue que el delantero mexicano,<strong>&nbsp;Santiago Gim\u00e9nez continua en plan grande,<\/strong>&nbsp;luego de haber logrado un par de goles en este encuentro, adem\u00e1s de una asistencia, siendo vitoreado por los aficionados.<\/p>\n\n\n\n<p>El primer gol de Santiago Gim\u00e9nez lleg\u00f3 al minuto 9. Quinten Timber desbord\u00f3 por la banda izquierda y\u00a0<strong>envi\u00f3 un pase preciso<\/strong>\u00a0a los pies de Gim\u00e9nez, quien venci\u00f3 al guardameta Jay Gorter.<\/p>\n\n\n\n<p>Gim\u00e9nez volvi\u00f3 a hacerse presente en el marcador a los 19 minutos del partido. Un error de la zaga defensiva del Ajax\u00a0<strong>le regal\u00f3 un bal\u00f3n en los pies al seleccionado mexicano<\/strong>. Con una h\u00e1bil maniobra, eludi\u00f3 a su marcador y se encontr\u00f3 mano a mano con el guardameta, definiendo con calma y precisi\u00f3n.<\/p>\n\n\n\n<p><strong>Tambi\u00e9n contribuy\u00f3 con una asistencia para el tercer gol de su equipo. Gim\u00e9nez realiz\u00f3 un pase filtrado perfecto para que Igor Paixao convirtiera el tercer gol del partido, consolidando as\u00ed la superioridad de su equipo en el Cl\u00e1sico neerland\u00e9s.<\/strong><\/p>\n","protected":false},"excerpt":{"rendered":"<p>La participaci\u00f3n de G\u00edmenez fue decisiva en el Cl\u00e1sico neerland\u00e9s&nbsp; 24 de septiembre de 2023-. A pesar de que el encuentro fue suspendido debido al mal comportamiento de los aficionados en la \u00c1msterdam Arena, el Feyenoord se estaba dando un fest\u00edn y hasta antes de la suspensi\u00f3n, el marcador era de 3-0 para el equipo [&hellip;]<\/p>\n","protected":false},"author":1,"featured_media":1739,"comment_status":"open","ping_status":"open","sticky":false,"template":"","format":"standard","meta":{"footnotes":""},"categories":[6],"tags":[],"class_list":["post-1738","post","type-post","status-publish","format-standard","has-post-thumbnail","hentry","category-deportes"],"blog_post_layout_featured_media_urls":{"thumbnail":["https:\/\/elregionaldigital.info\/wp-content\/uploads\/2023\/09\/captura_de_pantalla_2023-09-24_091400_crop1695568571129.jpg_1970638775-150x150.webp",150,150,true],"full":["https:\/\/elregionaldigital.info\/wp-content\/uploads\/2023\/09\/captura_de_pantalla_2023-09-24_091400_crop1695568571129.jpg_1970638775.webp",770,485,false]},"categories_names":{"6":{"name":"Deportes","link":"https:\/\/elregionaldigital.info\/?cat=6"}},"tags_names":[],"comments_number":"0","wpmagazine_modules_lite_featured_media_urls":{"thumbnail":["https:\/\/elregionaldigital.info\/wp-content\/uploads\/2023\/09\/captura_de_pantalla_2023-09-24_091400_crop1695568571129.jpg_1970638775-150x150.webp",150,150,true],"cvmm-medium":["https:\/\/elregionaldigital.info\/wp-content\/uploads\/2023\/09\/captura_de_pantalla_2023-09-24_091400_crop1695568571129.jpg_1970638775-300x300.webp",300,300,true],"cvmm-medium-plus":["https:\/\/elregionaldigital.info\/wp-content\/uploads\/2023\/09\/captura_de_pantalla_2023-09-24_091400_crop1695568571129.jpg_1970638775-305x207.webp",305,207,true],"cvmm-portrait":["https:\/\/elregionaldigital.info\/wp-content\/uploads\/2023\/09\/captura_de_pantalla_2023-09-24_091400_crop1695568571129.jpg_1970638775-400x485.webp",400,485,true],"cvmm-medium-square":["https:\/\/elregionaldigital.info\/wp-content\/uploads\/2023\/09\/captura_de_pantalla_2023-09-24_091400_crop1695568571129.jpg_1970638775-600x485.webp",600,485,true],"cvmm-large":["https:\/\/elregionaldigital.info\/wp-content\/uploads\/2023\/09\/captura_de_pantalla_2023-09-24_091400_crop1695568571129.jpg_1970638775.webp",770,485,false],"cvmm-small":["https:\/\/elregionaldigital.info\/wp-content\/uploads\/2023\/09\/captura_de_pantalla_2023-09-24_091400_crop1695568571129.jpg_1970638775-130x95.webp",130,95,true],"full":["https:\/\/elregionaldigital.info\/wp-content\/uploads\/2023\/09\/captura_de_pantalla_2023-09-24_091400_crop1695568571129.jpg_1970638775.webp",770,485,false]},"_links":{"self":[{"href":"https:\/\/elregionaldigital.info\/index.php?rest_route=\/wp\/v2\/posts\/1738","targetHints":{"allow":["GET"]}}],"collection":[{"href":"https:\/\/elregionaldigital.info\/index.php?rest_route=\/wp\/v2\/posts"}],"about":[{"href":"https:\/\/elregionaldigital.info\/index.php?rest_route=\/wp\/v2\/types\/post"}],"author":[{"embeddable":true,"href":"https:\/\/elregionaldigital.info\/index.php?rest_route=\/wp\/v2\/users\/1"}],"replies":[{"embeddable":true,"href":"https:\/\/elregionaldigital.info\/index.php?rest_route=%2Fwp%2Fv2%2Fcomments&post=1738"}],"version-history":[{"count":1,"href":"https:\/\/elregionaldigital.info\/index.php?rest_route=\/wp\/v2\/posts\/1738\/revisions"}],"predecessor-version":[{"id":1740,"href":"https:\/\/elregionaldigital.info\/index.php?rest_route=\/wp\/v2\/posts\/1738\/revisions\/1740"}],"wp:featuredmedia":[{"embeddable":true,"href":"https:\/\/elregionaldigital.info\/index.php?rest_route=\/wp\/v2\/media\/1739"}],"wp:attachment":[{"href":"https:\/\/elregionaldigital.info\/index.php?rest_route=%2Fwp%2Fv2%2Fmedia&parent=1738"}],"wp:term":[{"taxonomy":"category","embeddable":true,"href":"https:\/\/elregionaldigital.info\/index.php?rest_route=%2Fwp%2Fv2%2Fcategories&post=1738"},{"taxonomy":"post_tag","embeddable":true,"href":"https:\/\/elregionaldigital.info\/index.php?rest_route=%2Fwp%2Fv2%2Ftags&post=1738"}],"curies":[{"name":"wp","href":"https:\/\/api.w.org\/{rel}","templated":true}]}}