{"id":1735,"date":"2023-09-23T18:19:00","date_gmt":"2023-09-23T18:19:00","guid":{"rendered":"http:\/\/elregionaldigital.info\/?p=1735"},"modified":"2023-09-26T06:26:33","modified_gmt":"2023-09-26T06:26:33","slug":"por-muy-dura-que-resulte-garcia-harfuch-no-se-bajara-de-la-contienda","status":"publish","type":"post","link":"https:\/\/elregionaldigital.info\/?p=1735","title":{"rendered":"&#8220;Por muy dura que resulte&#8221;, Garc\u00eda Harfuch no se bajar\u00e1 de la contienda"},"content":{"rendered":"\n<figure class=\"wp-block-image size-full\"><img loading=\"lazy\" decoding=\"async\" width=\"770\" height=\"485\" src=\"http:\/\/elregionaldigital.info\/wp-content\/uploads\/2023\/09\/eum20230920pol10_sun_crop1695482505250.jpg_1970638775.webp\" alt=\"\" class=\"wp-image-1736\" srcset=\"https:\/\/elregionaldigital.info\/wp-content\/uploads\/2023\/09\/eum20230920pol10_sun_crop1695482505250.jpg_1970638775.webp 770w, https:\/\/elregionaldigital.info\/wp-content\/uploads\/2023\/09\/eum20230920pol10_sun_crop1695482505250.jpg_1970638775-300x189.webp 300w, https:\/\/elregionaldigital.info\/wp-content\/uploads\/2023\/09\/eum20230920pol10_sun_crop1695482505250.jpg_1970638775-768x484.webp 768w\" sizes=\"auto, (max-width: 770px) 100vw, 770px\" \/><\/figure>\n\n\n\n<p>El exsecretario de Seguridad Ciudadana de la CDMX afirm\u00f3 que busca servir al proyecto de Claudia Sheinbaum y dar continuidad al gobierno de Morena para evitar la inestabilidad en la capital<\/p>\n\n\n\n<p><a href=\"https:\/\/www.informador.mx\/omar-garcia-harfuch-t31924\" target=\"_blank\" rel=\"noreferrer noopener\"><strong>Omar Garc\u00eda Harfuch<\/strong><\/a>, aspirante a la Coordinaci\u00f3n de Defensa de la Transformaci\u00f3n en la CDMX, se reuni\u00f3 con diputadas y diputados de Morena, ante los que afirm\u00f3 que no se bajar\u00e1 de la contienda &#8220;por muy dura que resulte&#8221;.<\/p>\n\n\n\n<p>Ayer viernes, el exsecretario de Seguridad Ciudadana de la CDMX, sostuvo una reuni\u00f3n privada con legisladores de Morena, en la que&nbsp;<strong>reafirm\u00f3 el compromiso de trabajar en unidad para dar continuidad al proyecto de la 4T en la capital del pa\u00eds.<\/strong><\/p>\n\n\n\n<p>Garc\u00eda Harfuch afirm\u00f3 que busca servir al proyecto de Claudia Sheinbaum y dar continuidad al gobierno de\u00a0<a rel=\"noreferrer noopener\" href=\"https:\/\/www.informador.mx\/morena-t8783\" target=\"_blank\"><strong>Morena<\/strong><\/a>\u00a0para evitar la inestabilidad en la Ciudad de M\u00e9xico.<\/p>\n\n\n\n<p>Tras agradecer el apoyo de los legisladores, reiter\u00f3 su postura de trabajar para todos los sectores de la poblaci\u00f3n, y su compromiso de participar en el proceso\u00a0<strong>&#8220;con profundo respeto, sin confrontaci\u00f3n y buscando siempre la unidad en el movimiento&#8221;.<\/strong><\/p>\n\n\n\n<p>En la reuni\u00f3n estuvo la diputada local, Indal\u00ed Pardillo Cadena, quien se dijo convencida de que Garc\u00eda Harfuch es la mejor opci\u00f3n para llegar a toda la poblaci\u00f3n.<\/p>\n","protected":false},"excerpt":{"rendered":"<p>El exsecretario de Seguridad Ciudadana de la CDMX afirm\u00f3 que busca servir al proyecto de Claudia Sheinbaum y dar continuidad al gobierno de Morena para evitar la inestabilidad en la capital Omar Garc\u00eda Harfuch, aspirante a la Coordinaci\u00f3n de Defensa de la Transformaci\u00f3n en la CDMX, se reuni\u00f3 con diputadas y diputados de Morena, ante [&hellip;]<\/p>\n","protected":false},"author":1,"featured_media":1736,"comment_status":"open","ping_status":"open","sticky":false,"template":"","format":"standard","meta":{"footnotes":""},"categories":[5],"tags":[],"class_list":["post-1735","post","type-post","status-publish","format-standard","has-post-thumbnail","hentry","category-nacional"],"blog_post_layout_featured_media_urls":{"thumbnail":["https:\/\/elregionaldigital.info\/wp-content\/uploads\/2023\/09\/eum20230920pol10_sun_crop1695482505250.jpg_1970638775-150x150.webp",150,150,true],"full":["https:\/\/elregionaldigital.info\/wp-content\/uploads\/2023\/09\/eum20230920pol10_sun_crop1695482505250.jpg_1970638775.webp",770,485,false]},"categories_names":{"5":{"name":"Nacional","link":"https:\/\/elregionaldigital.info\/?cat=5"}},"tags_names":[],"comments_number":"0","wpmagazine_modules_lite_featured_media_urls":{"thumbnail":["https:\/\/elregionaldigital.info\/wp-content\/uploads\/2023\/09\/eum20230920pol10_sun_crop1695482505250.jpg_1970638775-150x150.webp",150,150,true],"cvmm-medium":["https:\/\/elregionaldigital.info\/wp-content\/uploads\/2023\/09\/eum20230920pol10_sun_crop1695482505250.jpg_1970638775-300x300.webp",300,300,true],"cvmm-medium-plus":["https:\/\/elregionaldigital.info\/wp-content\/uploads\/2023\/09\/eum20230920pol10_sun_crop1695482505250.jpg_1970638775-305x207.webp",305,207,true],"cvmm-portrait":["https:\/\/elregionaldigital.info\/wp-content\/uploads\/2023\/09\/eum20230920pol10_sun_crop1695482505250.jpg_1970638775-400x485.webp",400,485,true],"cvmm-medium-square":["https:\/\/elregionaldigital.info\/wp-content\/uploads\/2023\/09\/eum20230920pol10_sun_crop1695482505250.jpg_1970638775-600x485.webp",600,485,true],"cvmm-large":["https:\/\/elregionaldigital.info\/wp-content\/uploads\/2023\/09\/eum20230920pol10_sun_crop1695482505250.jpg_1970638775.webp",770,485,false],"cvmm-small":["https:\/\/elregionaldigital.info\/wp-content\/uploads\/2023\/09\/eum20230920pol10_sun_crop1695482505250.jpg_1970638775-130x95.webp",130,95,true],"full":["https:\/\/elregionaldigital.info\/wp-content\/uploads\/2023\/09\/eum20230920pol10_sun_crop1695482505250.jpg_1970638775.webp",770,485,false]},"_links":{"self":[{"href":"https:\/\/elregionaldigital.info\/index.php?rest_route=\/wp\/v2\/posts\/1735","targetHints":{"allow":["GET"]}}],"collection":[{"href":"https:\/\/elregionaldigital.info\/index.php?rest_route=\/wp\/v2\/posts"}],"about":[{"href":"https:\/\/elregionaldigital.info\/index.php?rest_route=\/wp\/v2\/types\/post"}],"author":[{"embeddable":true,"href":"https:\/\/elregionaldigital.info\/index.php?rest_route=\/wp\/v2\/users\/1"}],"replies":[{"embeddable":true,"href":"https:\/\/elregionaldigital.info\/index.php?rest_route=%2Fwp%2Fv2%2Fcomments&post=1735"}],"version-history":[{"count":1,"href":"https:\/\/elregionaldigital.info\/index.php?rest_route=\/wp\/v2\/posts\/1735\/revisions"}],"predecessor-version":[{"id":1737,"href":"https:\/\/elregionaldigital.info\/index.php?rest_route=\/wp\/v2\/posts\/1735\/revisions\/1737"}],"wp:featuredmedia":[{"embeddable":true,"href":"https:\/\/elregionaldigital.info\/index.php?rest_route=\/wp\/v2\/media\/1736"}],"wp:attachment":[{"href":"https:\/\/elregionaldigital.info\/index.php?rest_route=%2Fwp%2Fv2%2Fmedia&parent=1735"}],"wp:term":[{"taxonomy":"category","embeddable":true,"href":"https:\/\/elregionaldigital.info\/index.php?rest_route=%2Fwp%2Fv2%2Fcategories&post=1735"},{"taxonomy":"post_tag","embeddable":true,"href":"https:\/\/elregionaldigital.info\/index.php?rest_route=%2Fwp%2Fv2%2Ftags&post=1735"}],"curies":[{"name":"wp","href":"https:\/\/api.w.org\/{rel}","templated":true}]}}