{"id":1731,"date":"2023-09-22T18:03:00","date_gmt":"2023-09-22T18:03:00","guid":{"rendered":"http:\/\/elregionaldigital.info\/?p=1731"},"modified":"2023-09-26T06:18:59","modified_gmt":"2023-09-26T06:18:59","slug":"repondrian-clases-los-sabados-o-los-ultimos-viernes-de-cada-mes","status":"publish","type":"post","link":"https:\/\/elregionaldigital.info\/?p=1731","title":{"rendered":"Repondr\u00edan clases los s\u00e1bados o los \u00faltimos Viernes de cada mes"},"content":{"rendered":"\n<figure class=\"wp-block-image size-full\"><img loading=\"lazy\" decoding=\"async\" width=\"750\" height=\"450\" src=\"http:\/\/elregionaldigital.info\/wp-content\/uploads\/2023\/09\/Imagen-destacada.webp\" alt=\"\" class=\"wp-image-1733\" srcset=\"https:\/\/elregionaldigital.info\/wp-content\/uploads\/2023\/09\/Imagen-destacada.webp 750w, https:\/\/elregionaldigital.info\/wp-content\/uploads\/2023\/09\/Imagen-destacada-300x180.webp 300w\" sizes=\"auto, (max-width: 750px) 100vw, 750px\" \/><\/figure>\n\n\n\n<p>Viernes, 22 de septiembre de 2023-. El presidente de la Sociedad Estatal de Maestros y Padres de Familia, Miguel Tovar Tapia, manifest\u00f3 que los docentes podr\u00edan reponer\u00a0\u00a0las\u00a0clases\u00a0que se perdieron\u00a0\u00a0durante el paro de labores, los s\u00e1bados o los \u00faltimos viernes de cada mes, justo cuando se tienen programados los Consejos T\u00e9cnicos Escolares.<\/p>\n\n\n\n<p>&nbsp;&nbsp;&nbsp;&nbsp;&nbsp;&nbsp;&nbsp;&nbsp;&nbsp;&nbsp;Sin embargo aclar\u00f3 que hasta ahora la Secretar\u00eda de Educaci\u00f3n del Estado (SET) no ha informado sobre cu\u00e1l ser\u00e1 la estrategia para tratar de recuperar la p\u00e9rdida de&nbsp;clases&nbsp;y elevar&nbsp;&nbsp;el rezago acad\u00e9mico que de nueva cuenta se present\u00f3 durante el tiempo que se cerraron las escuelas.<\/p>\n\n\n\n<p>&nbsp;&nbsp;&nbsp;&nbsp;&nbsp;&nbsp;&nbsp;&nbsp;&nbsp;&nbsp;\u201cEl trascendido es de que se tendr\u00e1 que trabajar una jornada los s\u00e1bados o cancelar los consejos t\u00e9cnicos para trabajarlos esos d\u00edas\u201d.<\/p>\n\n\n\n<p>&nbsp;&nbsp;&nbsp;&nbsp;&nbsp;&nbsp;&nbsp;&nbsp;&nbsp;&nbsp;Sostuvo que muchos maestros no estuvieron de acuerdo con ese paro&nbsp;&nbsp;de labores indebido o&nbsp;&nbsp;injustificado pero no tuvieron m\u00e1s remedio que suspender las&nbsp;clases&nbsp;porque los directivos o&nbsp;&nbsp;supervisores pr\u00e1cticamente los obligaron a apoyar ese movimiento.<\/p>\n\n\n\n<p>&nbsp;&nbsp;&nbsp;&nbsp;&nbsp;&nbsp;&nbsp;&nbsp;&nbsp;&nbsp;Dijo que s\u00ed hay molestia entre los trabajadores de la educaci\u00f3n que trataron de cumplir con su responsabilidad pero no se los permitieron y ahora los van a obligar a reponer&nbsp;clases&nbsp;por culpa de un dirigente caprichoso que solo manipul\u00f3 el movimiento magisterial.<\/p>\n\n\n\n<p>\u201cPorque no todo mundo estaba apoyando a Arnulfo, el 50 por ciento del magisterio nos vimos obligados al cierre de escuelas por la instrucci\u00f3n de supervisores y directivos para apoyar este paro indebido y muchos maestros que no estuvimos de acuerdo con esta situaci\u00f3n y vernos obligados a trabajar los s\u00e1bados para reponer la falta que tuvo Arnulfo pues hay molestia\u201d.<\/p>\n\n\n\n<p>&nbsp;&nbsp;&nbsp;&nbsp;&nbsp;&nbsp;&nbsp;&nbsp;&nbsp;&nbsp;Tovar Tapia consider\u00f3 que ser\u00e1 una tarea tit\u00e1nica&nbsp;&nbsp;la que tendr\u00e1n que hacer los maestros el tratar de que los alumnos alcancen el nivel m\u00ednimo de aprovechamiento acad\u00e9mico en este ciclo escolar.<\/p>\n\n\n\n<p>\u201cAnte el nuevo modelo educativo y que apenas se estaban sentando las bases para poder establecer los programas de trabajo, de qu\u00e9 forma aterrizarlo viene este rompimiento abrupto por parte de Arnulfo y por supuesto ser\u00e1 una tarea tit\u00e1nica por parte de los maestros tratar de alcanzar el nivel m\u00ednimo de aprovechamiento acad\u00e9mico en este ciclo\u201d.<\/p>\n\n\n\n<p>Los maestros, los trabajadores de la educaci\u00f3n \u201ctendr\u00e1n doble trabajo doble responsabilidad y estaremos siempre en el ojo del hurac\u00e1n y ante la mirada vigilante de los padres por la irracional postura del secretario de la Secci\u00f3n 30\u201d.<\/p>\n","protected":false},"excerpt":{"rendered":"<p>Viernes, 22 de septiembre de 2023-. El presidente de la Sociedad Estatal de Maestros y Padres de Familia, Miguel Tovar Tapia, manifest\u00f3 que los docentes podr\u00edan reponer\u00a0\u00a0las\u00a0clases\u00a0que se perdieron\u00a0\u00a0durante el paro de labores, los s\u00e1bados o los \u00faltimos viernes de cada mes, justo cuando se tienen programados los Consejos T\u00e9cnicos Escolares. &nbsp;&nbsp;&nbsp;&nbsp;&nbsp;&nbsp;&nbsp;&nbsp;&nbsp;&nbsp;Sin embargo aclar\u00f3 que [&hellip;]<\/p>\n","protected":false},"author":1,"featured_media":1733,"comment_status":"open","ping_status":"open","sticky":false,"template":"","format":"standard","meta":{"footnotes":""},"categories":[2],"tags":[],"class_list":["post-1731","post","type-post","status-publish","format-standard","has-post-thumbnail","hentry","category-tamaulipas"],"blog_post_layout_featured_media_urls":{"thumbnail":["https:\/\/elregionaldigital.info\/wp-content\/uploads\/2023\/09\/Imagen-destacada-150x150.webp",150,150,true],"full":["https:\/\/elregionaldigital.info\/wp-content\/uploads\/2023\/09\/Imagen-destacada.webp",750,450,false]},"categories_names":{"2":{"name":"Tamaulipas","link":"https:\/\/elregionaldigital.info\/?cat=2"}},"tags_names":[],"comments_number":"0","wpmagazine_modules_lite_featured_media_urls":{"thumbnail":["https:\/\/elregionaldigital.info\/wp-content\/uploads\/2023\/09\/Imagen-destacada-150x150.webp",150,150,true],"cvmm-medium":["https:\/\/elregionaldigital.info\/wp-content\/uploads\/2023\/09\/Imagen-destacada-300x300.webp",300,300,true],"cvmm-medium-plus":["https:\/\/elregionaldigital.info\/wp-content\/uploads\/2023\/09\/Imagen-destacada-305x207.webp",305,207,true],"cvmm-portrait":["https:\/\/elregionaldigital.info\/wp-content\/uploads\/2023\/09\/Imagen-destacada-400x450.webp",400,450,true],"cvmm-medium-square":["https:\/\/elregionaldigital.info\/wp-content\/uploads\/2023\/09\/Imagen-destacada-600x450.webp",600,450,true],"cvmm-large":["https:\/\/elregionaldigital.info\/wp-content\/uploads\/2023\/09\/Imagen-destacada.webp",750,450,false],"cvmm-small":["https:\/\/elregionaldigital.info\/wp-content\/uploads\/2023\/09\/Imagen-destacada-130x95.webp",130,95,true],"full":["https:\/\/elregionaldigital.info\/wp-content\/uploads\/2023\/09\/Imagen-destacada.webp",750,450,false]},"_links":{"self":[{"href":"https:\/\/elregionaldigital.info\/index.php?rest_route=\/wp\/v2\/posts\/1731","targetHints":{"allow":["GET"]}}],"collection":[{"href":"https:\/\/elregionaldigital.info\/index.php?rest_route=\/wp\/v2\/posts"}],"about":[{"href":"https:\/\/elregionaldigital.info\/index.php?rest_route=\/wp\/v2\/types\/post"}],"author":[{"embeddable":true,"href":"https:\/\/elregionaldigital.info\/index.php?rest_route=\/wp\/v2\/users\/1"}],"replies":[{"embeddable":true,"href":"https:\/\/elregionaldigital.info\/index.php?rest_route=%2Fwp%2Fv2%2Fcomments&post=1731"}],"version-history":[{"count":1,"href":"https:\/\/elregionaldigital.info\/index.php?rest_route=\/wp\/v2\/posts\/1731\/revisions"}],"predecessor-version":[{"id":1734,"href":"https:\/\/elregionaldigital.info\/index.php?rest_route=\/wp\/v2\/posts\/1731\/revisions\/1734"}],"wp:featuredmedia":[{"embeddable":true,"href":"https:\/\/elregionaldigital.info\/index.php?rest_route=\/wp\/v2\/media\/1733"}],"wp:attachment":[{"href":"https:\/\/elregionaldigital.info\/index.php?rest_route=%2Fwp%2Fv2%2Fmedia&parent=1731"}],"wp:term":[{"taxonomy":"category","embeddable":true,"href":"https:\/\/elregionaldigital.info\/index.php?rest_route=%2Fwp%2Fv2%2Fcategories&post=1731"},{"taxonomy":"post_tag","embeddable":true,"href":"https:\/\/elregionaldigital.info\/index.php?rest_route=%2Fwp%2Fv2%2Ftags&post=1731"}],"curies":[{"name":"wp","href":"https:\/\/api.w.org\/{rel}","templated":true}]}}