{"id":1725,"date":"2023-09-20T17:52:00","date_gmt":"2023-09-20T17:52:00","guid":{"rendered":"http:\/\/elregionaldigital.info\/?p=1725"},"modified":"2023-09-26T05:59:44","modified_gmt":"2023-09-26T05:59:44","slug":"peso-pluma-cancela-concierto-en-tijuana-tras-presuntas-amenazas","status":"publish","type":"post","link":"https:\/\/elregionaldigital.info\/?p=1725","title":{"rendered":"Peso Pluma cancela concierto en Tijuana tras presuntas amenazas"},"content":{"rendered":"\n<figure class=\"wp-block-image size-full\"><img loading=\"lazy\" decoding=\"async\" width=\"770\" height=\"485\" src=\"http:\/\/elregionaldigital.info\/wp-content\/uploads\/2023\/09\/f6fmvrhasaa_pvu_crop1695235677659.jpg_1970638775.webp\" alt=\"\" class=\"wp-image-1726\" srcset=\"https:\/\/elregionaldigital.info\/wp-content\/uploads\/2023\/09\/f6fmvrhasaa_pvu_crop1695235677659.jpg_1970638775.webp 770w, https:\/\/elregionaldigital.info\/wp-content\/uploads\/2023\/09\/f6fmvrhasaa_pvu_crop1695235677659.jpg_1970638775-300x189.webp 300w, https:\/\/elregionaldigital.info\/wp-content\/uploads\/2023\/09\/f6fmvrhasaa_pvu_crop1695235677659.jpg_1970638775-768x484.webp 768w\" sizes=\"auto, (max-width: 770px) 100vw, 770px\" \/><\/figure>\n\n\n\n<p>Peso Pluma decidi\u00f3 cancelar su presentaci\u00f3n en Tijuana &#8220;por la seguridad de todos los involucrados&#8221;, inform\u00f3&nbsp;<\/p>\n\n\n\n<p>20 de septiembre de 2023 <\/p>\n\n\n\n<p><strong>Peso Pluma, el popular cantante tapat\u00edo,&nbsp;inform\u00f3 que el concierto que dar\u00eda en Tijuana el 14 de octubre qued\u00f3 cancelado luego de que recibiera amenazas de muerte a trav\u00e9s de lonas que fueron colgadas en diversos puntos de la ciudad.<\/strong><\/p>\n\n\n\n<p>Las presuntas amenazas, supuestamente firmadas por el crimen organizado,&nbsp;llevaron a que los fan\u00e1ticos de Peso Pluma le pidieran al cantante que no se arriesgara, y<strong>&nbsp;que mejor cancelara el show.&nbsp;<\/strong><\/p>\n\n\n\n<p>Peso Pluma, a trav\u00e9s de sus redes sociales,&nbsp;asegur\u00f3 que lo m\u00e1s importante era la seguridad de todos los involucrados, por lo que agradec\u00eda la comprensi\u00f3n de sus fans. &#8220;Nuestro objetivo es proteger a los fans y al equipo.&nbsp;<strong>Por la seguridad de todos los involucrados cancelaremos nuestros shows en Tijuana.<\/strong>&nbsp;Muchas gracias a todos nuestros fans por entender. Atte: La doble P&#8221;, se lee.&nbsp;<\/p>\n\n\n\n<p>Las lonas advert\u00edan al artista que se abstuviera de presentarse en el concierto programado para el 14 de octubre en la ciudad mexicana.&nbsp;<strong>La Fiscal\u00eda del estado mexicano de Baja California<\/strong>&nbsp;asumi\u00f3 la investigaci\u00f3n sobre las amenazas contra el cantante de 24 a\u00f1os.<\/p>\n\n\n\n<p><strong>Peso Pluma, conocido por elogiar en sus canciones al narcotraficante mexicano Joaqu\u00edn &#8220;El Chapo&#8221; Guzm\u00e1n, hizo historia el martes pasado al convertirse en la primera estrella mexicana en actuar en los MTV Video Music Awards.<\/strong><\/p>\n\n\n\n<p><a rel=\"noreferrer noopener\" href=\"https:\/\/www.bluestack.la\/\" target=\"_blank\"><\/a><\/p>\n\n\n\n<p><a href=\"https:\/\/alianzademediosmx.org\/\" target=\"_blank\" rel=\"noreferrer noopener\"><\/a>&nbsp;<a href=\"https:\/\/www.comscore.com\/\" target=\"_blank\" rel=\"noreferrer noopener\"><\/a><\/p>\n","protected":false},"excerpt":{"rendered":"<p>Peso Pluma decidi\u00f3 cancelar su presentaci\u00f3n en Tijuana &#8220;por la seguridad de todos los involucrados&#8221;, inform\u00f3&nbsp; 20 de septiembre de 2023 Peso Pluma, el popular cantante tapat\u00edo,&nbsp;inform\u00f3 que el concierto que dar\u00eda en Tijuana el 14 de octubre qued\u00f3 cancelado luego de que recibiera amenazas de muerte a trav\u00e9s de lonas que fueron colgadas en [&hellip;]<\/p>\n","protected":false},"author":1,"featured_media":1726,"comment_status":"open","ping_status":"open","sticky":false,"template":"","format":"standard","meta":{"footnotes":""},"categories":[3],"tags":[],"class_list":["post-1725","post","type-post","status-publish","format-standard","has-post-thumbnail","hentry","category-entretenimiento"],"blog_post_layout_featured_media_urls":{"thumbnail":["https:\/\/elregionaldigital.info\/wp-content\/uploads\/2023\/09\/f6fmvrhasaa_pvu_crop1695235677659.jpg_1970638775-150x150.webp",150,150,true],"full":["https:\/\/elregionaldigital.info\/wp-content\/uploads\/2023\/09\/f6fmvrhasaa_pvu_crop1695235677659.jpg_1970638775.webp",770,485,false]},"categories_names":{"3":{"name":"Entretenimiento","link":"https:\/\/elregionaldigital.info\/?cat=3"}},"tags_names":[],"comments_number":"0","wpmagazine_modules_lite_featured_media_urls":{"thumbnail":["https:\/\/elregionaldigital.info\/wp-content\/uploads\/2023\/09\/f6fmvrhasaa_pvu_crop1695235677659.jpg_1970638775-150x150.webp",150,150,true],"cvmm-medium":["https:\/\/elregionaldigital.info\/wp-content\/uploads\/2023\/09\/f6fmvrhasaa_pvu_crop1695235677659.jpg_1970638775-300x300.webp",300,300,true],"cvmm-medium-plus":["https:\/\/elregionaldigital.info\/wp-content\/uploads\/2023\/09\/f6fmvrhasaa_pvu_crop1695235677659.jpg_1970638775-305x207.webp",305,207,true],"cvmm-portrait":["https:\/\/elregionaldigital.info\/wp-content\/uploads\/2023\/09\/f6fmvrhasaa_pvu_crop1695235677659.jpg_1970638775-400x485.webp",400,485,true],"cvmm-medium-square":["https:\/\/elregionaldigital.info\/wp-content\/uploads\/2023\/09\/f6fmvrhasaa_pvu_crop1695235677659.jpg_1970638775-600x485.webp",600,485,true],"cvmm-large":["https:\/\/elregionaldigital.info\/wp-content\/uploads\/2023\/09\/f6fmvrhasaa_pvu_crop1695235677659.jpg_1970638775.webp",770,485,false],"cvmm-small":["https:\/\/elregionaldigital.info\/wp-content\/uploads\/2023\/09\/f6fmvrhasaa_pvu_crop1695235677659.jpg_1970638775-130x95.webp",130,95,true],"full":["https:\/\/elregionaldigital.info\/wp-content\/uploads\/2023\/09\/f6fmvrhasaa_pvu_crop1695235677659.jpg_1970638775.webp",770,485,false]},"_links":{"self":[{"href":"https:\/\/elregionaldigital.info\/index.php?rest_route=\/wp\/v2\/posts\/1725","targetHints":{"allow":["GET"]}}],"collection":[{"href":"https:\/\/elregionaldigital.info\/index.php?rest_route=\/wp\/v2\/posts"}],"about":[{"href":"https:\/\/elregionaldigital.info\/index.php?rest_route=\/wp\/v2\/types\/post"}],"author":[{"embeddable":true,"href":"https:\/\/elregionaldigital.info\/index.php?rest_route=\/wp\/v2\/users\/1"}],"replies":[{"embeddable":true,"href":"https:\/\/elregionaldigital.info\/index.php?rest_route=%2Fwp%2Fv2%2Fcomments&post=1725"}],"version-history":[{"count":1,"href":"https:\/\/elregionaldigital.info\/index.php?rest_route=\/wp\/v2\/posts\/1725\/revisions"}],"predecessor-version":[{"id":1727,"href":"https:\/\/elregionaldigital.info\/index.php?rest_route=\/wp\/v2\/posts\/1725\/revisions\/1727"}],"wp:featuredmedia":[{"embeddable":true,"href":"https:\/\/elregionaldigital.info\/index.php?rest_route=\/wp\/v2\/media\/1726"}],"wp:attachment":[{"href":"https:\/\/elregionaldigital.info\/index.php?rest_route=%2Fwp%2Fv2%2Fmedia&parent=1725"}],"wp:term":[{"taxonomy":"category","embeddable":true,"href":"https:\/\/elregionaldigital.info\/index.php?rest_route=%2Fwp%2Fv2%2Fcategories&post=1725"},{"taxonomy":"post_tag","embeddable":true,"href":"https:\/\/elregionaldigital.info\/index.php?rest_route=%2Fwp%2Fv2%2Ftags&post=1725"}],"curies":[{"name":"wp","href":"https:\/\/api.w.org\/{rel}","templated":true}]}}