{"id":1718,"date":"2023-09-18T17:34:00","date_gmt":"2023-09-18T17:34:00","guid":{"rendered":"http:\/\/elregionaldigital.info\/?p=1718"},"modified":"2023-09-26T05:41:39","modified_gmt":"2023-09-26T05:41:39","slug":"marcelo-ebrard-crea-la-asociacion-el-camino-de-mexico-va-por-la-presidencia","status":"publish","type":"post","link":"https:\/\/elregionaldigital.info\/?p=1718","title":{"rendered":"Marcelo Ebrard crea la asociaci\u00f3n El Camino de M\u00e9xico; va por la Presidencia"},"content":{"rendered":"\n<figure class=\"wp-block-image size-full\"><img loading=\"lazy\" decoding=\"async\" width=\"770\" height=\"485\" src=\"http:\/\/elregionaldigital.info\/wp-content\/uploads\/2023\/09\/marcelo_ebrard_x2x_crop1695081124254.jpg_1970638775.webp\" alt=\"\" class=\"wp-image-1719\" srcset=\"https:\/\/elregionaldigital.info\/wp-content\/uploads\/2023\/09\/marcelo_ebrard_x2x_crop1695081124254.jpg_1970638775.webp 770w, https:\/\/elregionaldigital.info\/wp-content\/uploads\/2023\/09\/marcelo_ebrard_x2x_crop1695081124254.jpg_1970638775-300x189.webp 300w, https:\/\/elregionaldigital.info\/wp-content\/uploads\/2023\/09\/marcelo_ebrard_x2x_crop1695081124254.jpg_1970638775-768x484.webp 768w\" sizes=\"auto, (max-width: 770px) 100vw, 770px\" \/><\/figure>\n\n\n\n<p>Marcelo Ebrard decidi\u00f3 emprender su propio movimiento tras perder la candidatura de Monera ante&nbsp;Claudia Sheinbaum<\/p>\n\n\n\n<p>18 de septiembre de 2023 &#8211; <\/p>\n\n\n\n<p>El excanciller Marcelo Ebrard lanz\u00f3 este lunes su propia organizaci\u00f3n civil, El Camino de M\u00e9xico, tras perder la candidatura presidencial del oficialismo,<strong>&nbsp;con lo que impulsa un nuevo roce con el partido del presidente Andr\u00e9s Manuel L\u00f3pez Obrador&nbsp;<\/strong>rumbo a las elecciones presidenciales de 2024.<\/p>\n\n\n\n<p><strong>&#8220;Somos un movimiento pol\u00edtico, es lo que somos<\/strong>, pero necesitamos tener nuestra propia forma de organizaci\u00f3n&#8221;, dijo Ebrard en un mitin con simpatizantes en Ciudad de M\u00e9xico, entre los que hab\u00eda legisladores federales que simpatizan con \u00e9l.<\/p>\n\n\n\n<p>El tambi\u00e9n exjefe de Gobierno de la Ciudad de M\u00e9xico (2006-2012)\u00a0<strong>decidi\u00f3 emprender su propio movimiento tras perder la candidatura del partido fundado por L\u00f3pez Obrador,<\/strong>\u00a0el Movimiento Regeneraci\u00f3n Nacional (Morena), frente a Claudia Sheinbaum, quien se disputar\u00e1 las elecciones de junio de 2024.<\/p>\n\n\n\n<p>Ebrard ha sostenido que estar\u00e1 en las boletas de los comicios de junio de 2024,<strong>&nbsp;aunque asever\u00f3 que los tiempos a\u00fan no le permiten crear un partido para contender en las pr\u00f3ximas elecciones<\/strong>, pues seg\u00fan las leyes electorales mexicanas este tr\u00e1mite solo puede hacerse en enero del a\u00f1o siguiente a una elecci\u00f3n presidencial.<\/p>\n\n\n\n<p>&#8220;No es un partido, aclaro, porque los partidos no se pueden formar ahorita.<strong>\u00a0Vamos a llegar a donde queremos llegar&#8221;<\/strong>, agreg\u00f3.<\/p>\n\n\n\n<p>Sin embargo, el excanciller de M\u00e9xico (2018-2023) asever\u00f3 que recabar\u00e1n firmas de todos los simpatizantes a su causa.<\/p>\n\n\n\n<p><strong>&#8220;Nunca los vamos ni los voy a defraudar. Los pasos que demos ser\u00e1n de movimiento&#8221;<\/strong>, asegur\u00f3 en la presentaci\u00f3n de su nuevo grupo, que retoma el t\u00edtulo de su libro y autobiograf\u00eda.<\/p>\n\n\n\n<p>De acuerdo con el Instituto Nacional Electoral (INE), el documento de intenci\u00f3n para formar un partido deber\u00e1 entregarse el pr\u00f3ximo mes de enero,&nbsp;<strong>as\u00ed como celebrar asambleas en al menos 20 entidades o 200 distritos electorales en el pa\u00eds.<\/strong><\/p>\n\n\n\n<p>En cada asamblea deber\u00e1n de participar al menos 3.000 afiliados, en el primer caso, y 3.000 por distrito,&nbsp;<strong>mientras que su lista de afiliados no deber\u00e1 de ser menor al 0,26 % del padr\u00f3n electoral del pa\u00eds,<\/strong>&nbsp;de hasta 98,5 millones de mexicanos.<\/p>\n\n\n\n<p>Sheinbaum, anunciada el 6 de septiembre pasado como la candidata presidencial del oficialismo,&nbsp;<strong>lider\u00f3 los sondeos de principio a fin, pero su victoria estuvo empa\u00f1ada por las acusaciones de Ebrard,<\/strong>&nbsp;quien horas antes del anuncio exigi\u00f3 repetir el proceso por un exceso de &#8220;incidencias&#8221; que dejaron la contienda &#8220;sin remedio&#8221;.<\/p>\n\n\n\n<p>El excanciller amag\u00f3 hace una semana con dejar Morena por las irregularidades que \u00e9l percibi\u00f3 en la contienda interna del partido, por lo que Sheinbaum, L\u00f3pez Obrador y otros l\u00edderes partidistas le han pedido mantener la unidad.<\/p>\n","protected":false},"excerpt":{"rendered":"<p>Marcelo Ebrard decidi\u00f3 emprender su propio movimiento tras perder la candidatura de Monera ante&nbsp;Claudia Sheinbaum 18 de septiembre de 2023 &#8211; El excanciller Marcelo Ebrard lanz\u00f3 este lunes su propia organizaci\u00f3n civil, El Camino de M\u00e9xico, tras perder la candidatura presidencial del oficialismo,&nbsp;con lo que impulsa un nuevo roce con el partido del presidente Andr\u00e9s [&hellip;]<\/p>\n","protected":false},"author":1,"featured_media":1719,"comment_status":"open","ping_status":"open","sticky":false,"template":"","format":"standard","meta":{"footnotes":""},"categories":[5],"tags":[],"class_list":["post-1718","post","type-post","status-publish","format-standard","has-post-thumbnail","hentry","category-nacional"],"blog_post_layout_featured_media_urls":{"thumbnail":["https:\/\/elregionaldigital.info\/wp-content\/uploads\/2023\/09\/marcelo_ebrard_x2x_crop1695081124254.jpg_1970638775-150x150.webp",150,150,true],"full":["https:\/\/elregionaldigital.info\/wp-content\/uploads\/2023\/09\/marcelo_ebrard_x2x_crop1695081124254.jpg_1970638775.webp",770,485,false]},"categories_names":{"5":{"name":"Nacional","link":"https:\/\/elregionaldigital.info\/?cat=5"}},"tags_names":[],"comments_number":"0","wpmagazine_modules_lite_featured_media_urls":{"thumbnail":["https:\/\/elregionaldigital.info\/wp-content\/uploads\/2023\/09\/marcelo_ebrard_x2x_crop1695081124254.jpg_1970638775-150x150.webp",150,150,true],"cvmm-medium":["https:\/\/elregionaldigital.info\/wp-content\/uploads\/2023\/09\/marcelo_ebrard_x2x_crop1695081124254.jpg_1970638775-300x300.webp",300,300,true],"cvmm-medium-plus":["https:\/\/elregionaldigital.info\/wp-content\/uploads\/2023\/09\/marcelo_ebrard_x2x_crop1695081124254.jpg_1970638775-305x207.webp",305,207,true],"cvmm-portrait":["https:\/\/elregionaldigital.info\/wp-content\/uploads\/2023\/09\/marcelo_ebrard_x2x_crop1695081124254.jpg_1970638775-400x485.webp",400,485,true],"cvmm-medium-square":["https:\/\/elregionaldigital.info\/wp-content\/uploads\/2023\/09\/marcelo_ebrard_x2x_crop1695081124254.jpg_1970638775-600x485.webp",600,485,true],"cvmm-large":["https:\/\/elregionaldigital.info\/wp-content\/uploads\/2023\/09\/marcelo_ebrard_x2x_crop1695081124254.jpg_1970638775.webp",770,485,false],"cvmm-small":["https:\/\/elregionaldigital.info\/wp-content\/uploads\/2023\/09\/marcelo_ebrard_x2x_crop1695081124254.jpg_1970638775-130x95.webp",130,95,true],"full":["https:\/\/elregionaldigital.info\/wp-content\/uploads\/2023\/09\/marcelo_ebrard_x2x_crop1695081124254.jpg_1970638775.webp",770,485,false]},"_links":{"self":[{"href":"https:\/\/elregionaldigital.info\/index.php?rest_route=\/wp\/v2\/posts\/1718","targetHints":{"allow":["GET"]}}],"collection":[{"href":"https:\/\/elregionaldigital.info\/index.php?rest_route=\/wp\/v2\/posts"}],"about":[{"href":"https:\/\/elregionaldigital.info\/index.php?rest_route=\/wp\/v2\/types\/post"}],"author":[{"embeddable":true,"href":"https:\/\/elregionaldigital.info\/index.php?rest_route=\/wp\/v2\/users\/1"}],"replies":[{"embeddable":true,"href":"https:\/\/elregionaldigital.info\/index.php?rest_route=%2Fwp%2Fv2%2Fcomments&post=1718"}],"version-history":[{"count":1,"href":"https:\/\/elregionaldigital.info\/index.php?rest_route=\/wp\/v2\/posts\/1718\/revisions"}],"predecessor-version":[{"id":1720,"href":"https:\/\/elregionaldigital.info\/index.php?rest_route=\/wp\/v2\/posts\/1718\/revisions\/1720"}],"wp:featuredmedia":[{"embeddable":true,"href":"https:\/\/elregionaldigital.info\/index.php?rest_route=\/wp\/v2\/media\/1719"}],"wp:attachment":[{"href":"https:\/\/elregionaldigital.info\/index.php?rest_route=%2Fwp%2Fv2%2Fmedia&parent=1718"}],"wp:term":[{"taxonomy":"category","embeddable":true,"href":"https:\/\/elregionaldigital.info\/index.php?rest_route=%2Fwp%2Fv2%2Fcategories&post=1718"},{"taxonomy":"post_tag","embeddable":true,"href":"https:\/\/elregionaldigital.info\/index.php?rest_route=%2Fwp%2Fv2%2Ftags&post=1718"}],"curies":[{"name":"wp","href":"https:\/\/api.w.org\/{rel}","templated":true}]}}