{"id":1711,"date":"2023-09-16T05:15:00","date_gmt":"2023-09-16T05:15:00","guid":{"rendered":"http:\/\/elregionaldigital.info\/?p=1711"},"modified":"2023-09-26T05:22:58","modified_gmt":"2023-09-26T05:22:58","slug":"gobernador-de-tamaulipas-americo-villarreal-encabeza-emotiva-celebracion-del-grito-de-independencia","status":"publish","type":"post","link":"https:\/\/elregionaldigital.info\/?p=1711","title":{"rendered":"Gobernador de Tamaulipas, Am\u00e9rico Villarreal, encabeza emotiva celebraci\u00f3n del Grito de Independencia"},"content":{"rendered":"\n<figure class=\"wp-block-image size-full\"><img loading=\"lazy\" decoding=\"async\" width=\"750\" height=\"375\" src=\"http:\/\/elregionaldigital.info\/wp-content\/uploads\/2023\/09\/284acfd0-b2ed-47fd-90d9-eb63218360ab-750x375-1.jpg\" alt=\"\" class=\"wp-image-1712\" srcset=\"https:\/\/elregionaldigital.info\/wp-content\/uploads\/2023\/09\/284acfd0-b2ed-47fd-90d9-eb63218360ab-750x375-1.jpg 750w, https:\/\/elregionaldigital.info\/wp-content\/uploads\/2023\/09\/284acfd0-b2ed-47fd-90d9-eb63218360ab-750x375-1-300x150.jpg 300w\" sizes=\"auto, (max-width: 750px) 100vw, 750px\" \/><\/figure>\n\n\n\n<h2 class=\"wp-block-heading\">Con un emocionante &#8220;\u00a1Viva M\u00e9xico!&#8221; que reson\u00f3 en toda la plaza, el Gobernador Villarreal dio inicio a los festejos en una noche llena de patriotismo y alegr\u00eda<\/h2>\n\n\n\n<p><a href=\"https:\/\/voxpopulinoticias.com.mx\/2023\/09\/gobernador-de-tamaulipas-americo-villarreal-encabeza-emotiva-celebracion-del-grito-de-independencia\/\">15 septiembre, 2023<\/a><\/p>\n\n\n\n<p><strong>Ciudad Victoria, Tamaulipas, \/ Redacci\u00f3n.- &nbsp;&nbsp;<\/strong><\/p>\n\n\n\n<p>El Gobernador del Estado de Tamaulipas, Am\u00e9rico Villarreal, encabez\u00f3 una emotiva ceremonia del Grito de Independencia en la hist\u00f3rica plaza del 15, donde ciudadanos se reunieron para conmemorar el 213\u00ba aniversario del inicio de la lucha por la independencia de M\u00e9xico.<\/p>\n\n\n\n<p>Con un emocionante \u201c\u00a1Viva M\u00e9xico!\u201d que reson\u00f3 en toda la plaza, el gobernador Villarreal dio inicio a los festejos en una noche llena de patriotismo y alegr\u00eda. La plaza se ilumin\u00f3 con luces de colores, mientras que los fuegos artificiales pintaban el cielo con los colores de la bandera mexicana.<\/p>\n\n\n\n<p>La plaza del 15 se llen\u00f3 de familias, j\u00f3venes y personas de todas las edades que se unieron en un ambiente festivo para celebrar esta fecha hist\u00f3rica. Adem\u00e1s del tradicional Grito de Independencia, hubo presentaciones de m\u00fasica folkl\u00f3rica, bailes regionales y una gran variedad de antojitos mexicanos.<\/p>\n\n\n\n<p>La celebraci\u00f3n del Grito de Independencia en Tamaulipas no solo fue una muestra de patriotismo, sino tambi\u00e9n una oportunidad para reforzar los lazos comunitarios y resaltar la riqueza cultural de la regi\u00f3n. La noche concluy\u00f3 con aplausos y v\u00edtores, recordando a todos los presentes el profundo amor por M\u00e9xico que une a sus habitantes en esta fecha tan especial<\/p>\n","protected":false},"excerpt":{"rendered":"<p>Con un emocionante &#8220;\u00a1Viva M\u00e9xico!&#8221; que reson\u00f3 en toda la plaza, el Gobernador Villarreal dio inicio a los festejos en una noche llena de patriotismo y alegr\u00eda 15 septiembre, 2023 Ciudad Victoria, Tamaulipas, \/ Redacci\u00f3n.- &nbsp;&nbsp; El Gobernador del Estado de Tamaulipas, Am\u00e9rico Villarreal, encabez\u00f3 una emotiva ceremonia del Grito de Independencia en la hist\u00f3rica [&hellip;]<\/p>\n","protected":false},"author":1,"featured_media":1712,"comment_status":"open","ping_status":"open","sticky":false,"template":"","format":"standard","meta":{"footnotes":""},"categories":[2],"tags":[],"class_list":["post-1711","post","type-post","status-publish","format-standard","has-post-thumbnail","hentry","category-tamaulipas"],"blog_post_layout_featured_media_urls":{"thumbnail":["https:\/\/elregionaldigital.info\/wp-content\/uploads\/2023\/09\/284acfd0-b2ed-47fd-90d9-eb63218360ab-750x375-1-150x150.jpg",150,150,true],"full":["https:\/\/elregionaldigital.info\/wp-content\/uploads\/2023\/09\/284acfd0-b2ed-47fd-90d9-eb63218360ab-750x375-1.jpg",750,375,false]},"categories_names":{"2":{"name":"Tamaulipas","link":"https:\/\/elregionaldigital.info\/?cat=2"}},"tags_names":[],"comments_number":"0","wpmagazine_modules_lite_featured_media_urls":{"thumbnail":["https:\/\/elregionaldigital.info\/wp-content\/uploads\/2023\/09\/284acfd0-b2ed-47fd-90d9-eb63218360ab-750x375-1-150x150.jpg",150,150,true],"cvmm-medium":["https:\/\/elregionaldigital.info\/wp-content\/uploads\/2023\/09\/284acfd0-b2ed-47fd-90d9-eb63218360ab-750x375-1-300x300.jpg",300,300,true],"cvmm-medium-plus":["https:\/\/elregionaldigital.info\/wp-content\/uploads\/2023\/09\/284acfd0-b2ed-47fd-90d9-eb63218360ab-750x375-1-305x207.jpg",305,207,true],"cvmm-portrait":["https:\/\/elregionaldigital.info\/wp-content\/uploads\/2023\/09\/284acfd0-b2ed-47fd-90d9-eb63218360ab-750x375-1-400x375.jpg",400,375,true],"cvmm-medium-square":["https:\/\/elregionaldigital.info\/wp-content\/uploads\/2023\/09\/284acfd0-b2ed-47fd-90d9-eb63218360ab-750x375-1-600x375.jpg",600,375,true],"cvmm-large":["https:\/\/elregionaldigital.info\/wp-content\/uploads\/2023\/09\/284acfd0-b2ed-47fd-90d9-eb63218360ab-750x375-1.jpg",750,375,false],"cvmm-small":["https:\/\/elregionaldigital.info\/wp-content\/uploads\/2023\/09\/284acfd0-b2ed-47fd-90d9-eb63218360ab-750x375-1-130x95.jpg",130,95,true],"full":["https:\/\/elregionaldigital.info\/wp-content\/uploads\/2023\/09\/284acfd0-b2ed-47fd-90d9-eb63218360ab-750x375-1.jpg",750,375,false]},"_links":{"self":[{"href":"https:\/\/elregionaldigital.info\/index.php?rest_route=\/wp\/v2\/posts\/1711","targetHints":{"allow":["GET"]}}],"collection":[{"href":"https:\/\/elregionaldigital.info\/index.php?rest_route=\/wp\/v2\/posts"}],"about":[{"href":"https:\/\/elregionaldigital.info\/index.php?rest_route=\/wp\/v2\/types\/post"}],"author":[{"embeddable":true,"href":"https:\/\/elregionaldigital.info\/index.php?rest_route=\/wp\/v2\/users\/1"}],"replies":[{"embeddable":true,"href":"https:\/\/elregionaldigital.info\/index.php?rest_route=%2Fwp%2Fv2%2Fcomments&post=1711"}],"version-history":[{"count":1,"href":"https:\/\/elregionaldigital.info\/index.php?rest_route=\/wp\/v2\/posts\/1711\/revisions"}],"predecessor-version":[{"id":1713,"href":"https:\/\/elregionaldigital.info\/index.php?rest_route=\/wp\/v2\/posts\/1711\/revisions\/1713"}],"wp:featuredmedia":[{"embeddable":true,"href":"https:\/\/elregionaldigital.info\/index.php?rest_route=\/wp\/v2\/media\/1712"}],"wp:attachment":[{"href":"https:\/\/elregionaldigital.info\/index.php?rest_route=%2Fwp%2Fv2%2Fmedia&parent=1711"}],"wp:term":[{"taxonomy":"category","embeddable":true,"href":"https:\/\/elregionaldigital.info\/index.php?rest_route=%2Fwp%2Fv2%2Fcategories&post=1711"},{"taxonomy":"post_tag","embeddable":true,"href":"https:\/\/elregionaldigital.info\/index.php?rest_route=%2Fwp%2Fv2%2Ftags&post=1711"}],"curies":[{"name":"wp","href":"https:\/\/api.w.org\/{rel}","templated":true}]}}