{"id":1681,"date":"2023-09-12T06:04:56","date_gmt":"2023-09-12T06:04:56","guid":{"rendered":"http:\/\/elregionaldigital.info\/?p=1681"},"modified":"2023-09-12T06:04:56","modified_gmt":"2023-09-12T06:04:56","slug":"sheinbaum-anuncia-fecha-para-su-gira-por-la-republica","status":"publish","type":"post","link":"https:\/\/elregionaldigital.info\/?p=1681","title":{"rendered":"Sheinbaum anuncia fecha para su gira por la Rep\u00fablica"},"content":{"rendered":"\n<figure class=\"wp-block-image size-full\"><img loading=\"lazy\" decoding=\"async\" width=\"770\" height=\"485\" src=\"http:\/\/elregionaldigital.info\/wp-content\/uploads\/2023\/09\/rs3180773_dig-2023-08-29-20-53-37-scr_crop1694493465752.jpg_1970638775.webp\" alt=\"\" class=\"wp-image-1682\" srcset=\"https:\/\/elregionaldigital.info\/wp-content\/uploads\/2023\/09\/rs3180773_dig-2023-08-29-20-53-37-scr_crop1694493465752.jpg_1970638775.webp 770w, https:\/\/elregionaldigital.info\/wp-content\/uploads\/2023\/09\/rs3180773_dig-2023-08-29-20-53-37-scr_crop1694493465752.jpg_1970638775-300x189.webp 300w, https:\/\/elregionaldigital.info\/wp-content\/uploads\/2023\/09\/rs3180773_dig-2023-08-29-20-53-37-scr_crop1694493465752.jpg_1970638775-768x484.webp 768w\" sizes=\"auto, (max-width: 770px) 100vw, 770px\" \/><\/figure>\n\n\n\n<p>La candidata a la presidencia de M\u00e9xico\u00a0tambi\u00e9n llam\u00f3 a dejar atr\u00e1s los recelos, y los agravios entre los simpatizantes y militantes<\/p>\n\n\n\n<p>La candidata a la presidencia por Morena,&nbsp;<strong>Claudia Sheinbaum,<\/strong>&nbsp;mediante un video en redes sociales&nbsp;&nbsp;<strong>hizo un llamado a la poblaci\u00f3n a sumarse a la regeneraci\u00f3n de la naci\u00f3n<\/strong>, independiente de su religi\u00f3n, posici\u00f3n social, o incluso afiliaci\u00f3n partidista.<\/p>\n\n\n\n<p><strong>&#8220;Contribuyamos todos para seguir avanzando en la regeneraci\u00f3n y el engrandecimiento de nuestra patria, y trabajemos en la construcci\u00f3n basada en el humanismo, en la dignidad, igualdad, y los derechos&#8221;,&nbsp;<\/strong>se\u00f1al\u00f3 en un video en redes sociales.<\/p>\n\n\n\n<p>Sheinbaum tambi\u00e9n llam\u00f3 a dejar atr\u00e1s los recelos, y los agravios entre los simpatizantes y militantes, pero tambi\u00e9n a aquellos que desde otras posiciones pol\u00edticas y partidistas han estado luchando por los mismos objetivos compartidos.<\/p>\n\n\n\n<p>Asimismo,&nbsp;<strong>indic\u00f3 que a partir del siguiente domingo har\u00e1 una gira por el pa\u00eds<\/strong>&nbsp;para realizar asambleas en cada capital de las 32 entidades.<\/p>\n\n\n\n<p><strong>&#8220;Iniciaremos a partir del domingo 17 de septiembre una gira por todo el pa\u00eds\u00a0<\/strong>para la suma de este acuerdo por la unidad. Unidad para la transformaci\u00f3n en asambleas que se llevar\u00e1n a cabo en las capitales de los 31 estados, y en la Ciudad de M\u00e9xico&#8221;, indic\u00f3.<\/p>\n\n\n\n<p>Agreg\u00f3:\u00a0<strong>&#8220;Vamos en alegr\u00eda a seguir sumando a m\u00e1s y m\u00e1s mexicanas libres a esta transformaci\u00f3n hist\u00f3rica&#8221;.<\/strong><\/p>\n","protected":false},"excerpt":{"rendered":"<p>La candidata a la presidencia de M\u00e9xico\u00a0tambi\u00e9n llam\u00f3 a dejar atr\u00e1s los recelos, y los agravios entre los simpatizantes y militantes La candidata a la presidencia por Morena,&nbsp;Claudia Sheinbaum,&nbsp;mediante un video en redes sociales&nbsp;&nbsp;hizo un llamado a la poblaci\u00f3n a sumarse a la regeneraci\u00f3n de la naci\u00f3n, independiente de su religi\u00f3n, posici\u00f3n social, o incluso [&hellip;]<\/p>\n","protected":false},"author":1,"featured_media":1682,"comment_status":"open","ping_status":"open","sticky":false,"template":"","format":"standard","meta":{"footnotes":""},"categories":[5],"tags":[],"class_list":["post-1681","post","type-post","status-publish","format-standard","has-post-thumbnail","hentry","category-nacional"],"blog_post_layout_featured_media_urls":{"thumbnail":["https:\/\/elregionaldigital.info\/wp-content\/uploads\/2023\/09\/rs3180773_dig-2023-08-29-20-53-37-scr_crop1694493465752.jpg_1970638775-150x150.webp",150,150,true],"full":["https:\/\/elregionaldigital.info\/wp-content\/uploads\/2023\/09\/rs3180773_dig-2023-08-29-20-53-37-scr_crop1694493465752.jpg_1970638775.webp",770,485,false]},"categories_names":{"5":{"name":"Nacional","link":"https:\/\/elregionaldigital.info\/?cat=5"}},"tags_names":[],"comments_number":"0","wpmagazine_modules_lite_featured_media_urls":{"thumbnail":["https:\/\/elregionaldigital.info\/wp-content\/uploads\/2023\/09\/rs3180773_dig-2023-08-29-20-53-37-scr_crop1694493465752.jpg_1970638775-150x150.webp",150,150,true],"cvmm-medium":["https:\/\/elregionaldigital.info\/wp-content\/uploads\/2023\/09\/rs3180773_dig-2023-08-29-20-53-37-scr_crop1694493465752.jpg_1970638775-300x300.webp",300,300,true],"cvmm-medium-plus":["https:\/\/elregionaldigital.info\/wp-content\/uploads\/2023\/09\/rs3180773_dig-2023-08-29-20-53-37-scr_crop1694493465752.jpg_1970638775-305x207.webp",305,207,true],"cvmm-portrait":["https:\/\/elregionaldigital.info\/wp-content\/uploads\/2023\/09\/rs3180773_dig-2023-08-29-20-53-37-scr_crop1694493465752.jpg_1970638775-400x485.webp",400,485,true],"cvmm-medium-square":["https:\/\/elregionaldigital.info\/wp-content\/uploads\/2023\/09\/rs3180773_dig-2023-08-29-20-53-37-scr_crop1694493465752.jpg_1970638775-600x485.webp",600,485,true],"cvmm-large":["https:\/\/elregionaldigital.info\/wp-content\/uploads\/2023\/09\/rs3180773_dig-2023-08-29-20-53-37-scr_crop1694493465752.jpg_1970638775.webp",770,485,false],"cvmm-small":["https:\/\/elregionaldigital.info\/wp-content\/uploads\/2023\/09\/rs3180773_dig-2023-08-29-20-53-37-scr_crop1694493465752.jpg_1970638775-130x95.webp",130,95,true],"full":["https:\/\/elregionaldigital.info\/wp-content\/uploads\/2023\/09\/rs3180773_dig-2023-08-29-20-53-37-scr_crop1694493465752.jpg_1970638775.webp",770,485,false]},"_links":{"self":[{"href":"https:\/\/elregionaldigital.info\/index.php?rest_route=\/wp\/v2\/posts\/1681","targetHints":{"allow":["GET"]}}],"collection":[{"href":"https:\/\/elregionaldigital.info\/index.php?rest_route=\/wp\/v2\/posts"}],"about":[{"href":"https:\/\/elregionaldigital.info\/index.php?rest_route=\/wp\/v2\/types\/post"}],"author":[{"embeddable":true,"href":"https:\/\/elregionaldigital.info\/index.php?rest_route=\/wp\/v2\/users\/1"}],"replies":[{"embeddable":true,"href":"https:\/\/elregionaldigital.info\/index.php?rest_route=%2Fwp%2Fv2%2Fcomments&post=1681"}],"version-history":[{"count":1,"href":"https:\/\/elregionaldigital.info\/index.php?rest_route=\/wp\/v2\/posts\/1681\/revisions"}],"predecessor-version":[{"id":1683,"href":"https:\/\/elregionaldigital.info\/index.php?rest_route=\/wp\/v2\/posts\/1681\/revisions\/1683"}],"wp:featuredmedia":[{"embeddable":true,"href":"https:\/\/elregionaldigital.info\/index.php?rest_route=\/wp\/v2\/media\/1682"}],"wp:attachment":[{"href":"https:\/\/elregionaldigital.info\/index.php?rest_route=%2Fwp%2Fv2%2Fmedia&parent=1681"}],"wp:term":[{"taxonomy":"category","embeddable":true,"href":"https:\/\/elregionaldigital.info\/index.php?rest_route=%2Fwp%2Fv2%2Fcategories&post=1681"},{"taxonomy":"post_tag","embeddable":true,"href":"https:\/\/elregionaldigital.info\/index.php?rest_route=%2Fwp%2Fv2%2Ftags&post=1681"}],"curies":[{"name":"wp","href":"https:\/\/api.w.org\/{rel}","templated":true}]}}