{"id":1675,"date":"2023-09-10T17:47:00","date_gmt":"2023-09-10T17:47:00","guid":{"rendered":"http:\/\/elregionaldigital.info\/?p=1675"},"modified":"2023-09-12T05:55:50","modified_gmt":"2023-09-12T05:55:50","slug":"implementa-la-uat-nuevo-modelo-de-tutoria-efectiva","status":"publish","type":"post","link":"https:\/\/elregionaldigital.info\/?p=1675","title":{"rendered":"Implementa la UAT nuevo modelo de tutor\u00eda efectiva"},"content":{"rendered":"\n<figure class=\"wp-block-image size-large\"><img loading=\"lazy\" decoding=\"async\" width=\"1024\" height=\"502\" src=\"http:\/\/elregionaldigital.info\/wp-content\/uploads\/2023\/09\/3-1024x502.jpg\" alt=\"\" class=\"wp-image-1676\" srcset=\"https:\/\/elregionaldigital.info\/wp-content\/uploads\/2023\/09\/3-1024x502.jpg 1024w, https:\/\/elregionaldigital.info\/wp-content\/uploads\/2023\/09\/3-300x147.jpg 300w, https:\/\/elregionaldigital.info\/wp-content\/uploads\/2023\/09\/3-768x377.jpg 768w, https:\/\/elregionaldigital.info\/wp-content\/uploads\/2023\/09\/3-1536x753.jpg 1536w, https:\/\/elregionaldigital.info\/wp-content\/uploads\/2023\/09\/3.jpg 1568w\" sizes=\"auto, (max-width: 1024px) 100vw, 1024px\" \/><\/figure>\n\n\n\n<p>Ciudad Victoria, Tam.; 10 de septiembre de 2023.<br>Implementa la UAT nuevo modelo de tutor\u00eda efectiva<\/p>\n\n\n\n<p>La Universidad Aut\u00f3noma de Tamaulipas (UAT) ha dado un paso significativo<br>hacia la promoci\u00f3n de la excelencia acad\u00e9mica y el desarrollo integral de sus<br>estudiantes con la implementaci\u00f3n del nuevo modelo de tutor\u00eda efectiva.<br>En respuesta al Plan de Desarrollo Institucional 2022-2025 del rector<br>Guillermo Mendoza Cavazos, la iniciativa tiene como objetivo revolucionar la<br>experiencia educativa de sus estudiantes en su trayecto por la instituci\u00f3n.<br>La Secretar\u00eda Acad\u00e9mica, a trav\u00e9s de la Direcci\u00f3n de Tutor\u00edas y Trayectoria<br>Formativa, ha desempe\u00f1ado un papel fundamental en la capacitaci\u00f3n docente<br>para la implementaci\u00f3n de ese innovador modelo.<br>Para ello, se llev\u00f3 a cabo un curso de capacitaci\u00f3n a los docentes que<br>fungir\u00e1n como tutores en el uso de la plataforma tecnol\u00f3gica habilitada para ese<br>enfoque vanguardista de tutor\u00eda.<br>En el evento, la Dra. Rosa Issel Acosta Gonz\u00e1lez, secretaria acad\u00e9mica de<br>la UAT, enfatiz\u00f3 que el modelo es parte de la implementaci\u00f3n de la nueva reforma<br>curricular, el modelo educativo y modelo acad\u00e9mico, los cuales representan la<br>visi\u00f3n innovadora que la UAT fomentar\u00e1 en su comunidad, para atender y dar<br>soluciones a las problem\u00e1ticas sociales del entorno actual.<br>Durante la apertura del curso, desarrollado los d\u00edas 6, 7 y 8 de septiembre<br>de 2023, a trav\u00e9s de Microsoft Teams, se destac\u00f3 que la tutor\u00eda efectiva es un<br>proceso que fortalece la integraci\u00f3n de los estudiantes a la vida universitaria,<br>contribuyendo a su formaci\u00f3n integral y al desarrollo de sus proyectos de vida.<br>El modelo se centra en la comunicaci\u00f3n efectiva, afectiva y asertiva entre<br>tutores y tutorados, abordando aspectos clave de su trayectoria acad\u00e9mica,<br>escolar y formativa.<\/p>\n\n\n\n<p>De acuerdo con el programa de trabajo, una de las caracter\u00edsticas<br>distintivas es la asignaci\u00f3n de un tutor para cada tutorado, desde su ingreso hasta<br>su egreso, asegurando un acompa\u00f1amiento personalizado.<br>Adem\u00e1s, se ha implementado un tablero compartido entre tutores y<br>tutorados que proporciona recursos, materiales e informaci\u00f3n relevante sobre la<br>trayectoria acad\u00e9mica y la vida universitaria del estudiante.<br>Las tutor\u00edas efectivas son valoradas con Unidades de Formaci\u00f3n Integral,<br>denominadas tambi\u00e9n como UFI. Las acciones clave incluyen conocer a los<br>tutorados, reuniones presenciales, an\u00e1lisis de trayectoria formativa, contacto con<br>tutorados en riesgo, gesti\u00f3n de apoyos y orientaci\u00f3n en relaci\u00f3n con pr\u00f3ximas<br>inscripciones.<br>El nuevo modelo de tutor\u00eda efectiva entr\u00f3 en vigor a partir de este per\u00edodo<br>2023-3, demostrando el compromiso continuo de la UAT con la mejora constante<br>de la experiencia educativa de sus estudiantes y su formaci\u00f3n como ciudadanos<br>responsables y comprometidos con la sociedad.<\/p>\n","protected":false},"excerpt":{"rendered":"<p>Ciudad Victoria, Tam.; 10 de septiembre de 2023.Implementa la UAT nuevo modelo de tutor\u00eda efectiva La Universidad Aut\u00f3noma de Tamaulipas (UAT) ha dado un paso significativohacia la promoci\u00f3n de la excelencia acad\u00e9mica y el desarrollo integral de susestudiantes con la implementaci\u00f3n del nuevo modelo de tutor\u00eda efectiva.En respuesta al Plan de Desarrollo Institucional 2022-2025 del [&hellip;]<\/p>\n","protected":false},"author":1,"featured_media":1676,"comment_status":"open","ping_status":"open","sticky":false,"template":"","format":"standard","meta":{"footnotes":""},"categories":[4],"tags":[],"class_list":["post-1675","post","type-post","status-publish","format-standard","has-post-thumbnail","hentry","category-universidades"],"blog_post_layout_featured_media_urls":{"thumbnail":["https:\/\/elregionaldigital.info\/wp-content\/uploads\/2023\/09\/3-150x150.jpg",150,150,true],"full":["https:\/\/elregionaldigital.info\/wp-content\/uploads\/2023\/09\/3.jpg",1568,769,false]},"categories_names":{"4":{"name":"Universidades","link":"https:\/\/elregionaldigital.info\/?cat=4"}},"tags_names":[],"comments_number":"0","wpmagazine_modules_lite_featured_media_urls":{"thumbnail":["https:\/\/elregionaldigital.info\/wp-content\/uploads\/2023\/09\/3-150x150.jpg",150,150,true],"cvmm-medium":["https:\/\/elregionaldigital.info\/wp-content\/uploads\/2023\/09\/3-300x300.jpg",300,300,true],"cvmm-medium-plus":["https:\/\/elregionaldigital.info\/wp-content\/uploads\/2023\/09\/3-305x207.jpg",305,207,true],"cvmm-portrait":["https:\/\/elregionaldigital.info\/wp-content\/uploads\/2023\/09\/3-400x600.jpg",400,600,true],"cvmm-medium-square":["https:\/\/elregionaldigital.info\/wp-content\/uploads\/2023\/09\/3-600x600.jpg",600,600,true],"cvmm-large":["https:\/\/elregionaldigital.info\/wp-content\/uploads\/2023\/09\/3-1024x769.jpg",1024,769,true],"cvmm-small":["https:\/\/elregionaldigital.info\/wp-content\/uploads\/2023\/09\/3-130x95.jpg",130,95,true],"full":["https:\/\/elregionaldigital.info\/wp-content\/uploads\/2023\/09\/3.jpg",1568,769,false]},"_links":{"self":[{"href":"https:\/\/elregionaldigital.info\/index.php?rest_route=\/wp\/v2\/posts\/1675","targetHints":{"allow":["GET"]}}],"collection":[{"href":"https:\/\/elregionaldigital.info\/index.php?rest_route=\/wp\/v2\/posts"}],"about":[{"href":"https:\/\/elregionaldigital.info\/index.php?rest_route=\/wp\/v2\/types\/post"}],"author":[{"embeddable":true,"href":"https:\/\/elregionaldigital.info\/index.php?rest_route=\/wp\/v2\/users\/1"}],"replies":[{"embeddable":true,"href":"https:\/\/elregionaldigital.info\/index.php?rest_route=%2Fwp%2Fv2%2Fcomments&post=1675"}],"version-history":[{"count":1,"href":"https:\/\/elregionaldigital.info\/index.php?rest_route=\/wp\/v2\/posts\/1675\/revisions"}],"predecessor-version":[{"id":1677,"href":"https:\/\/elregionaldigital.info\/index.php?rest_route=\/wp\/v2\/posts\/1675\/revisions\/1677"}],"wp:featuredmedia":[{"embeddable":true,"href":"https:\/\/elregionaldigital.info\/index.php?rest_route=\/wp\/v2\/media\/1676"}],"wp:attachment":[{"href":"https:\/\/elregionaldigital.info\/index.php?rest_route=%2Fwp%2Fv2%2Fmedia&parent=1675"}],"wp:term":[{"taxonomy":"category","embeddable":true,"href":"https:\/\/elregionaldigital.info\/index.php?rest_route=%2Fwp%2Fv2%2Fcategories&post=1675"},{"taxonomy":"post_tag","embeddable":true,"href":"https:\/\/elregionaldigital.info\/index.php?rest_route=%2Fwp%2Fv2%2Ftags&post=1675"}],"curies":[{"name":"wp","href":"https:\/\/api.w.org\/{rel}","templated":true}]}}