{"id":1660,"date":"2023-09-06T19:22:47","date_gmt":"2023-09-06T19:22:47","guid":{"rendered":"http:\/\/elregionaldigital.info\/?p=1660"},"modified":"2023-09-08T19:28:01","modified_gmt":"2023-09-08T19:28:01","slug":"impulsa-uat-el-crecimiento-de-la-preparatoria-3-en-victoria","status":"publish","type":"post","link":"https:\/\/elregionaldigital.info\/?p=1660","title":{"rendered":"Impulsa UAT el crecimiento de la Preparatoria 3 en Victoria"},"content":{"rendered":"\n<figure class=\"wp-block-image size-large\"><img loading=\"lazy\" decoding=\"async\" width=\"1024\" height=\"682\" src=\"http:\/\/elregionaldigital.info\/wp-content\/uploads\/2023\/09\/1-5-1024x682.jpg\" alt=\"\" class=\"wp-image-1661\" srcset=\"https:\/\/elregionaldigital.info\/wp-content\/uploads\/2023\/09\/1-5-1024x682.jpg 1024w, https:\/\/elregionaldigital.info\/wp-content\/uploads\/2023\/09\/1-5-300x200.jpg 300w, https:\/\/elregionaldigital.info\/wp-content\/uploads\/2023\/09\/1-5-768x512.jpg 768w, https:\/\/elregionaldigital.info\/wp-content\/uploads\/2023\/09\/1-5.jpg 1280w\" sizes=\"auto, (max-width: 1024px) 100vw, 1024px\" \/><\/figure>\n\n\n\n<p>Ciudad Victoria, Tam.; 6 de septiembre de 2023.<br>Impulsa UAT el crecimiento de la Preparatoria 3 en Victoria<\/p>\n\n\n\n<p>El rector Guillermo Mendoza Cavazos presidi\u00f3 en esta capital el inicio de los<br>eventos conmemorativos por el d\u00e9cimo aniversario de la fundaci\u00f3n de la Escuela<br>Preparatoria N\u00famero 3 de la Universidad Aut\u00f3noma de Tamaulipas (UAT).<br>Acompa\u00f1ado por la directora de esa instituci\u00f3n, Mtra. Maribel Sober\u00f3n<br>Garc\u00eda, el contador p\u00fablico Guillermo Mendoza destac\u00f3 el importante crecimiento<br>que ha tenido la preparatoria en materia acad\u00e9mica y en infraestructura,<br>convirti\u00e9ndose en poco tiempo en un referente de la educaci\u00f3n media superior en<br>Ciudad Victoria.<br>En la ceremonia de aniversario, subray\u00f3 que, a diez a\u00f1os de su creaci\u00f3n,<br>esta escuela se est\u00e1 consolidando como un proyecto con grandes expectativas de<br>crecimiento y se ha profesionalizado para brindar cada vez mejores servicios<br>educativos.<br>En su mensaje, el rector felicit\u00f3 a la comunidad acad\u00e9mica y estudiantil,<br>adem\u00e1s de reconocer el esfuerzo y trabajo sostenido de su personal directivo y<br>administrativo para seguir super\u00e1ndose con el objetivo de ofrecer una educaci\u00f3n<br>de excelencia a la juventud que se prepara en el bachillerato.<br>En su oportunidad, la Mtra. Maribel Sober\u00f3n Garc\u00eda agradeci\u00f3 al rector<br>Guillermo Mendoza Cavazos el apoyo que ha brindado desde los inicios de este<br>plantel y que ha permitido seguir avanzando en los proyectos de crecimiento<br>institucional.<br>De igual forma, Marijose Manr\u00edquez, alumna del quinto grado, hizo uso de la<br>palabra y dijo que es importante para los estudiantes tener autoridades que se<\/p>\n\n\n\n<p>preocupan por su bienestar, y asegur\u00f3 que ellos, en reciprocidad, seguir\u00e1n<br>esforz\u00e1ndose para llevar en alto el nombre de la UAT.<br>Posteriormente, el C. P. Guillermo Mendoza Cavazos inaugur\u00f3 cuatro<br>nuevos salones que permitir\u00e1n aumentar la matr\u00edcula de estudiantes. Tambi\u00e9n<br>constat\u00f3 los avances de nuevas obras que se han puesto en marcha para ampliar<br>la infraestructura del plantel.<br>Finalmente, se reuni\u00f3 con el cuerpo de docentes, quienes le expusieron<br>nuevos proyectos que se impulsan para el fortalecimiento de la calidad acad\u00e9mica<br>de la preparatoria.<br>Entre otros proyectos, se present\u00f3 el club de conversaci\u00f3n de idioma ingl\u00e9s,<br>que incluye actividades din\u00e1micas y creativas para que los alumnos desarrollen<br>habilidades de expresi\u00f3n oral y adquieran conocimientos socioculturales.<br>Tambi\u00e9n se present\u00f3 un proyecto para promover en la comunidad escolar la<br>pr\u00e1ctica de la lectura a trav\u00e9s de la programaci\u00f3n de sesiones semanales.<br>Asimismo, se expuso el crecimiento en matr\u00edcula escolar y de personal<br>docente, adem\u00e1s de un informe respecto al avance de la reforma curricular del<br>modelo acad\u00e9mico en materia de educaci\u00f3n media superior, que se trabaja en<br>conjunto con la Secretar\u00eda Acad\u00e9mica de la UAT.<br>Los festejos por el aniversario de la preparatoria, que continuar\u00e1n durante<br>todo el mes de septiembre, contemplan actividades acad\u00e9micas, deportivas y<br>culturales.<\/p>\n","protected":false},"excerpt":{"rendered":"<p>Ciudad Victoria, Tam.; 6 de septiembre de 2023.Impulsa UAT el crecimiento de la Preparatoria 3 en Victoria El rector Guillermo Mendoza Cavazos presidi\u00f3 en esta capital el inicio de loseventos conmemorativos por el d\u00e9cimo aniversario de la fundaci\u00f3n de la EscuelaPreparatoria N\u00famero 3 de la Universidad Aut\u00f3noma de Tamaulipas (UAT).Acompa\u00f1ado por la directora de esa [&hellip;]<\/p>\n","protected":false},"author":1,"featured_media":1661,"comment_status":"open","ping_status":"open","sticky":false,"template":"","format":"standard","meta":{"footnotes":""},"categories":[4],"tags":[],"class_list":["post-1660","post","type-post","status-publish","format-standard","has-post-thumbnail","hentry","category-universidades"],"blog_post_layout_featured_media_urls":{"thumbnail":["https:\/\/elregionaldigital.info\/wp-content\/uploads\/2023\/09\/1-5-150x150.jpg",150,150,true],"full":["https:\/\/elregionaldigital.info\/wp-content\/uploads\/2023\/09\/1-5.jpg",1280,853,false]},"categories_names":{"4":{"name":"Universidades","link":"https:\/\/elregionaldigital.info\/?cat=4"}},"tags_names":[],"comments_number":"0","wpmagazine_modules_lite_featured_media_urls":{"thumbnail":["https:\/\/elregionaldigital.info\/wp-content\/uploads\/2023\/09\/1-5-150x150.jpg",150,150,true],"cvmm-medium":["https:\/\/elregionaldigital.info\/wp-content\/uploads\/2023\/09\/1-5-300x300.jpg",300,300,true],"cvmm-medium-plus":["https:\/\/elregionaldigital.info\/wp-content\/uploads\/2023\/09\/1-5-305x207.jpg",305,207,true],"cvmm-portrait":["https:\/\/elregionaldigital.info\/wp-content\/uploads\/2023\/09\/1-5-400x600.jpg",400,600,true],"cvmm-medium-square":["https:\/\/elregionaldigital.info\/wp-content\/uploads\/2023\/09\/1-5-600x600.jpg",600,600,true],"cvmm-large":["https:\/\/elregionaldigital.info\/wp-content\/uploads\/2023\/09\/1-5-1024x853.jpg",1024,853,true],"cvmm-small":["https:\/\/elregionaldigital.info\/wp-content\/uploads\/2023\/09\/1-5-130x95.jpg",130,95,true],"full":["https:\/\/elregionaldigital.info\/wp-content\/uploads\/2023\/09\/1-5.jpg",1280,853,false]},"_links":{"self":[{"href":"https:\/\/elregionaldigital.info\/index.php?rest_route=\/wp\/v2\/posts\/1660","targetHints":{"allow":["GET"]}}],"collection":[{"href":"https:\/\/elregionaldigital.info\/index.php?rest_route=\/wp\/v2\/posts"}],"about":[{"href":"https:\/\/elregionaldigital.info\/index.php?rest_route=\/wp\/v2\/types\/post"}],"author":[{"embeddable":true,"href":"https:\/\/elregionaldigital.info\/index.php?rest_route=\/wp\/v2\/users\/1"}],"replies":[{"embeddable":true,"href":"https:\/\/elregionaldigital.info\/index.php?rest_route=%2Fwp%2Fv2%2Fcomments&post=1660"}],"version-history":[{"count":1,"href":"https:\/\/elregionaldigital.info\/index.php?rest_route=\/wp\/v2\/posts\/1660\/revisions"}],"predecessor-version":[{"id":1662,"href":"https:\/\/elregionaldigital.info\/index.php?rest_route=\/wp\/v2\/posts\/1660\/revisions\/1662"}],"wp:featuredmedia":[{"embeddable":true,"href":"https:\/\/elregionaldigital.info\/index.php?rest_route=\/wp\/v2\/media\/1661"}],"wp:attachment":[{"href":"https:\/\/elregionaldigital.info\/index.php?rest_route=%2Fwp%2Fv2%2Fmedia&parent=1660"}],"wp:term":[{"taxonomy":"category","embeddable":true,"href":"https:\/\/elregionaldigital.info\/index.php?rest_route=%2Fwp%2Fv2%2Fcategories&post=1660"},{"taxonomy":"post_tag","embeddable":true,"href":"https:\/\/elregionaldigital.info\/index.php?rest_route=%2Fwp%2Fv2%2Ftags&post=1660"}],"curies":[{"name":"wp","href":"https:\/\/api.w.org\/{rel}","templated":true}]}}