{"id":1657,"date":"2023-09-05T19:10:58","date_gmt":"2023-09-05T19:10:58","guid":{"rendered":"http:\/\/elregionaldigital.info\/?p=1657"},"modified":"2023-09-08T19:22:34","modified_gmt":"2023-09-08T19:22:34","slug":"canelo-alvarez-lanza-al-mercado-nuevo-producto-con-raices-mexicanas","status":"publish","type":"post","link":"https:\/\/elregionaldigital.info\/?p=1657","title":{"rendered":"&#8220;Canelo&#8221; \u00c1lvarez lanza al mercado nuevo producto con ra\u00edces mexicanas"},"content":{"rendered":"\n<figure class=\"wp-block-image size-full\"><img loading=\"lazy\" decoding=\"async\" width=\"770\" height=\"485\" src=\"http:\/\/elregionaldigital.info\/wp-content\/uploads\/2023\/09\/canelo_crop1693975412525.jpg_1970638775.webp\" alt=\"\" class=\"wp-image-1658\" srcset=\"https:\/\/elregionaldigital.info\/wp-content\/uploads\/2023\/09\/canelo_crop1693975412525.jpg_1970638775.webp 770w, https:\/\/elregionaldigital.info\/wp-content\/uploads\/2023\/09\/canelo_crop1693975412525.jpg_1970638775-300x189.webp 300w, https:\/\/elregionaldigital.info\/wp-content\/uploads\/2023\/09\/canelo_crop1693975412525.jpg_1970638775-768x484.webp 768w\" sizes=\"auto, (max-width: 770px) 100vw, 770px\" \/><\/figure>\n\n\n\n<p>5 DE SEPTIEMBRE 2023-. Pese a que se encuentra concentrado para su pr\u00f3xima pelea, el boxeador tapat\u00edo no desatiende su faceta empresarial<\/p>\n\n\n\n<p>\u201cCanelo\u201d \u00c1lvarez est\u00e1 de manteles largo, y pese a que se encuentra concentrado para su pr\u00f3xima pelea,&nbsp;<strong>no desatiende su faceta empresarial<\/strong>&nbsp;por lo que ahora el boxeador tapat\u00edo ya sum\u00f3 un negocio m\u00e1s a su lista.<\/p>\n\n\n\n<p><strong>El oriundo de Juanacatl\u00e1n, Jalisco, se medir\u00e1 el pr\u00f3ximo 30 de septiembre en Las Vegas, Nevada<\/strong>, ante Jermell Charlo por los t\u00edtulos mundiales de CMB, FIB, AMB y OMB, una pelea donde se esperan emociones.<\/p>\n\n\n\n<p>Entre los negocios que en estos momentos tiene el campe\u00f3n del mundo del boxeo son: Canelo Technology, Canelo Store, YOACA,\u00a0<strong>Canelo Espect\u00e1culos<\/strong>, Upper, \u00a0Canelo Energy y VMC, \u00e9ste \u00faltimo su nuevo negocio.<\/p>\n\n\n\n<h2 class=\"wp-block-heading\">\u00bfCu\u00e1l es el nuevo negocio del &#8220;Canelo&#8221;?<\/h2>\n\n\n\n<p>El m\u00faltiple campe\u00f3n est\u00e1 incursionando en un nuevo emprendimiento empresarial en el rubro de las bebidas.\u00a0<strong>&#8220;Canelo&#8221; \u00c1lvarez promociona la bebida VMC<\/strong>\u00a0cuya ra\u00edz es bien de M\u00e9xico, de Jalisco para ser m\u00e1s precisos, y que en breve estar\u00e1 a la venta en Estados Unidos.<\/p>\n\n\n\n<p>V\u00eda redes sociales el tapat\u00edo se mostr\u00f3 contento por este nuevo lanzamiento:<strong>\u00a0&#8220;Estoy muy orgulloso de que VMC\u00a0llegue a Estados Unidos que representa una celebraci\u00f3n mexicana<\/strong>\u00a0y un origen de Jalisco&#8221;.<\/p>\n\n\n\n<p>La bebida a base de tequila fue lanzada en 2022 pero ahora tendr\u00e1 terreno comercial en<strong>&nbsp;California, Texas, Nevada y Nuevo M\u00e9xico.<\/strong><\/p>\n\n\n\n<p>La bebida VMC es promocionada por el boxeador en su cuenta de Instagram en donde se lo suele ver posando con una de ellas en sus manos y reivindicando que dentro de esos envases lleva mucho de su querido M\u00e9xico.<\/p>\n","protected":false},"excerpt":{"rendered":"<p>5 DE SEPTIEMBRE 2023-. Pese a que se encuentra concentrado para su pr\u00f3xima pelea, el boxeador tapat\u00edo no desatiende su faceta empresarial \u201cCanelo\u201d \u00c1lvarez est\u00e1 de manteles largo, y pese a que se encuentra concentrado para su pr\u00f3xima pelea,&nbsp;no desatiende su faceta empresarial&nbsp;por lo que ahora el boxeador tapat\u00edo ya sum\u00f3 un negocio m\u00e1s a [&hellip;]<\/p>\n","protected":false},"author":1,"featured_media":1658,"comment_status":"open","ping_status":"open","sticky":false,"template":"","format":"standard","meta":{"footnotes":""},"categories":[6],"tags":[],"class_list":["post-1657","post","type-post","status-publish","format-standard","has-post-thumbnail","hentry","category-deportes"],"blog_post_layout_featured_media_urls":{"thumbnail":["https:\/\/elregionaldigital.info\/wp-content\/uploads\/2023\/09\/canelo_crop1693975412525.jpg_1970638775-150x150.webp",150,150,true],"full":["https:\/\/elregionaldigital.info\/wp-content\/uploads\/2023\/09\/canelo_crop1693975412525.jpg_1970638775.webp",770,485,false]},"categories_names":{"6":{"name":"Deportes","link":"https:\/\/elregionaldigital.info\/?cat=6"}},"tags_names":[],"comments_number":"0","wpmagazine_modules_lite_featured_media_urls":{"thumbnail":["https:\/\/elregionaldigital.info\/wp-content\/uploads\/2023\/09\/canelo_crop1693975412525.jpg_1970638775-150x150.webp",150,150,true],"cvmm-medium":["https:\/\/elregionaldigital.info\/wp-content\/uploads\/2023\/09\/canelo_crop1693975412525.jpg_1970638775-300x300.webp",300,300,true],"cvmm-medium-plus":["https:\/\/elregionaldigital.info\/wp-content\/uploads\/2023\/09\/canelo_crop1693975412525.jpg_1970638775-305x207.webp",305,207,true],"cvmm-portrait":["https:\/\/elregionaldigital.info\/wp-content\/uploads\/2023\/09\/canelo_crop1693975412525.jpg_1970638775-400x485.webp",400,485,true],"cvmm-medium-square":["https:\/\/elregionaldigital.info\/wp-content\/uploads\/2023\/09\/canelo_crop1693975412525.jpg_1970638775-600x485.webp",600,485,true],"cvmm-large":["https:\/\/elregionaldigital.info\/wp-content\/uploads\/2023\/09\/canelo_crop1693975412525.jpg_1970638775.webp",770,485,false],"cvmm-small":["https:\/\/elregionaldigital.info\/wp-content\/uploads\/2023\/09\/canelo_crop1693975412525.jpg_1970638775-130x95.webp",130,95,true],"full":["https:\/\/elregionaldigital.info\/wp-content\/uploads\/2023\/09\/canelo_crop1693975412525.jpg_1970638775.webp",770,485,false]},"_links":{"self":[{"href":"https:\/\/elregionaldigital.info\/index.php?rest_route=\/wp\/v2\/posts\/1657","targetHints":{"allow":["GET"]}}],"collection":[{"href":"https:\/\/elregionaldigital.info\/index.php?rest_route=\/wp\/v2\/posts"}],"about":[{"href":"https:\/\/elregionaldigital.info\/index.php?rest_route=\/wp\/v2\/types\/post"}],"author":[{"embeddable":true,"href":"https:\/\/elregionaldigital.info\/index.php?rest_route=\/wp\/v2\/users\/1"}],"replies":[{"embeddable":true,"href":"https:\/\/elregionaldigital.info\/index.php?rest_route=%2Fwp%2Fv2%2Fcomments&post=1657"}],"version-history":[{"count":1,"href":"https:\/\/elregionaldigital.info\/index.php?rest_route=\/wp\/v2\/posts\/1657\/revisions"}],"predecessor-version":[{"id":1659,"href":"https:\/\/elregionaldigital.info\/index.php?rest_route=\/wp\/v2\/posts\/1657\/revisions\/1659"}],"wp:featuredmedia":[{"embeddable":true,"href":"https:\/\/elregionaldigital.info\/index.php?rest_route=\/wp\/v2\/media\/1658"}],"wp:attachment":[{"href":"https:\/\/elregionaldigital.info\/index.php?rest_route=%2Fwp%2Fv2%2Fmedia&parent=1657"}],"wp:term":[{"taxonomy":"category","embeddable":true,"href":"https:\/\/elregionaldigital.info\/index.php?rest_route=%2Fwp%2Fv2%2Fcategories&post=1657"},{"taxonomy":"post_tag","embeddable":true,"href":"https:\/\/elregionaldigital.info\/index.php?rest_route=%2Fwp%2Fv2%2Ftags&post=1657"}],"curies":[{"name":"wp","href":"https:\/\/api.w.org\/{rel}","templated":true}]}}