{"id":1654,"date":"2023-09-04T19:01:39","date_gmt":"2023-09-04T19:01:39","guid":{"rendered":"http:\/\/elregionaldigital.info\/?p=1654"},"modified":"2023-09-08T19:10:17","modified_gmt":"2023-09-08T19:10:17","slug":"romina-marcos-es-eliminada-previo-a-la-final-de-masterchef-celebrity","status":"publish","type":"post","link":"https:\/\/elregionaldigital.info\/?p=1654","title":{"rendered":"Romina Marcos es eliminada previo a la final de &#8220;MasterChef Celebrity&#8221;"},"content":{"rendered":"\n<figure class=\"wp-block-image size-full\"><img loading=\"lazy\" decoding=\"async\" width=\"770\" height=\"485\" src=\"http:\/\/elregionaldigital.info\/wp-content\/uploads\/2023\/09\/romi_marcos111_crop1693851652756.jpg_1970638775.webp\" alt=\"\" class=\"wp-image-1655\" srcset=\"https:\/\/elregionaldigital.info\/wp-content\/uploads\/2023\/09\/romi_marcos111_crop1693851652756.jpg_1970638775.webp 770w, https:\/\/elregionaldigital.info\/wp-content\/uploads\/2023\/09\/romi_marcos111_crop1693851652756.jpg_1970638775-300x189.webp 300w, https:\/\/elregionaldigital.info\/wp-content\/uploads\/2023\/09\/romi_marcos111_crop1693851652756.jpg_1970638775-768x484.webp 768w\" sizes=\"auto, (max-width: 770px) 100vw, 770px\" \/><\/figure>\n\n\n\n<p>4 DE SEPTIEMBRE 2023-. La hija de Niurka,\u00a0<strong>Romina Marcos\u00a0<\/strong>qued\u00f3 eliminada durante la semifinal de\u00a0<strong>&#8220;MasterChef Celebrity&#8221;<\/strong><\/p>\n\n\n\n<p>La batalla que se vivi\u00f3 en la semifinal del reality de cocina,&nbsp;&#8220;<strong>MasterChef Celebrity<\/strong>&#8220;, fue colosal donde quedaron s\u00f3lo 4 participantes y&nbsp;tuvieron que mostrar sus mejores habilidades en la cocina para no ser eliminados.&nbsp;<\/p>\n\n\n\n<p>Dicho lo anterior, la joven&nbsp;<strong>Romina Marcos<\/strong>&nbsp;durante sus preparaciones no fueron aprobadas por los chefs para que pasara a la final,&nbsp;<strong>lamentablemente qued\u00f3 eliminada<\/strong>.&nbsp;<\/p>\n\n\n\n<p>Por otro lado, luego de su salida, la reina de belleza&nbsp;<strong>Irma Miranda<\/strong>, el exfutbolista&nbsp;<strong>Paco Palencia<\/strong>&nbsp;y el m\u00fasico<strong>&nbsp;Eduardo Capetillo Gayt\u00e1n<\/strong>&nbsp;son los 3 que competir\u00e1n por ese primer lugar en la competencia. La retribuci\u00f3n ser\u00e1 brindarle un trofeo y 1 mill\u00f3n de pesos.<\/p>\n","protected":false},"excerpt":{"rendered":"<p>4 DE SEPTIEMBRE 2023-. La hija de Niurka,\u00a0Romina Marcos\u00a0qued\u00f3 eliminada durante la semifinal de\u00a0&#8220;MasterChef Celebrity&#8221; La batalla que se vivi\u00f3 en la semifinal del reality de cocina,&nbsp;&#8220;MasterChef Celebrity&#8220;, fue colosal donde quedaron s\u00f3lo 4 participantes y&nbsp;tuvieron que mostrar sus mejores habilidades en la cocina para no ser eliminados.&nbsp; Dicho lo anterior, la joven&nbsp;Romina Marcos&nbsp;durante sus [&hellip;]<\/p>\n","protected":false},"author":1,"featured_media":1655,"comment_status":"open","ping_status":"open","sticky":false,"template":"","format":"standard","meta":{"footnotes":""},"categories":[3],"tags":[],"class_list":["post-1654","post","type-post","status-publish","format-standard","has-post-thumbnail","hentry","category-entretenimiento"],"blog_post_layout_featured_media_urls":{"thumbnail":["https:\/\/elregionaldigital.info\/wp-content\/uploads\/2023\/09\/romi_marcos111_crop1693851652756.jpg_1970638775-150x150.webp",150,150,true],"full":["https:\/\/elregionaldigital.info\/wp-content\/uploads\/2023\/09\/romi_marcos111_crop1693851652756.jpg_1970638775.webp",770,485,false]},"categories_names":{"3":{"name":"Entretenimiento","link":"https:\/\/elregionaldigital.info\/?cat=3"}},"tags_names":[],"comments_number":"0","wpmagazine_modules_lite_featured_media_urls":{"thumbnail":["https:\/\/elregionaldigital.info\/wp-content\/uploads\/2023\/09\/romi_marcos111_crop1693851652756.jpg_1970638775-150x150.webp",150,150,true],"cvmm-medium":["https:\/\/elregionaldigital.info\/wp-content\/uploads\/2023\/09\/romi_marcos111_crop1693851652756.jpg_1970638775-300x300.webp",300,300,true],"cvmm-medium-plus":["https:\/\/elregionaldigital.info\/wp-content\/uploads\/2023\/09\/romi_marcos111_crop1693851652756.jpg_1970638775-305x207.webp",305,207,true],"cvmm-portrait":["https:\/\/elregionaldigital.info\/wp-content\/uploads\/2023\/09\/romi_marcos111_crop1693851652756.jpg_1970638775-400x485.webp",400,485,true],"cvmm-medium-square":["https:\/\/elregionaldigital.info\/wp-content\/uploads\/2023\/09\/romi_marcos111_crop1693851652756.jpg_1970638775-600x485.webp",600,485,true],"cvmm-large":["https:\/\/elregionaldigital.info\/wp-content\/uploads\/2023\/09\/romi_marcos111_crop1693851652756.jpg_1970638775.webp",770,485,false],"cvmm-small":["https:\/\/elregionaldigital.info\/wp-content\/uploads\/2023\/09\/romi_marcos111_crop1693851652756.jpg_1970638775-130x95.webp",130,95,true],"full":["https:\/\/elregionaldigital.info\/wp-content\/uploads\/2023\/09\/romi_marcos111_crop1693851652756.jpg_1970638775.webp",770,485,false]},"_links":{"self":[{"href":"https:\/\/elregionaldigital.info\/index.php?rest_route=\/wp\/v2\/posts\/1654","targetHints":{"allow":["GET"]}}],"collection":[{"href":"https:\/\/elregionaldigital.info\/index.php?rest_route=\/wp\/v2\/posts"}],"about":[{"href":"https:\/\/elregionaldigital.info\/index.php?rest_route=\/wp\/v2\/types\/post"}],"author":[{"embeddable":true,"href":"https:\/\/elregionaldigital.info\/index.php?rest_route=\/wp\/v2\/users\/1"}],"replies":[{"embeddable":true,"href":"https:\/\/elregionaldigital.info\/index.php?rest_route=%2Fwp%2Fv2%2Fcomments&post=1654"}],"version-history":[{"count":1,"href":"https:\/\/elregionaldigital.info\/index.php?rest_route=\/wp\/v2\/posts\/1654\/revisions"}],"predecessor-version":[{"id":1656,"href":"https:\/\/elregionaldigital.info\/index.php?rest_route=\/wp\/v2\/posts\/1654\/revisions\/1656"}],"wp:featuredmedia":[{"embeddable":true,"href":"https:\/\/elregionaldigital.info\/index.php?rest_route=\/wp\/v2\/media\/1655"}],"wp:attachment":[{"href":"https:\/\/elregionaldigital.info\/index.php?rest_route=%2Fwp%2Fv2%2Fmedia&parent=1654"}],"wp:term":[{"taxonomy":"category","embeddable":true,"href":"https:\/\/elregionaldigital.info\/index.php?rest_route=%2Fwp%2Fv2%2Fcategories&post=1654"},{"taxonomy":"post_tag","embeddable":true,"href":"https:\/\/elregionaldigital.info\/index.php?rest_route=%2Fwp%2Fv2%2Ftags&post=1654"}],"curies":[{"name":"wp","href":"https:\/\/api.w.org\/{rel}","templated":true}]}}