{"id":1646,"date":"2023-09-02T18:27:19","date_gmt":"2023-09-02T18:27:19","guid":{"rendered":"http:\/\/elregionaldigital.info\/?p=1646"},"modified":"2023-09-08T18:47:29","modified_gmt":"2023-09-08T18:47:29","slug":"reportan-desnutricion-de-ganado-en-tamaulipas","status":"publish","type":"post","link":"https:\/\/elregionaldigital.info\/?p=1646","title":{"rendered":"Reportan desnutrici\u00f3n de ganado en Tamaulipas"},"content":{"rendered":"\n<figure class=\"wp-block-image size-full\"><img loading=\"lazy\" decoding=\"async\" width=\"701\" height=\"430\" src=\"http:\/\/elregionaldigital.info\/wp-content\/uploads\/2023\/09\/HATO-GANADERO.webp\" alt=\"\" class=\"wp-image-1648\" srcset=\"https:\/\/elregionaldigital.info\/wp-content\/uploads\/2023\/09\/HATO-GANADERO.webp 701w, https:\/\/elregionaldigital.info\/wp-content\/uploads\/2023\/09\/HATO-GANADERO-300x184.webp 300w\" sizes=\"auto, (max-width: 701px) 100vw, 701px\" \/><\/figure>\n\n\n\n<p>Ciudad Victoria, 2 de septiembre.-En la zona centro y sur del Estado, el hato ganadero enfrenta el problema de desnutrici\u00f3n, derivado de la sequ\u00eda que provoca la falta de pastos para agostadero, reconoci\u00f3 \u00c1ngel Lara Mart\u00ednez, Secretario de Organizaci\u00f3n de la Liga de Comunidades Agrarias.<\/p>\n\n\n\n<p>Dijo que si bien a\u00fan no se han registrado muertes de animales \u201cpero s\u00ed hay problemas de desnutrici\u00f3n y cosas de ese tipo\u201d<\/p>\n\n\n\n<p>Agreg\u00f3 que \u201cel tema ganadero, que est\u00e1 siendo afectado ya empieza a ver problemas con la falta de comida, pues la verdad es una situaci\u00f3n muy complicada\u201d.<\/p>\n\n\n\n<p>Lara Mart\u00ednez se\u00f1al\u00f3 que hasta el momento el precio del ganado se cotiza alto a trav\u00e9s de las subastas que organiza la Uni\u00f3n Ganadera Regional y eso ha salvado a los productores, sin embargo, con menor peso, se comenzar\u00e1 a reducir la utilidad.<\/p>\n\n\n\n<p>Adem\u00e1s refiri\u00f3 que el retraso de las lluvias pone en riesgo la producci\u00f3n de al menos unas 170 mil hect\u00e1reas de sorgo, ma\u00edz y frijol en la zona centro sur de Tamaulipas.<\/p>\n\n\n\n<p>\u201cEs una situaci\u00f3n muy preocupante porque ya nos extendImos mucho tiempo en el tema del ciclo agr\u00edcola que estamos acostumbrados a sembrar aqu\u00ed en el centro-sur que a partir de julio deb\u00edamos haber iniciado seg\u00fan las fechas establecidas por la autoridad\u201d, explic\u00f3.<\/p>\n\n\n\n<p>Lara Mart\u00ednez tambi\u00e9n refiri\u00f3 que \u201cpero al tiempo que estamos hoy ya es alarmante, ya es preocupante, ya no funcionan los mismos h\u00edbridos (semilla) que se ten\u00edan previstos para poderse sembrar\u201d.<\/p>\n\n\n\n<p>Afirm\u00f3 que por esa situaci\u00f3n la siembra y desarrollo del ciclo agr\u00edcola luce complicado en la zona centro-sur de Tamaulipas que comprende desde el municipio de Jim\u00e9nez hasta Altamira.<\/p>\n\n\n\n<p>Lara Mart\u00ednez indic\u00f3 que \u201cno tenemos presencia de lluvias, hubo algunas precipitaciones en Villa de casas donde algunos campos de menonitas sembraron, pero no es la gran cantidad de precipitaci\u00f3n\u201d.<\/p>\n\n\n\n<p>Apunt\u00f3 que ante la escasez de lluvia \u201cse corre el riesgo de que disminuya la producci\u00f3n agr\u00edcola\u201d<\/p>\n","protected":false},"excerpt":{"rendered":"<p>Ciudad Victoria, 2 de septiembre.-En la zona centro y sur del Estado, el hato ganadero enfrenta el problema de desnutrici\u00f3n, derivado de la sequ\u00eda que provoca la falta de pastos para agostadero, reconoci\u00f3 \u00c1ngel Lara Mart\u00ednez, Secretario de Organizaci\u00f3n de la Liga de Comunidades Agrarias. Dijo que si bien a\u00fan no se han registrado muertes [&hellip;]<\/p>\n","protected":false},"author":1,"featured_media":1648,"comment_status":"open","ping_status":"open","sticky":false,"template":"","format":"standard","meta":{"footnotes":""},"categories":[2],"tags":[],"class_list":["post-1646","post","type-post","status-publish","format-standard","has-post-thumbnail","hentry","category-tamaulipas"],"blog_post_layout_featured_media_urls":{"thumbnail":["https:\/\/elregionaldigital.info\/wp-content\/uploads\/2023\/09\/HATO-GANADERO-150x150.webp",150,150,true],"full":["https:\/\/elregionaldigital.info\/wp-content\/uploads\/2023\/09\/HATO-GANADERO.webp",701,430,false]},"categories_names":{"2":{"name":"Tamaulipas","link":"https:\/\/elregionaldigital.info\/?cat=2"}},"tags_names":[],"comments_number":"0","wpmagazine_modules_lite_featured_media_urls":{"thumbnail":["https:\/\/elregionaldigital.info\/wp-content\/uploads\/2023\/09\/HATO-GANADERO-150x150.webp",150,150,true],"cvmm-medium":["https:\/\/elregionaldigital.info\/wp-content\/uploads\/2023\/09\/HATO-GANADERO-300x300.webp",300,300,true],"cvmm-medium-plus":["https:\/\/elregionaldigital.info\/wp-content\/uploads\/2023\/09\/HATO-GANADERO-305x207.webp",305,207,true],"cvmm-portrait":["https:\/\/elregionaldigital.info\/wp-content\/uploads\/2023\/09\/HATO-GANADERO-400x430.webp",400,430,true],"cvmm-medium-square":["https:\/\/elregionaldigital.info\/wp-content\/uploads\/2023\/09\/HATO-GANADERO-600x430.webp",600,430,true],"cvmm-large":["https:\/\/elregionaldigital.info\/wp-content\/uploads\/2023\/09\/HATO-GANADERO.webp",701,430,false],"cvmm-small":["https:\/\/elregionaldigital.info\/wp-content\/uploads\/2023\/09\/HATO-GANADERO-130x95.webp",130,95,true],"full":["https:\/\/elregionaldigital.info\/wp-content\/uploads\/2023\/09\/HATO-GANADERO.webp",701,430,false]},"_links":{"self":[{"href":"https:\/\/elregionaldigital.info\/index.php?rest_route=\/wp\/v2\/posts\/1646","targetHints":{"allow":["GET"]}}],"collection":[{"href":"https:\/\/elregionaldigital.info\/index.php?rest_route=\/wp\/v2\/posts"}],"about":[{"href":"https:\/\/elregionaldigital.info\/index.php?rest_route=\/wp\/v2\/types\/post"}],"author":[{"embeddable":true,"href":"https:\/\/elregionaldigital.info\/index.php?rest_route=\/wp\/v2\/users\/1"}],"replies":[{"embeddable":true,"href":"https:\/\/elregionaldigital.info\/index.php?rest_route=%2Fwp%2Fv2%2Fcomments&post=1646"}],"version-history":[{"count":2,"href":"https:\/\/elregionaldigital.info\/index.php?rest_route=\/wp\/v2\/posts\/1646\/revisions"}],"predecessor-version":[{"id":1650,"href":"https:\/\/elregionaldigital.info\/index.php?rest_route=\/wp\/v2\/posts\/1646\/revisions\/1650"}],"wp:featuredmedia":[{"embeddable":true,"href":"https:\/\/elregionaldigital.info\/index.php?rest_route=\/wp\/v2\/media\/1648"}],"wp:attachment":[{"href":"https:\/\/elregionaldigital.info\/index.php?rest_route=%2Fwp%2Fv2%2Fmedia&parent=1646"}],"wp:term":[{"taxonomy":"category","embeddable":true,"href":"https:\/\/elregionaldigital.info\/index.php?rest_route=%2Fwp%2Fv2%2Fcategories&post=1646"},{"taxonomy":"post_tag","embeddable":true,"href":"https:\/\/elregionaldigital.info\/index.php?rest_route=%2Fwp%2Fv2%2Ftags&post=1646"}],"curies":[{"name":"wp","href":"https:\/\/api.w.org\/{rel}","templated":true}]}}