{"id":1636,"date":"2023-09-01T04:30:05","date_gmt":"2023-09-01T04:30:05","guid":{"rendered":"http:\/\/elregionaldigital.info\/?p=1636"},"modified":"2023-09-02T04:42:46","modified_gmt":"2023-09-02T04:42:46","slug":"vinculan-a-proceso-a-ex-secretario-de-educacion-de-tamaulipas-por-presunto-desvio-de-8-mdp","status":"publish","type":"post","link":"https:\/\/elregionaldigital.info\/?p=1636","title":{"rendered":"Vinculan a proceso a ex secretario de Educaci\u00f3n de Tamaulipas por presunto desv\u00edo de 8 mdp"},"content":{"rendered":"\n<figure class=\"wp-block-image size-full\"><img loading=\"lazy\" decoding=\"async\" width=\"960\" height=\"640\" src=\"http:\/\/elregionaldigital.info\/wp-content\/uploads\/2023\/09\/d7525391492d07648588efbd0b24d9d9.webp\" alt=\"\" class=\"wp-image-1638\" srcset=\"https:\/\/elregionaldigital.info\/wp-content\/uploads\/2023\/09\/d7525391492d07648588efbd0b24d9d9.webp 960w, https:\/\/elregionaldigital.info\/wp-content\/uploads\/2023\/09\/d7525391492d07648588efbd0b24d9d9-300x200.webp 300w, https:\/\/elregionaldigital.info\/wp-content\/uploads\/2023\/09\/d7525391492d07648588efbd0b24d9d9-768x512.webp 768w\" sizes=\"auto, (max-width: 960px) 100vw, 960px\" \/><\/figure>\n\n\n\n<p>Se le investiga por los delitos de peculado y ejercicio il\u00edcito de servicio p\u00fablico en administraci\u00f3n de Garc\u00eda Cabeza de Vaca.<\/p>\n\n\n\n<p>La Fiscal\u00eda Anticorrupci\u00f3n de Tamaulipas inform\u00f3 que se vincul\u00f3 a proceso al&nbsp;ex secretario de Educaci\u00f3n estatal por los delitos de&nbsp;Peculado y Ejercicio Il\u00edcito de Servicio P\u00fablico.<\/p>\n\n\n\n<p>El d\u00eda de hoy 31 de agosto del 2023, se obtuvo la vinculaci\u00f3n a proceso en contra de Mario \u201cG\u201d, ex secretario de Educaci\u00f3n en Tamaulipas, por los delitos de Peculado y Ejercicio Il\u00edcito de Servicio P\u00fablico.<\/p>\n\n\n\n<p>Al haber celebrado en su calidad de servidor p\u00fablico,&nbsp;un convenio de prestaci\u00f3n de servicios con una aseguradora en favor de un tercero, sin contar con facultades para ello, desviando recursos p\u00fablicos por m\u00e1s de 8 millones de pesos, pertenecientes a la Secretar\u00eda de Finanzas del Estado de Tamaulipas, causando con ello un detrimento al patrimonio del Estado.<\/p>\n\n\n\n<p>Se expusieron datos de prueba id\u00f3neos, pertinentes y suficientes, para lograr la vinculaci\u00f3n del servidor p\u00fablico, despu\u00e9s de nueve horas de larga audiencia, se logr\u00f3 establecer los hechos que la ley se\u00f1ala como delito y la probable intervenci\u00f3n del mismo, adem\u00e1s de que para garantizar su comparecencia en el proceso se le impusieron las siguientes medidas cautelares:<\/p>\n\n\n\n<p>1.- La firma peri\u00f3dica ante la Unidad de Supervisi\u00f3n de Medidas Cautelares cada quince d\u00edas.<br>2.- La prohibici\u00f3n de salir sin autorizaci\u00f3n del pa\u00eds, dejando para tal efecto sus documentos migratorios ante la Unidad de Seguimiento de Causas en Cd. Victoria.<br>3.- La Prohibici\u00f3n de acercarse a la Secretar\u00eda de Educaci\u00f3n en Tamaulipas.<br>4.- La Prohibici\u00f3n de acercarse a los testigos y a la denunciante.<br>Por el tiempo que dure el proceso y se se\u00f1alaron 3 meses para el cierre de investigaci\u00f3n complementaria.<\/p>\n\n\n\n<p>La Fiscal\u00eda Especializada en Combate a la Corrupci\u00f3n afirma que mantiene su compromiso permanente con la sociedad para llevar ante el tribunal de justicia a toda persona que haya cometido un hecho que la ley&nbsp;considere como delitos en materia de corrupci\u00f3n.<\/p>\n\n\n\n<p>https:\/\/t.co\/hdasOVQida pic.twitter.com\/IVH4XhJ0pX<\/p>\n\n\n\n<p><\/p>\n","protected":false},"excerpt":{"rendered":"<p>Se le investiga por los delitos de peculado y ejercicio il\u00edcito de servicio p\u00fablico en administraci\u00f3n de Garc\u00eda Cabeza de Vaca. La Fiscal\u00eda Anticorrupci\u00f3n de Tamaulipas inform\u00f3 que se vincul\u00f3 a proceso al&nbsp;ex secretario de Educaci\u00f3n estatal por los delitos de&nbsp;Peculado y Ejercicio Il\u00edcito de Servicio P\u00fablico. El d\u00eda de hoy 31 de agosto del [&hellip;]<\/p>\n","protected":false},"author":1,"featured_media":1638,"comment_status":"open","ping_status":"open","sticky":false,"template":"","format":"standard","meta":{"footnotes":""},"categories":[2],"tags":[],"class_list":["post-1636","post","type-post","status-publish","format-standard","has-post-thumbnail","hentry","category-tamaulipas"],"blog_post_layout_featured_media_urls":{"thumbnail":["https:\/\/elregionaldigital.info\/wp-content\/uploads\/2023\/09\/d7525391492d07648588efbd0b24d9d9-150x150.webp",150,150,true],"full":["https:\/\/elregionaldigital.info\/wp-content\/uploads\/2023\/09\/d7525391492d07648588efbd0b24d9d9.webp",960,640,false]},"categories_names":{"2":{"name":"Tamaulipas","link":"https:\/\/elregionaldigital.info\/?cat=2"}},"tags_names":[],"comments_number":"0","wpmagazine_modules_lite_featured_media_urls":{"thumbnail":["https:\/\/elregionaldigital.info\/wp-content\/uploads\/2023\/09\/d7525391492d07648588efbd0b24d9d9-150x150.webp",150,150,true],"cvmm-medium":["https:\/\/elregionaldigital.info\/wp-content\/uploads\/2023\/09\/d7525391492d07648588efbd0b24d9d9-300x300.webp",300,300,true],"cvmm-medium-plus":["https:\/\/elregionaldigital.info\/wp-content\/uploads\/2023\/09\/d7525391492d07648588efbd0b24d9d9-305x207.webp",305,207,true],"cvmm-portrait":["https:\/\/elregionaldigital.info\/wp-content\/uploads\/2023\/09\/d7525391492d07648588efbd0b24d9d9-400x600.webp",400,600,true],"cvmm-medium-square":["https:\/\/elregionaldigital.info\/wp-content\/uploads\/2023\/09\/d7525391492d07648588efbd0b24d9d9-600x600.webp",600,600,true],"cvmm-large":["https:\/\/elregionaldigital.info\/wp-content\/uploads\/2023\/09\/d7525391492d07648588efbd0b24d9d9.webp",960,640,false],"cvmm-small":["https:\/\/elregionaldigital.info\/wp-content\/uploads\/2023\/09\/d7525391492d07648588efbd0b24d9d9-130x95.webp",130,95,true],"full":["https:\/\/elregionaldigital.info\/wp-content\/uploads\/2023\/09\/d7525391492d07648588efbd0b24d9d9.webp",960,640,false]},"_links":{"self":[{"href":"https:\/\/elregionaldigital.info\/index.php?rest_route=\/wp\/v2\/posts\/1636","targetHints":{"allow":["GET"]}}],"collection":[{"href":"https:\/\/elregionaldigital.info\/index.php?rest_route=\/wp\/v2\/posts"}],"about":[{"href":"https:\/\/elregionaldigital.info\/index.php?rest_route=\/wp\/v2\/types\/post"}],"author":[{"embeddable":true,"href":"https:\/\/elregionaldigital.info\/index.php?rest_route=\/wp\/v2\/users\/1"}],"replies":[{"embeddable":true,"href":"https:\/\/elregionaldigital.info\/index.php?rest_route=%2Fwp%2Fv2%2Fcomments&post=1636"}],"version-history":[{"count":2,"href":"https:\/\/elregionaldigital.info\/index.php?rest_route=\/wp\/v2\/posts\/1636\/revisions"}],"predecessor-version":[{"id":1644,"href":"https:\/\/elregionaldigital.info\/index.php?rest_route=\/wp\/v2\/posts\/1636\/revisions\/1644"}],"wp:featuredmedia":[{"embeddable":true,"href":"https:\/\/elregionaldigital.info\/index.php?rest_route=\/wp\/v2\/media\/1638"}],"wp:attachment":[{"href":"https:\/\/elregionaldigital.info\/index.php?rest_route=%2Fwp%2Fv2%2Fmedia&parent=1636"}],"wp:term":[{"taxonomy":"category","embeddable":true,"href":"https:\/\/elregionaldigital.info\/index.php?rest_route=%2Fwp%2Fv2%2Fcategories&post=1636"},{"taxonomy":"post_tag","embeddable":true,"href":"https:\/\/elregionaldigital.info\/index.php?rest_route=%2Fwp%2Fv2%2Ftags&post=1636"}],"curies":[{"name":"wp","href":"https:\/\/api.w.org\/{rel}","templated":true}]}}