{"id":1623,"date":"2023-08-28T15:48:46","date_gmt":"2023-08-28T15:48:46","guid":{"rendered":"http:\/\/elregionaldigital.info\/?p=1623"},"modified":"2023-08-28T15:48:47","modified_gmt":"2023-08-28T15:48:47","slug":"firman-sebien-set-e-itea-alianza-para-ampliar-oportunidades-educativas-en-tamaulipas","status":"publish","type":"post","link":"https:\/\/elregionaldigital.info\/?p=1623","title":{"rendered":"FIRMAN\u00a0SEBIEN, SET E ITEA, ALIANZA PARA AMPLIAR OPORTUNIDADES\u00a0EDUCATIVAS EN TAMAULIPAS"},"content":{"rendered":"\n<figure class=\"wp-block-image size-full\"><img loading=\"lazy\" decoding=\"async\" width=\"850\" height=\"500\" src=\"http:\/\/elregionaldigital.info\/wp-content\/uploads\/2023\/08\/SET-074-2023.-Firma-SEBIEN-SET-e-ITEA-alianza-para-ampliar-oportunidades-educativas-en-Tamaulipas-3-850x500-1.jpeg\" alt=\"\" class=\"wp-image-1624\" srcset=\"https:\/\/elregionaldigital.info\/wp-content\/uploads\/2023\/08\/SET-074-2023.-Firma-SEBIEN-SET-e-ITEA-alianza-para-ampliar-oportunidades-educativas-en-Tamaulipas-3-850x500-1.jpeg 850w, https:\/\/elregionaldigital.info\/wp-content\/uploads\/2023\/08\/SET-074-2023.-Firma-SEBIEN-SET-e-ITEA-alianza-para-ampliar-oportunidades-educativas-en-Tamaulipas-3-850x500-1-300x176.jpeg 300w, https:\/\/elregionaldigital.info\/wp-content\/uploads\/2023\/08\/SET-074-2023.-Firma-SEBIEN-SET-e-ITEA-alianza-para-ampliar-oportunidades-educativas-en-Tamaulipas-3-850x500-1-768x452.jpeg 768w\" sizes=\"auto, (max-width: 850px) 100vw, 850px\" \/><\/figure>\n\n\n\n<p>Ciudad Victoria, Tamaulipas.-El gobierno estatal liderado por Am\u00e9rico Villarreal Anaya, ha logrado un avance significativo en ampliar oportunidades educativas y mejorar el bienestar en Tamaulipas, al establecer un acuerdo entre la secretaria de Bienestar Social, Ver\u00f3nica Adriana Aguirre de Los Santos; la secretaria de Educaci\u00f3n, Luc\u00eda Aim\u00e9 Castillo Pastor y la directora general del Instituto Tamaulipeco de Educaci\u00f3n para Adultos (ITEA), Gloria Guadalupe Gonz\u00e1lez Gonz\u00e1lez.<\/p>\n\n\n\n<p>La colaboraci\u00f3n busca coordinar esfuerzos para brindar alternativas de aprendizaje, en beneficio de las personas mayores de 15 a\u00f1os que no pudieron concluir o cursar la educaci\u00f3n b\u00e1sica.<\/p>\n\n\n\n<p>Bajo el marco de este acuerdo, la Secretar\u00eda de Bienestar Social (SEBIEN), facilitar\u00e1 el uso de las instalaciones en los 108 \u00abParques, Centros y Unidades de Bienestar\u00bb; Estos lugares, que actualmente funcionan como centros recreativos y deportivos de acceso gratuito, en 26 municipios de Tamaulipas, se transformar\u00e1n en centros de estudio, puntos de encuentro, as\u00ed como en sedes para ex\u00e1menes y espacios de reuniones para la realizaci\u00f3n de eventos educativos, recreativos y culturales.<\/p>\n\n\n\n<p>Por su parte, el Instituto Tamaulipeco de Educaci\u00f3n para Adultos (ITEA), organismo p\u00fablico descentralizado de la Secretar\u00eda de Educaci\u00f3n de Tamaulipas (SET), desempe\u00f1ar\u00e1 un papel fundamental. Su enfoque ser\u00e1 proporcionar programas educativos de educaci\u00f3n b\u00e1sica para j\u00f3venes y adultos.<\/p>\n\n\n\n<p>Estos programas se adaptar\u00e1n a diversas modalidades flexibles ajustadas a sus tiempos y necesidades. Adem\u00e1s el (ITEA), proporcionar\u00e1 recursos did\u00e1cticos, incluido el acceso a la tecnolog\u00eda de la informaci\u00f3n, para desarrollar competencias y habilidades b\u00e1sicas como lectura, escritura, razonamiento l\u00f3gico, uso de computadoras, internet y correo electr\u00f3nico. Esto, a su vez facilitar\u00e1 a los beneficiarios, la adquisici\u00f3n de nuevas oportunidades laborales.<\/p>\n\n\n\n<p>La (SEBIEN) asegurar\u00e1 que estos espacios cuenten con servicios b\u00e1sicos esenciales, como energ\u00eda el\u00e9ctrica, limpieza, agua y sanitarios, para que los estudiantes puedan utilizarlos seg\u00fan sus necesidades.<\/p>\n\n\n\n<p>Adem\u00e1s, se colocar\u00e1 se\u00f1alizaci\u00f3n en las fachadas de los \u201cParques, Centros y Unidades del Bienestar\u201d, lo que permitir\u00e1 a la comunidad identificar f\u00e1cilmente d\u00f3nde se llevar\u00e1n a cabo las actividades del (ITEA).<\/p>\n\n\n\n<p>Ver\u00f3nica Aguirre de Los Santos destac\u00f3, que la Secretar\u00eda de Bienestar Social (SEBIEN), est\u00e1 trabajando en estrecha colaboraci\u00f3n con dependencias estatales para fortalecer la pol\u00edtica social en beneficio del bienestar comunitario, como parte integral del Plan Estatal de Desarrollo 2023-2028.<\/p>\n\n\n\n<p>\u201cEn conjunto con la Subsecretar\u00eda de Derechos Humanos y Articulaci\u00f3n Social, se est\u00e1 priorizando el acceso educativo en zonas de atenci\u00f3n prioritaria. Esto se logra mediante la creaci\u00f3n de ambientes adecuados para aquellos tamaulipecos que desean completar su educaci\u00f3n primaria. El enfoque principal en reducir la brecha del rezago educativo en Tamaulipas\u00bb, enfatiz\u00f3 Aguirre de Los Santos en su declaraci\u00f3n.<\/p>\n\n\n\n<p>En ese sentido, Luc\u00eda Aim\u00e9 Castillo Pastor, secretaria de Educaci\u00f3n, asegur\u00f3 que las aulas son el punto de partida para la transformaci\u00f3n del estado.<\/p>\n\n\n\n<p>\u201cSiguiendo la visi\u00f3n del gobernador Am\u00e9rico Villarreal Anaya , la educaci\u00f3n se considera fundamental y se basa en el honor, la dignidad y un profundo amor por Tamaulipas. La prioridad de la Secretar\u00eda de Educaci\u00f3n, es impulsar el progreso educativo desde todos los \u00e1ngulos, trazando un futuro m\u00e1s prometedor para nuestra querida tierra\u201d, finaliz\u00f3 Castillo Pastor.<\/p>\n\n\n\n<p>La Secretar\u00eda de Bienestar Social (SEBIEN), avanza hacia un futuro en el que cada persona en Tamaulipas pueda alcanzar su m\u00e1ximo desarrollo y tenga la oportunidad de contribuir al progreso de nuestra regi\u00f3n.<\/p>\n","protected":false},"excerpt":{"rendered":"<p>Ciudad Victoria, Tamaulipas.-El gobierno estatal liderado por Am\u00e9rico Villarreal Anaya, ha logrado un avance significativo en ampliar oportunidades educativas y mejorar el bienestar en Tamaulipas, al establecer un acuerdo entre la secretaria de Bienestar Social, Ver\u00f3nica Adriana Aguirre de Los Santos; la secretaria de Educaci\u00f3n, Luc\u00eda Aim\u00e9 Castillo Pastor y la directora general del Instituto [&hellip;]<\/p>\n","protected":false},"author":1,"featured_media":1624,"comment_status":"open","ping_status":"open","sticky":false,"template":"","format":"standard","meta":{"footnotes":""},"categories":[2],"tags":[],"class_list":["post-1623","post","type-post","status-publish","format-standard","has-post-thumbnail","hentry","category-tamaulipas"],"blog_post_layout_featured_media_urls":{"thumbnail":["https:\/\/elregionaldigital.info\/wp-content\/uploads\/2023\/08\/SET-074-2023.-Firma-SEBIEN-SET-e-ITEA-alianza-para-ampliar-oportunidades-educativas-en-Tamaulipas-3-850x500-1-150x150.jpeg",150,150,true],"full":["https:\/\/elregionaldigital.info\/wp-content\/uploads\/2023\/08\/SET-074-2023.-Firma-SEBIEN-SET-e-ITEA-alianza-para-ampliar-oportunidades-educativas-en-Tamaulipas-3-850x500-1.jpeg",850,500,false]},"categories_names":{"2":{"name":"Tamaulipas","link":"https:\/\/elregionaldigital.info\/?cat=2"}},"tags_names":[],"comments_number":"0","wpmagazine_modules_lite_featured_media_urls":{"thumbnail":["https:\/\/elregionaldigital.info\/wp-content\/uploads\/2023\/08\/SET-074-2023.-Firma-SEBIEN-SET-e-ITEA-alianza-para-ampliar-oportunidades-educativas-en-Tamaulipas-3-850x500-1-150x150.jpeg",150,150,true],"cvmm-medium":["https:\/\/elregionaldigital.info\/wp-content\/uploads\/2023\/08\/SET-074-2023.-Firma-SEBIEN-SET-e-ITEA-alianza-para-ampliar-oportunidades-educativas-en-Tamaulipas-3-850x500-1-300x300.jpeg",300,300,true],"cvmm-medium-plus":["https:\/\/elregionaldigital.info\/wp-content\/uploads\/2023\/08\/SET-074-2023.-Firma-SEBIEN-SET-e-ITEA-alianza-para-ampliar-oportunidades-educativas-en-Tamaulipas-3-850x500-1-305x207.jpeg",305,207,true],"cvmm-portrait":["https:\/\/elregionaldigital.info\/wp-content\/uploads\/2023\/08\/SET-074-2023.-Firma-SEBIEN-SET-e-ITEA-alianza-para-ampliar-oportunidades-educativas-en-Tamaulipas-3-850x500-1-400x500.jpeg",400,500,true],"cvmm-medium-square":["https:\/\/elregionaldigital.info\/wp-content\/uploads\/2023\/08\/SET-074-2023.-Firma-SEBIEN-SET-e-ITEA-alianza-para-ampliar-oportunidades-educativas-en-Tamaulipas-3-850x500-1-600x500.jpeg",600,500,true],"cvmm-large":["https:\/\/elregionaldigital.info\/wp-content\/uploads\/2023\/08\/SET-074-2023.-Firma-SEBIEN-SET-e-ITEA-alianza-para-ampliar-oportunidades-educativas-en-Tamaulipas-3-850x500-1.jpeg",850,500,false],"cvmm-small":["https:\/\/elregionaldigital.info\/wp-content\/uploads\/2023\/08\/SET-074-2023.-Firma-SEBIEN-SET-e-ITEA-alianza-para-ampliar-oportunidades-educativas-en-Tamaulipas-3-850x500-1-130x95.jpeg",130,95,true],"full":["https:\/\/elregionaldigital.info\/wp-content\/uploads\/2023\/08\/SET-074-2023.-Firma-SEBIEN-SET-e-ITEA-alianza-para-ampliar-oportunidades-educativas-en-Tamaulipas-3-850x500-1.jpeg",850,500,false]},"_links":{"self":[{"href":"https:\/\/elregionaldigital.info\/index.php?rest_route=\/wp\/v2\/posts\/1623","targetHints":{"allow":["GET"]}}],"collection":[{"href":"https:\/\/elregionaldigital.info\/index.php?rest_route=\/wp\/v2\/posts"}],"about":[{"href":"https:\/\/elregionaldigital.info\/index.php?rest_route=\/wp\/v2\/types\/post"}],"author":[{"embeddable":true,"href":"https:\/\/elregionaldigital.info\/index.php?rest_route=\/wp\/v2\/users\/1"}],"replies":[{"embeddable":true,"href":"https:\/\/elregionaldigital.info\/index.php?rest_route=%2Fwp%2Fv2%2Fcomments&post=1623"}],"version-history":[{"count":1,"href":"https:\/\/elregionaldigital.info\/index.php?rest_route=\/wp\/v2\/posts\/1623\/revisions"}],"predecessor-version":[{"id":1625,"href":"https:\/\/elregionaldigital.info\/index.php?rest_route=\/wp\/v2\/posts\/1623\/revisions\/1625"}],"wp:featuredmedia":[{"embeddable":true,"href":"https:\/\/elregionaldigital.info\/index.php?rest_route=\/wp\/v2\/media\/1624"}],"wp:attachment":[{"href":"https:\/\/elregionaldigital.info\/index.php?rest_route=%2Fwp%2Fv2%2Fmedia&parent=1623"}],"wp:term":[{"taxonomy":"category","embeddable":true,"href":"https:\/\/elregionaldigital.info\/index.php?rest_route=%2Fwp%2Fv2%2Fcategories&post=1623"},{"taxonomy":"post_tag","embeddable":true,"href":"https:\/\/elregionaldigital.info\/index.php?rest_route=%2Fwp%2Fv2%2Ftags&post=1623"}],"curies":[{"name":"wp","href":"https:\/\/api.w.org\/{rel}","templated":true}]}}