{"id":1604,"date":"2023-08-22T06:49:00","date_gmt":"2023-08-22T06:49:00","guid":{"rendered":"http:\/\/elregionaldigital.info\/?p=1604"},"modified":"2023-08-22T04:49:41","modified_gmt":"2023-08-22T04:49:41","slug":"lluvias-dejan-inundacion-y-colapso-en-infraestructura-de-la-terminal-1-del-aicm","status":"publish","type":"post","link":"https:\/\/elregionaldigital.info\/?p=1604","title":{"rendered":"Lluvias dejan inundaci\u00f3n y colapso en infraestructura de la Terminal 1 del AICM"},"content":{"rendered":"\n<figure class=\"wp-block-image size-full\"><img loading=\"lazy\" decoding=\"async\" width=\"770\" height=\"485\" src=\"http:\/\/elregionaldigital.info\/wp-content\/uploads\/2023\/08\/aicm__inundado_crop1692671393246.png_1970638775.webp\" alt=\"\" class=\"wp-image-1605\" srcset=\"https:\/\/elregionaldigital.info\/wp-content\/uploads\/2023\/08\/aicm__inundado_crop1692671393246.png_1970638775.webp 770w, https:\/\/elregionaldigital.info\/wp-content\/uploads\/2023\/08\/aicm__inundado_crop1692671393246.png_1970638775-300x189.webp 300w, https:\/\/elregionaldigital.info\/wp-content\/uploads\/2023\/08\/aicm__inundado_crop1692671393246.png_1970638775-768x484.webp 768w\" sizes=\"auto, (max-width: 770px) 100vw, 770px\" \/><\/figure>\n\n\n\n<p>22. AGOSTO 2013-.Las lluvias de este lunes inundaron el Aeropuerto Internacional de la Ciudad de M\u00e9xico<\/p>\n\n\n\n<p>El<strong>&nbsp;Aeropuerto Internacional de la Ciudad de M\u00e9xico<\/strong>&nbsp;es uno de los m\u00e1s importantes del pa\u00eds y el d\u00eda de hoy,&nbsp;<strong>las terminales 1 y 2 del&nbsp;AICM&nbsp;sufrieron da\u00f1os debido a que alrededor de las 16:30 horas cayeron 190 mil\u00edmetros de lluvia<\/strong>, lo cual es una cantidad extraordinaria, seg\u00fan confirmaron las autoridades del AICM.&nbsp;<\/p>\n\n\n\n<p>En un comunicado emitido por el AICM, el aeropuerto Internacional Benito Ju\u00e1rez de Ciudad de M\u00e9xico confirm\u00f3 que, los 190 milimetros de lluvia, son impacantes, pues normalmente se registran de 20 a 30 milimetros.<\/p>\n\n\n\n<p>Dicha situaci\u00f3n ocasion\u00f3 que<strong>&nbsp;se da\u00f1aran los sistemas pluviales, da\u00f1ando tambi\u00e9n diversos desag\u00fces y plafones de la Terminal&nbsp;1.<\/strong>&nbsp;Asimismo se form\u00f3 un encharcamiento en la pista 05L\/23R, que por seguridad tuvo que cerrarse.<\/p>\n\n\n\n<p>Por la misma raz\u00f3n, la<strong>&nbsp;avenida Capit\u00e1n Carlos Le\u00f3n<\/strong>&nbsp;se inund\u00f3, lo que provoc\u00f3 que el arribo de pasajeros se complicara. Bajo estas circunstancias, los equipos del aeropuerto actuaron de inmediato para efectuar limpieza y reparaci\u00f3n de da\u00f1os en la Terminal 1, as\u00ed como el desazolve de desag\u00fces y pistas.<\/p>\n\n\n\n<p>Estas acciones garantizaron la seguridad de las operaciones a\u00e9reas y disminuyeron la afectaci\u00f3n de los usuarios en las terminales.<\/p>\n\n\n\n<p>Afortunadamente no se reportaron heridos ni lesionados debido a las inundaciones y el colapso de la construcci\u00f3n.<\/p>\n","protected":false},"excerpt":{"rendered":"<p>22. AGOSTO 2013-.Las lluvias de este lunes inundaron el Aeropuerto Internacional de la Ciudad de M\u00e9xico El&nbsp;Aeropuerto Internacional de la Ciudad de M\u00e9xico&nbsp;es uno de los m\u00e1s importantes del pa\u00eds y el d\u00eda de hoy,&nbsp;las terminales 1 y 2 del&nbsp;AICM&nbsp;sufrieron da\u00f1os debido a que alrededor de las 16:30 horas cayeron 190 mil\u00edmetros de lluvia, lo [&hellip;]<\/p>\n","protected":false},"author":1,"featured_media":1605,"comment_status":"open","ping_status":"open","sticky":false,"template":"","format":"standard","meta":{"footnotes":""},"categories":[5],"tags":[],"class_list":["post-1604","post","type-post","status-publish","format-standard","has-post-thumbnail","hentry","category-nacional"],"blog_post_layout_featured_media_urls":{"thumbnail":["https:\/\/elregionaldigital.info\/wp-content\/uploads\/2023\/08\/aicm__inundado_crop1692671393246.png_1970638775-150x150.webp",150,150,true],"full":["https:\/\/elregionaldigital.info\/wp-content\/uploads\/2023\/08\/aicm__inundado_crop1692671393246.png_1970638775.webp",770,485,false]},"categories_names":{"5":{"name":"Nacional","link":"https:\/\/elregionaldigital.info\/?cat=5"}},"tags_names":[],"comments_number":"0","wpmagazine_modules_lite_featured_media_urls":{"thumbnail":["https:\/\/elregionaldigital.info\/wp-content\/uploads\/2023\/08\/aicm__inundado_crop1692671393246.png_1970638775-150x150.webp",150,150,true],"cvmm-medium":["https:\/\/elregionaldigital.info\/wp-content\/uploads\/2023\/08\/aicm__inundado_crop1692671393246.png_1970638775-300x300.webp",300,300,true],"cvmm-medium-plus":["https:\/\/elregionaldigital.info\/wp-content\/uploads\/2023\/08\/aicm__inundado_crop1692671393246.png_1970638775-305x207.webp",305,207,true],"cvmm-portrait":["https:\/\/elregionaldigital.info\/wp-content\/uploads\/2023\/08\/aicm__inundado_crop1692671393246.png_1970638775-400x485.webp",400,485,true],"cvmm-medium-square":["https:\/\/elregionaldigital.info\/wp-content\/uploads\/2023\/08\/aicm__inundado_crop1692671393246.png_1970638775-600x485.webp",600,485,true],"cvmm-large":["https:\/\/elregionaldigital.info\/wp-content\/uploads\/2023\/08\/aicm__inundado_crop1692671393246.png_1970638775.webp",770,485,false],"cvmm-small":["https:\/\/elregionaldigital.info\/wp-content\/uploads\/2023\/08\/aicm__inundado_crop1692671393246.png_1970638775-130x95.webp",130,95,true],"full":["https:\/\/elregionaldigital.info\/wp-content\/uploads\/2023\/08\/aicm__inundado_crop1692671393246.png_1970638775.webp",770,485,false]},"_links":{"self":[{"href":"https:\/\/elregionaldigital.info\/index.php?rest_route=\/wp\/v2\/posts\/1604","targetHints":{"allow":["GET"]}}],"collection":[{"href":"https:\/\/elregionaldigital.info\/index.php?rest_route=\/wp\/v2\/posts"}],"about":[{"href":"https:\/\/elregionaldigital.info\/index.php?rest_route=\/wp\/v2\/types\/post"}],"author":[{"embeddable":true,"href":"https:\/\/elregionaldigital.info\/index.php?rest_route=\/wp\/v2\/users\/1"}],"replies":[{"embeddable":true,"href":"https:\/\/elregionaldigital.info\/index.php?rest_route=%2Fwp%2Fv2%2Fcomments&post=1604"}],"version-history":[{"count":2,"href":"https:\/\/elregionaldigital.info\/index.php?rest_route=\/wp\/v2\/posts\/1604\/revisions"}],"predecessor-version":[{"id":1607,"href":"https:\/\/elregionaldigital.info\/index.php?rest_route=\/wp\/v2\/posts\/1604\/revisions\/1607"}],"wp:featuredmedia":[{"embeddable":true,"href":"https:\/\/elregionaldigital.info\/index.php?rest_route=\/wp\/v2\/media\/1605"}],"wp:attachment":[{"href":"https:\/\/elregionaldigital.info\/index.php?rest_route=%2Fwp%2Fv2%2Fmedia&parent=1604"}],"wp:term":[{"taxonomy":"category","embeddable":true,"href":"https:\/\/elregionaldigital.info\/index.php?rest_route=%2Fwp%2Fv2%2Fcategories&post=1604"},{"taxonomy":"post_tag","embeddable":true,"href":"https:\/\/elregionaldigital.info\/index.php?rest_route=%2Fwp%2Fv2%2Ftags&post=1604"}],"curies":[{"name":"wp","href":"https:\/\/api.w.org\/{rel}","templated":true}]}}