{"id":1601,"date":"2023-08-21T17:36:00","date_gmt":"2023-08-21T17:36:00","guid":{"rendered":"http:\/\/elregionaldigital.info\/?p=1601"},"modified":"2023-08-22T04:40:30","modified_gmt":"2023-08-22T04:40:30","slug":"santiago-creel-se-baja-de-la-contienda-por-el-frente-amplio-por-mexico","status":"publish","type":"post","link":"https:\/\/elregionaldigital.info\/?p=1601","title":{"rendered":"Santiago Creel se baja de la contienda por el Frente Amplio por M\u00e9xico"},"content":{"rendered":"\n<figure class=\"wp-block-image size-full\"><img loading=\"lazy\" decoding=\"async\" width=\"770\" height=\"485\" src=\"http:\/\/elregionaldigital.info\/wp-content\/uploads\/2023\/08\/eum20230819pol08_x11800265x_crop1692662140310.jpg_1970638775.webp\" alt=\"\" class=\"wp-image-1602\" srcset=\"https:\/\/elregionaldigital.info\/wp-content\/uploads\/2023\/08\/eum20230819pol08_x11800265x_crop1692662140310.jpg_1970638775.webp 770w, https:\/\/elregionaldigital.info\/wp-content\/uploads\/2023\/08\/eum20230819pol08_x11800265x_crop1692662140310.jpg_1970638775-300x189.webp 300w, https:\/\/elregionaldigital.info\/wp-content\/uploads\/2023\/08\/eum20230819pol08_x11800265x_crop1692662140310.jpg_1970638775-768x484.webp 768w\" sizes=\"auto, (max-width: 770px) 100vw, 770px\" \/><\/figure>\n\n\n\n<p>Creel declin\u00f3 a sus aspiraciones presidenciales en ser el l\u00edder del Frente Amplio por M\u00e9xico en las elecciones presidenciales de 2024 en M\u00e9xico<\/p>\n\n\n\n<p><strong>Santiago Creel<\/strong>, miembro del Partido Acci\u00f3n Nacional&nbsp;<strong>(PAN)<\/strong>, declin\u00f3 a sus aspiraciones presidenciales en ser el l\u00edder del Frente Amplio por M\u00e9xico en las elecciones&nbsp;<strong>presidenciales de 2024 en M\u00e9xico.<\/strong><\/p>\n\n\n\n<p>El diputado har\u00e1 oficial su declinaci\u00f3n, para que as\u00ed queden solamente en la contienda la senadora priista, Beatriz Paredes y la senadora panista,&nbsp;<strong>X\u00f3chitl G\u00e1lvez Ruiz.<\/strong><\/p>\n\n\n\n<p>Ambas competir\u00e1n por la postulaci\u00f3n en una segunda encuesta que se llevar\u00e1 a cabo desde el 27 hasta el 30 de agosto, adem\u00e1s de la elecci\u00f3n primaria programada para el 3 de septiembre.<\/p>\n\n\n\n<p>De acuerdo con fuentes de Acci\u00f3n Nacional, Santiago Creel y X\u00f3chitl G\u00e1lvez\u00a0<strong>hab\u00edan pactado, al inicio del proceso, que quien tuviera menos apoyo ciudadano en la \u00faltima etapa, declinar\u00eda por el otro.<\/strong><\/p>\n\n\n\n<p>Previo a la declinaci\u00f3n, la organizaci\u00f3n Porvenir M\u00e9xico, integrado por militantes y simpatizantes del PAN, enviaron una carta en la que solicitaron al expresidente de la C\u00e1mara de Diputados,\u00a0<strong>dejar de lado sus aspiraciones para apoyar a la\u00a0exdelegada\u00a0de la\u00a0Miguel Hidalgo.<\/strong><\/p>\n\n\n\n<p>&#8220;Lo sensato y \u00fatil para M\u00e9xico es que los panistas cerremos filas con X\u00f3chitl G\u00e1lvez, la aspirante m\u00e1s competitiva que ha levantado simpat\u00eda, ha generado entusiasmo y ha despertado el inter\u00e9s c\u00edvico de la participaci\u00f3n ciudadana. Cientos de panistas, m\u00e1s all\u00e1 de los liderazgos formales, hemos acompa\u00f1ado a la senadora G\u00e1lvez en su recorrido por nuestros estados. Las circunstancias, su perfil, trayectoria y trabajo la presentan como una opci\u00f3n pol\u00edtica fresca, atractiva y con posibilidades de conseguir la victoria en la dura y compleja batalla electoral del pr\u00f3ximo a\u00f1o&#8221;, se\u00f1ala la carta.<\/p>\n","protected":false},"excerpt":{"rendered":"<p>Creel declin\u00f3 a sus aspiraciones presidenciales en ser el l\u00edder del Frente Amplio por M\u00e9xico en las elecciones presidenciales de 2024 en M\u00e9xico Santiago Creel, miembro del Partido Acci\u00f3n Nacional&nbsp;(PAN), declin\u00f3 a sus aspiraciones presidenciales en ser el l\u00edder del Frente Amplio por M\u00e9xico en las elecciones&nbsp;presidenciales de 2024 en M\u00e9xico. El diputado har\u00e1 oficial [&hellip;]<\/p>\n","protected":false},"author":1,"featured_media":1602,"comment_status":"open","ping_status":"open","sticky":false,"template":"","format":"standard","meta":{"footnotes":""},"categories":[5],"tags":[],"class_list":["post-1601","post","type-post","status-publish","format-standard","has-post-thumbnail","hentry","category-nacional"],"blog_post_layout_featured_media_urls":{"thumbnail":["https:\/\/elregionaldigital.info\/wp-content\/uploads\/2023\/08\/eum20230819pol08_x11800265x_crop1692662140310.jpg_1970638775-150x150.webp",150,150,true],"full":["https:\/\/elregionaldigital.info\/wp-content\/uploads\/2023\/08\/eum20230819pol08_x11800265x_crop1692662140310.jpg_1970638775.webp",770,485,false]},"categories_names":{"5":{"name":"Nacional","link":"https:\/\/elregionaldigital.info\/?cat=5"}},"tags_names":[],"comments_number":"0","wpmagazine_modules_lite_featured_media_urls":{"thumbnail":["https:\/\/elregionaldigital.info\/wp-content\/uploads\/2023\/08\/eum20230819pol08_x11800265x_crop1692662140310.jpg_1970638775-150x150.webp",150,150,true],"cvmm-medium":["https:\/\/elregionaldigital.info\/wp-content\/uploads\/2023\/08\/eum20230819pol08_x11800265x_crop1692662140310.jpg_1970638775-300x300.webp",300,300,true],"cvmm-medium-plus":["https:\/\/elregionaldigital.info\/wp-content\/uploads\/2023\/08\/eum20230819pol08_x11800265x_crop1692662140310.jpg_1970638775-305x207.webp",305,207,true],"cvmm-portrait":["https:\/\/elregionaldigital.info\/wp-content\/uploads\/2023\/08\/eum20230819pol08_x11800265x_crop1692662140310.jpg_1970638775-400x485.webp",400,485,true],"cvmm-medium-square":["https:\/\/elregionaldigital.info\/wp-content\/uploads\/2023\/08\/eum20230819pol08_x11800265x_crop1692662140310.jpg_1970638775-600x485.webp",600,485,true],"cvmm-large":["https:\/\/elregionaldigital.info\/wp-content\/uploads\/2023\/08\/eum20230819pol08_x11800265x_crop1692662140310.jpg_1970638775.webp",770,485,false],"cvmm-small":["https:\/\/elregionaldigital.info\/wp-content\/uploads\/2023\/08\/eum20230819pol08_x11800265x_crop1692662140310.jpg_1970638775-130x95.webp",130,95,true],"full":["https:\/\/elregionaldigital.info\/wp-content\/uploads\/2023\/08\/eum20230819pol08_x11800265x_crop1692662140310.jpg_1970638775.webp",770,485,false]},"_links":{"self":[{"href":"https:\/\/elregionaldigital.info\/index.php?rest_route=\/wp\/v2\/posts\/1601","targetHints":{"allow":["GET"]}}],"collection":[{"href":"https:\/\/elregionaldigital.info\/index.php?rest_route=\/wp\/v2\/posts"}],"about":[{"href":"https:\/\/elregionaldigital.info\/index.php?rest_route=\/wp\/v2\/types\/post"}],"author":[{"embeddable":true,"href":"https:\/\/elregionaldigital.info\/index.php?rest_route=\/wp\/v2\/users\/1"}],"replies":[{"embeddable":true,"href":"https:\/\/elregionaldigital.info\/index.php?rest_route=%2Fwp%2Fv2%2Fcomments&post=1601"}],"version-history":[{"count":1,"href":"https:\/\/elregionaldigital.info\/index.php?rest_route=\/wp\/v2\/posts\/1601\/revisions"}],"predecessor-version":[{"id":1603,"href":"https:\/\/elregionaldigital.info\/index.php?rest_route=\/wp\/v2\/posts\/1601\/revisions\/1603"}],"wp:featuredmedia":[{"embeddable":true,"href":"https:\/\/elregionaldigital.info\/index.php?rest_route=\/wp\/v2\/media\/1602"}],"wp:attachment":[{"href":"https:\/\/elregionaldigital.info\/index.php?rest_route=%2Fwp%2Fv2%2Fmedia&parent=1601"}],"wp:term":[{"taxonomy":"category","embeddable":true,"href":"https:\/\/elregionaldigital.info\/index.php?rest_route=%2Fwp%2Fv2%2Fcategories&post=1601"},{"taxonomy":"post_tag","embeddable":true,"href":"https:\/\/elregionaldigital.info\/index.php?rest_route=%2Fwp%2Fv2%2Ftags&post=1601"}],"curies":[{"name":"wp","href":"https:\/\/api.w.org\/{rel}","templated":true}]}}