{"id":1595,"date":"2023-08-19T16:24:00","date_gmt":"2023-08-19T16:24:00","guid":{"rendered":"http:\/\/elregionaldigital.info\/?p=1595"},"modified":"2023-08-22T04:28:13","modified_gmt":"2023-08-22T04:28:13","slug":"con-gran-exito-realiza-la-uat-el-campamento-de-verano-infantil-diverticiencia-2023","status":"publish","type":"post","link":"https:\/\/elregionaldigital.info\/?p=1595","title":{"rendered":"Con gran \u00e9xito realiza la UAT el campamento de verano infantil Diverticiencia 2023"},"content":{"rendered":"\n<p><\/p>\n\n\n\n<figure class=\"wp-block-image size-large\"><img loading=\"lazy\" decoding=\"async\" width=\"1024\" height=\"768\" src=\"http:\/\/elregionaldigital.info\/wp-content\/uploads\/2023\/08\/2-2-1024x768.jpg\" alt=\"\" class=\"wp-image-1596\" srcset=\"https:\/\/elregionaldigital.info\/wp-content\/uploads\/2023\/08\/2-2-1024x768.jpg 1024w, https:\/\/elregionaldigital.info\/wp-content\/uploads\/2023\/08\/2-2-300x225.jpg 300w, https:\/\/elregionaldigital.info\/wp-content\/uploads\/2023\/08\/2-2-768x576.jpg 768w, https:\/\/elregionaldigital.info\/wp-content\/uploads\/2023\/08\/2-2-1536x1152.jpg 1536w, https:\/\/elregionaldigital.info\/wp-content\/uploads\/2023\/08\/2-2-136x102.jpg 136w, https:\/\/elregionaldigital.info\/wp-content\/uploads\/2023\/08\/2-2.jpg 2048w\" sizes=\"auto, (max-width: 1024px) 100vw, 1024px\" \/><\/figure>\n\n\n\n<p>Ciudad Victoria, Tam.; 19 de agosto de 2023.<br>Con gran \u00e9xito realiza la UAT el campamento de verano infantil<\/p>\n\n\n\n<p>Diverticiencia 2023<\/p>\n\n\n\n<p>\uf0b7 Alrededor de cuatrocientos ni\u00f1os participaron en los eventos que la UAT<br>organiz\u00f3 en instalaciones de la Facultad de Comercio Victoria y la Unidad<br>Acad\u00e9mica Multidisciplinaria Reynosa Aztl\u00e1n.<br>La Universidad Aut\u00f3noma de Tamaulipas (UAT) llev\u00f3 a cabo la clausura del<br>campamento de verano infantil Diverticiencia UAT 2023, un evento que reuni\u00f3<br>alrededor de cuatrocientos ni\u00f1os de entre seis y doce a\u00f1os.<br>Las actividades del campamento, que tuvieron lugar del 14 al 18 de agosto,<br>se llevaron a cabo simult\u00e1neamente en las instalaciones de la Facultad de<br>Comercio y Administraci\u00f3n Victoria (FCAV) y en la Unidad Acad\u00e9mica<br>Multidisciplinaria Reynosa Aztl\u00e1n (UAMRA).<br>El evento de clausura, efectuado en la ciudad de Reynosa, cont\u00f3 con la<br>presencia de la Dra. Mariana Zer\u00f3n F\u00e9lix, secretaria de Investigaci\u00f3n y Posgrado<br>de la UAT, quien asisti\u00f3 en representaci\u00f3n del rector Guillermo Mendoza Cavazos,<br>acompa\u00f1ada por la Dra. Karla Villarreal Sotelo, directora de la UAMRA, as\u00ed como<br>por investigadores, docentes, personal administrativo, miembros de la comunidad<br>universitaria y familiares de los participantes.<br>Zer\u00f3n F\u00e9lix comparti\u00f3 su entusiasmo por la exitosa conclusi\u00f3n del<br>campamento, el cual logr\u00f3 involucrar a los ni\u00f1os en un viaje de descubrimiento<br>cient\u00edfico y desarrollo personal. Adem\u00e1s, subray\u00f3 que ese tipo de iniciativas<br>resaltan el compromiso de la UAT en la promoci\u00f3n de la educaci\u00f3n integral y en la<br>creaci\u00f3n de espacios donde la ciencia, la cultura y el deporte convergen para<br>enriquecer el desarrollo social.<\/p>\n\n\n\n<p>En el campamento de Reynosa, los peque\u00f1os tuvieron la oportunidad de<br>disfrutar de actividades centradas en el cuidado del medioambiente; explorar<br>laboratorios institucionales; comprender los Objetivos de Desarrollo Sostenible;<br>participar en talleres de desarrollo industrial, tecnol\u00f3gico y de inteligencia artificial;<br>as\u00ed como aprender sobre el amor y el respeto hacia los animales.<br>Mientras que los asistentes al campamento de Ciudad Victoria fueron<br>part\u00edcipes de una serie de actividades enriquecedoras, teniendo como tem\u00e1tica la<br>exploraci\u00f3n de la reserva ecol\u00f3gica El Cielo y el conocimiento de los Objetivos de<br>Desarrollo Sostenible, adem\u00e1s de distintos campos cient\u00edficos, actividades<br>deportivas, conservaci\u00f3n de la vida animal y aspectos sociales.<br>La clausura del campamento de verano infantil Diverticiencia UAT 2023<br>marc\u00f3 otro \u00e9xito en la misi\u00f3n de la m\u00e1xima casa de estudios en el estado en nutrir<br>el inter\u00e9s por la ciencia y el aprendizaje entre las infancias, adem\u00e1s de fortalecer<br>la vinculaci\u00f3n con la comunidad a trav\u00e9s de enriquecedoras actividades<br>educativas y recreativas.<\/p>\n","protected":false},"excerpt":{"rendered":"<p>Ciudad Victoria, Tam.; 19 de agosto de 2023.Con gran \u00e9xito realiza la UAT el campamento de verano infantil Diverticiencia 2023 \uf0b7 Alrededor de cuatrocientos ni\u00f1os participaron en los eventos que la UATorganiz\u00f3 en instalaciones de la Facultad de Comercio Victoria y la UnidadAcad\u00e9mica Multidisciplinaria Reynosa Aztl\u00e1n.La Universidad Aut\u00f3noma de Tamaulipas (UAT) llev\u00f3 a cabo la [&hellip;]<\/p>\n","protected":false},"author":1,"featured_media":1596,"comment_status":"open","ping_status":"open","sticky":false,"template":"","format":"standard","meta":{"footnotes":""},"categories":[4],"tags":[],"class_list":["post-1595","post","type-post","status-publish","format-standard","has-post-thumbnail","hentry","category-universidades"],"blog_post_layout_featured_media_urls":{"thumbnail":["https:\/\/elregionaldigital.info\/wp-content\/uploads\/2023\/08\/2-2-150x150.jpg",150,150,true],"full":["https:\/\/elregionaldigital.info\/wp-content\/uploads\/2023\/08\/2-2.jpg",2048,1536,false]},"categories_names":{"4":{"name":"Universidades","link":"https:\/\/elregionaldigital.info\/?cat=4"}},"tags_names":[],"comments_number":"0","wpmagazine_modules_lite_featured_media_urls":{"thumbnail":["https:\/\/elregionaldigital.info\/wp-content\/uploads\/2023\/08\/2-2-150x150.jpg",150,150,true],"cvmm-medium":["https:\/\/elregionaldigital.info\/wp-content\/uploads\/2023\/08\/2-2-300x300.jpg",300,300,true],"cvmm-medium-plus":["https:\/\/elregionaldigital.info\/wp-content\/uploads\/2023\/08\/2-2-305x207.jpg",305,207,true],"cvmm-portrait":["https:\/\/elregionaldigital.info\/wp-content\/uploads\/2023\/08\/2-2-400x600.jpg",400,600,true],"cvmm-medium-square":["https:\/\/elregionaldigital.info\/wp-content\/uploads\/2023\/08\/2-2-600x600.jpg",600,600,true],"cvmm-large":["https:\/\/elregionaldigital.info\/wp-content\/uploads\/2023\/08\/2-2-1024x1024.jpg",1024,1024,true],"cvmm-small":["https:\/\/elregionaldigital.info\/wp-content\/uploads\/2023\/08\/2-2-130x95.jpg",130,95,true],"full":["https:\/\/elregionaldigital.info\/wp-content\/uploads\/2023\/08\/2-2.jpg",2048,1536,false]},"_links":{"self":[{"href":"https:\/\/elregionaldigital.info\/index.php?rest_route=\/wp\/v2\/posts\/1595","targetHints":{"allow":["GET"]}}],"collection":[{"href":"https:\/\/elregionaldigital.info\/index.php?rest_route=\/wp\/v2\/posts"}],"about":[{"href":"https:\/\/elregionaldigital.info\/index.php?rest_route=\/wp\/v2\/types\/post"}],"author":[{"embeddable":true,"href":"https:\/\/elregionaldigital.info\/index.php?rest_route=\/wp\/v2\/users\/1"}],"replies":[{"embeddable":true,"href":"https:\/\/elregionaldigital.info\/index.php?rest_route=%2Fwp%2Fv2%2Fcomments&post=1595"}],"version-history":[{"count":1,"href":"https:\/\/elregionaldigital.info\/index.php?rest_route=\/wp\/v2\/posts\/1595\/revisions"}],"predecessor-version":[{"id":1597,"href":"https:\/\/elregionaldigital.info\/index.php?rest_route=\/wp\/v2\/posts\/1595\/revisions\/1597"}],"wp:featuredmedia":[{"embeddable":true,"href":"https:\/\/elregionaldigital.info\/index.php?rest_route=\/wp\/v2\/media\/1596"}],"wp:attachment":[{"href":"https:\/\/elregionaldigital.info\/index.php?rest_route=%2Fwp%2Fv2%2Fmedia&parent=1595"}],"wp:term":[{"taxonomy":"category","embeddable":true,"href":"https:\/\/elregionaldigital.info\/index.php?rest_route=%2Fwp%2Fv2%2Fcategories&post=1595"},{"taxonomy":"post_tag","embeddable":true,"href":"https:\/\/elregionaldigital.info\/index.php?rest_route=%2Fwp%2Fv2%2Ftags&post=1595"}],"curies":[{"name":"wp","href":"https:\/\/api.w.org\/{rel}","templated":true}]}}