{"id":1589,"date":"2023-08-17T16:10:00","date_gmt":"2023-08-17T16:10:00","guid":{"rendered":"http:\/\/elregionaldigital.info\/?p=1589"},"modified":"2023-08-22T04:16:03","modified_gmt":"2023-08-22T04:16:03","slug":"este-es-el-equipo-mexicano-que-disputara-el-mundial-de-atletismo-en-budapest","status":"publish","type":"post","link":"https:\/\/elregionaldigital.info\/?p=1589","title":{"rendered":"Este es el equipo mexicano que disputar\u00e1 el Mundial de Atletismo en Budapest"},"content":{"rendered":"\n<figure class=\"wp-block-image size-full\"><img loading=\"lazy\" decoding=\"async\" width=\"770\" height=\"485\" src=\"http:\/\/elregionaldigital.info\/wp-content\/uploads\/2023\/08\/atletismo_1_crop1692316421801.jpg_1970638775.webp\" alt=\"\" class=\"wp-image-1590\" srcset=\"https:\/\/elregionaldigital.info\/wp-content\/uploads\/2023\/08\/atletismo_1_crop1692316421801.jpg_1970638775.webp 770w, https:\/\/elregionaldigital.info\/wp-content\/uploads\/2023\/08\/atletismo_1_crop1692316421801.jpg_1970638775-300x189.webp 300w, https:\/\/elregionaldigital.info\/wp-content\/uploads\/2023\/08\/atletismo_1_crop1692316421801.jpg_1970638775-768x484.webp 768w\" sizes=\"auto, (max-width: 770px) 100vw, 770px\" \/><\/figure>\n\n\n\n<p>17 AGOSTO 2023-.La delegaci\u00f3n est\u00e1 integrada por 12 mujeres y 13 hombres\u00a0que disputar\u00e1n pruebas de pista y campo; la justa de la World Athletics se realizar\u00e1 del 19 al 27 de agosto<\/p>\n\n\n\n<p><strong>A partir de este s\u00e1bado el mundo vivir\u00e1 un momento especial&nbsp;<\/strong>cuando se ponga en marcha el Campeonato Mundial de Atletismo 2023.<\/p>\n\n\n\n<p><strong>Ser\u00e1 en Budapest donde se concentren los mejores atletas del orbe<\/strong>, y entre ellos habr\u00e1 un total de 25 mexicanos que tratar\u00e1n de poner en alto el nombre de nuestro pa\u00eds.<\/p>\n\n\n\n<p>La justa tendr\u00e1 lugar del 19 al 27 de agosto, y en ella competir\u00e1n naciones de todos los rincones del planeta\u00a0<strong>que buscar\u00e1n imponerse en las diversas disciplinas<\/strong>\u00a0que comprende esta prestigiosa e hist\u00f3rica cita deportiva.<\/p>\n\n\n\n<p>Dicha justa formar\u00e1 parte del proceso clasificatorio con miras a los<strong>\u00a0Juegos Ol\u00edmpicos de Par\u00eds 2024<\/strong>, pero incluso antes de que se lleve a cabo el torneo nuestro pa\u00eds ya cuenta con algunos atletas que ya han conseguido las marcar requeridas para meterse a la siguiente edici\u00f3n del certamen ol\u00edmpico.<\/p>\n\n\n\n<p><strong>Un caso especial de esto es el de la fondista Citlali Moscote<\/strong>, corredora de origen jalisciense que fue la primera representante de M\u00e9xico en conseguir su pase a los Juegos Ol\u00edmpicos del siguiente a\u00f1o.<\/p>\n\n\n\n<p>Adem\u00e1s de la jalisciense,<strong>&nbsp;Alegna Gonz\u00e1lez tambi\u00e9n ya logr\u00f3 su boleto a los que ser\u00e1n sus segundos Ol\u00edmpicos<\/strong>, y de esta forma la marchista se consolid\u00f3 como una de las m\u00e1ximas esperanzas de medalla para nuestro pa\u00eds.<\/p>\n\n\n\n<p>El otro atleta mexicano que ya est\u00e1 apuntado en Par\u00eds 2024 es Jos\u00e9 Luis Doctor<strong>, flamante campe\u00f3n de Juegos Centroamericanos y del Caribe de San Salvador 2023<\/strong>&nbsp;dentro de la prueba de los 20 kil\u00f3metros de marcha.<\/p>\n\n\n\n<h2 class=\"wp-block-heading\">Representaci\u00f3n jalisciense<\/h2>\n\n\n\n<p>Como se ha vuelto una costumbre&nbsp;<strong>Jalisco tendr\u00e1 representaci\u00f3n en este certamen internacional,<\/strong>&nbsp;y lo har\u00e1 con deportistas en pleno ascenso y con otros que ya tienen experiencia en Ol\u00edmpicos.<\/p>\n\n\n\n<p>En este caso Citlali Moscote es una de las jaliscienses que ver\u00e1n actividad dentro de la prueba del marat\u00f3n femenil. Por otro lado est\u00e1 la ya ol\u00edmpica Paola Mor\u00e1n,\u00a0<strong>quien ahora competir\u00e1 en la prueba de los 400 metros planos.<\/strong><\/p>\n\n\n\n<p>Asimismo esta lista incluye a&nbsp;<strong>Jos\u00e9 Luis Santana Mar\u00edn<\/strong>, maratonista que es de origen tapat\u00edo, pero que ahora mismo ya representa a otra entidad (Zacatecas).<\/p>\n\n\n\n<h2 class=\"wp-block-heading\">\u00bfQui\u00e9nes ser\u00e1n los deportistas mexicanos que nos representen en Budapest?&nbsp;<\/h2>\n\n\n\n<p><strong>Marat\u00f3n Femenil<\/strong><\/p>\n\n\n\n<ul class=\"wp-block-list\">\n<li>Citlali Moscote<\/li>\n\n\n\n<li>Argentina Valdepe\u00f1as<\/li>\n\n\n\n<li>Risper Gebabwa<\/li>\n<\/ul>\n\n\n\n<p><strong>Marat\u00f3n Varonil<\/strong><\/p>\n\n\n\n<ul class=\"wp-block-list\">\n<li>Patricio Santos<\/li>\n\n\n\n<li>Jos\u00e9 Luis Santana<\/li>\n\n\n\n<li>Hesiquio Flores Romero<\/li>\n<\/ul>\n\n\n\n<p><strong>Marcha 20km Femenil<\/strong><\/p>\n\n\n\n<ul class=\"wp-block-list\">\n<li>Alegna Gonz\u00e1lez<\/li>\n\n\n\n<li>Sof\u00eda Ramos<\/li>\n\n\n\n<li>Valeria Ortu\u00f1o<\/li>\n\n\n\n<li>&nbsp;<\/li>\n<\/ul>\n\n\n\n<p><strong>&nbsp;Marcha 20km Varonil<\/strong><\/p>\n\n\n\n<ul class=\"wp-block-list\">\n<li>Jos\u00e9 Luis Doctor<\/li>\n\n\n\n<li>Noel Chama<\/li>\n\n\n\n<li>Andr\u00e9s Olivas<\/li>\n<\/ul>\n\n\n\n<p><strong>Marcha 35km Femenil<\/strong><\/p>\n\n\n\n<ul class=\"wp-block-list\">\n<li>Alejandra Ortega<\/li>\n\n\n\n<li>Ilse Guerrero<\/li>\n<\/ul>\n\n\n\n<p><strong>&nbsp;Marcha 35km Varonil<\/strong><\/p>\n\n\n\n<ul class=\"wp-block-list\">\n<li>Ricardo Ortiz<\/li>\n\n\n\n<li>Ever Palma<\/li>\n\n\n\n<li>Jos\u00e9 Leyver Ojeda<\/li>\n<\/ul>\n\n\n\n<p><strong>200m Femenil<\/strong><\/p>\n\n\n\n<ul class=\"wp-block-list\">\n<li>Cecilia Tamayo<\/li>\n<\/ul>\n\n\n\n<p><strong>400m Femenil<\/strong><\/p>\n\n\n\n<ul class=\"wp-block-list\">\n<li>Paola Mor\u00e1n<\/li>\n<\/ul>\n\n\n\n<p><strong>1500m Femenil<\/strong><\/p>\n\n\n\n<ul class=\"wp-block-list\">\n<li>Alma Cort\u00e9s<\/li>\n<\/ul>\n\n\n\n<p><strong>5000m Femenil<\/strong><\/p>\n\n\n\n<ul class=\"wp-block-list\">\n<li>Laura Galv\u00e1n<\/li>\n<\/ul>\n\n\n\n<p><strong>Salto de Altura Varonil<\/strong><\/p>\n\n\n\n<ul class=\"wp-block-list\">\n<li>Erick Portillo<\/li>\n\n\n\n<li>Edgar Rivera<\/li>\n<\/ul>\n\n\n\n<p><strong>Lanzamiento del Martillo<\/strong><\/p>\n\n\n\n<ul class=\"wp-block-list\">\n<li>Diego del Real<\/li>\n\n\n\n<li>&nbsp;<\/li>\n<\/ul>\n\n\n\n<p><strong>Impulso de Bala<\/strong><\/p>\n\n\n\n<ul class=\"wp-block-list\">\n<li>Uziel Mu\u00f1oz<\/li>\n<\/ul>\n","protected":false},"excerpt":{"rendered":"<p>17 AGOSTO 2023-.La delegaci\u00f3n est\u00e1 integrada por 12 mujeres y 13 hombres\u00a0que disputar\u00e1n pruebas de pista y campo; la justa de la World Athletics se realizar\u00e1 del 19 al 27 de agosto A partir de este s\u00e1bado el mundo vivir\u00e1 un momento especial&nbsp;cuando se ponga en marcha el Campeonato Mundial de Atletismo 2023. Ser\u00e1 en [&hellip;]<\/p>\n","protected":false},"author":1,"featured_media":1590,"comment_status":"open","ping_status":"open","sticky":false,"template":"","format":"standard","meta":{"footnotes":""},"categories":[6],"tags":[],"class_list":["post-1589","post","type-post","status-publish","format-standard","has-post-thumbnail","hentry","category-deportes"],"blog_post_layout_featured_media_urls":{"thumbnail":["https:\/\/elregionaldigital.info\/wp-content\/uploads\/2023\/08\/atletismo_1_crop1692316421801.jpg_1970638775-150x150.webp",150,150,true],"full":["https:\/\/elregionaldigital.info\/wp-content\/uploads\/2023\/08\/atletismo_1_crop1692316421801.jpg_1970638775.webp",770,485,false]},"categories_names":{"6":{"name":"Deportes","link":"https:\/\/elregionaldigital.info\/?cat=6"}},"tags_names":[],"comments_number":"0","wpmagazine_modules_lite_featured_media_urls":{"thumbnail":["https:\/\/elregionaldigital.info\/wp-content\/uploads\/2023\/08\/atletismo_1_crop1692316421801.jpg_1970638775-150x150.webp",150,150,true],"cvmm-medium":["https:\/\/elregionaldigital.info\/wp-content\/uploads\/2023\/08\/atletismo_1_crop1692316421801.jpg_1970638775-300x300.webp",300,300,true],"cvmm-medium-plus":["https:\/\/elregionaldigital.info\/wp-content\/uploads\/2023\/08\/atletismo_1_crop1692316421801.jpg_1970638775-305x207.webp",305,207,true],"cvmm-portrait":["https:\/\/elregionaldigital.info\/wp-content\/uploads\/2023\/08\/atletismo_1_crop1692316421801.jpg_1970638775-400x485.webp",400,485,true],"cvmm-medium-square":["https:\/\/elregionaldigital.info\/wp-content\/uploads\/2023\/08\/atletismo_1_crop1692316421801.jpg_1970638775-600x485.webp",600,485,true],"cvmm-large":["https:\/\/elregionaldigital.info\/wp-content\/uploads\/2023\/08\/atletismo_1_crop1692316421801.jpg_1970638775.webp",770,485,false],"cvmm-small":["https:\/\/elregionaldigital.info\/wp-content\/uploads\/2023\/08\/atletismo_1_crop1692316421801.jpg_1970638775-130x95.webp",130,95,true],"full":["https:\/\/elregionaldigital.info\/wp-content\/uploads\/2023\/08\/atletismo_1_crop1692316421801.jpg_1970638775.webp",770,485,false]},"_links":{"self":[{"href":"https:\/\/elregionaldigital.info\/index.php?rest_route=\/wp\/v2\/posts\/1589","targetHints":{"allow":["GET"]}}],"collection":[{"href":"https:\/\/elregionaldigital.info\/index.php?rest_route=\/wp\/v2\/posts"}],"about":[{"href":"https:\/\/elregionaldigital.info\/index.php?rest_route=\/wp\/v2\/types\/post"}],"author":[{"embeddable":true,"href":"https:\/\/elregionaldigital.info\/index.php?rest_route=\/wp\/v2\/users\/1"}],"replies":[{"embeddable":true,"href":"https:\/\/elregionaldigital.info\/index.php?rest_route=%2Fwp%2Fv2%2Fcomments&post=1589"}],"version-history":[{"count":1,"href":"https:\/\/elregionaldigital.info\/index.php?rest_route=\/wp\/v2\/posts\/1589\/revisions"}],"predecessor-version":[{"id":1591,"href":"https:\/\/elregionaldigital.info\/index.php?rest_route=\/wp\/v2\/posts\/1589\/revisions\/1591"}],"wp:featuredmedia":[{"embeddable":true,"href":"https:\/\/elregionaldigital.info\/index.php?rest_route=\/wp\/v2\/media\/1590"}],"wp:attachment":[{"href":"https:\/\/elregionaldigital.info\/index.php?rest_route=%2Fwp%2Fv2%2Fmedia&parent=1589"}],"wp:term":[{"taxonomy":"category","embeddable":true,"href":"https:\/\/elregionaldigital.info\/index.php?rest_route=%2Fwp%2Fv2%2Fcategories&post=1589"},{"taxonomy":"post_tag","embeddable":true,"href":"https:\/\/elregionaldigital.info\/index.php?rest_route=%2Fwp%2Fv2%2Ftags&post=1589"}],"curies":[{"name":"wp","href":"https:\/\/api.w.org\/{rel}","templated":true}]}}