{"id":1575,"date":"2023-08-12T23:31:00","date_gmt":"2023-08-12T23:31:00","guid":{"rendered":"http:\/\/elregionaldigital.info\/?p=1575"},"modified":"2023-08-14T22:45:57","modified_gmt":"2023-08-14T22:45:57","slug":"la-volpe-no-formara-parte-del-consejo-de-expertos","status":"publish","type":"post","link":"https:\/\/elregionaldigital.info\/?p=1575","title":{"rendered":"La Volpe no formar\u00e1 parte del Consejo de Expertos"},"content":{"rendered":"\n<figure class=\"wp-block-image size-full\"><img loading=\"lazy\" decoding=\"async\" width=\"770\" height=\"485\" src=\"http:\/\/elregionaldigital.info\/wp-content\/uploads\/2023\/08\/imago-383110_crop1691975514816.jpg_1970638775.webp\" alt=\"\" class=\"wp-image-1576\" srcset=\"https:\/\/elregionaldigital.info\/wp-content\/uploads\/2023\/08\/imago-383110_crop1691975514816.jpg_1970638775.webp 770w, https:\/\/elregionaldigital.info\/wp-content\/uploads\/2023\/08\/imago-383110_crop1691975514816.jpg_1970638775-300x189.webp 300w, https:\/\/elregionaldigital.info\/wp-content\/uploads\/2023\/08\/imago-383110_crop1691975514816.jpg_1970638775-768x484.webp 768w\" sizes=\"auto, (max-width: 770px) 100vw, 770px\" \/><\/figure>\n\n\n\n<p>&#8220;El Bigot\u00f3n&#8221;, quien cuenta con experiencia como entrenador en diversos equipos del pa\u00eds, no participar\u00e1 en esta instancia por el momento<\/p>\n\n\n\n<p>Luego de una serie de malentendidos, la&nbsp;<strong>Federaci\u00f3n Mexicana de F\u00fatbol<\/strong>&nbsp;(FMF) ha dado marcha atr\u00e1s en su decisi\u00f3n de incluir al ex t\u00e9cnico de la Selecci\u00f3n mexicana, Ricardo La Volpe, en el Consejo de Expertos. &#8220;El Bigot\u00f3n&#8221;, quien cuenta con experiencia como entrenador en diversos equipos del pa\u00eds,&nbsp;<strong>no participar\u00e1 en esta instancia por el momento.<\/strong><\/p>\n\n\n\n<p>A pesar de este cambio, otros nombres siguen en pie para conformar el Consejo:<strong>&nbsp;Rafael M\u00e1rquez, Javier Aguirre, Carles Puyol, Fernando Hierro y Bernardo Cueva<\/strong>&nbsp;contin\u00faan en la lista de expertos que brindar\u00e1n su apoyo a Jaime Lozano como t\u00e9cnico y a Duilio Davino como director de Selecciones mayores, de cara a los siguientes compromisos del Tricolor, la Copa Am\u00e9rica y la<strong>&nbsp;Copa del Mundo 2026.<\/strong><\/p>\n\n\n\n<p>Este Consejo de Expertos tiene como objetivo respaldar los esfuerzos de Jaime Lozano al frente del equipo t\u00e9cnico y colaborar con Duilio Davino en sus funciones de liderazgo en las Selecciones mayores.<strong>&nbsp;Aunque La Volpe no participar\u00e1 por ahora,<\/strong>&nbsp;la continuidad de otros ex jugadores y entrenadores reconocidos en el consejo proporciona un s\u00f3lido respaldo al desarrollo del futbol nacional.<\/p>\n","protected":false},"excerpt":{"rendered":"<p>&#8220;El Bigot\u00f3n&#8221;, quien cuenta con experiencia como entrenador en diversos equipos del pa\u00eds, no participar\u00e1 en esta instancia por el momento Luego de una serie de malentendidos, la&nbsp;Federaci\u00f3n Mexicana de F\u00fatbol&nbsp;(FMF) ha dado marcha atr\u00e1s en su decisi\u00f3n de incluir al ex t\u00e9cnico de la Selecci\u00f3n mexicana, Ricardo La Volpe, en el Consejo de Expertos. [&hellip;]<\/p>\n","protected":false},"author":1,"featured_media":1576,"comment_status":"open","ping_status":"open","sticky":false,"template":"","format":"standard","meta":{"footnotes":""},"categories":[6],"tags":[],"class_list":["post-1575","post","type-post","status-publish","format-standard","has-post-thumbnail","hentry","category-deportes"],"blog_post_layout_featured_media_urls":{"thumbnail":["https:\/\/elregionaldigital.info\/wp-content\/uploads\/2023\/08\/imago-383110_crop1691975514816.jpg_1970638775-150x150.webp",150,150,true],"full":["https:\/\/elregionaldigital.info\/wp-content\/uploads\/2023\/08\/imago-383110_crop1691975514816.jpg_1970638775.webp",770,485,false]},"categories_names":{"6":{"name":"Deportes","link":"https:\/\/elregionaldigital.info\/?cat=6"}},"tags_names":[],"comments_number":"0","wpmagazine_modules_lite_featured_media_urls":{"thumbnail":["https:\/\/elregionaldigital.info\/wp-content\/uploads\/2023\/08\/imago-383110_crop1691975514816.jpg_1970638775-150x150.webp",150,150,true],"cvmm-medium":["https:\/\/elregionaldigital.info\/wp-content\/uploads\/2023\/08\/imago-383110_crop1691975514816.jpg_1970638775-300x300.webp",300,300,true],"cvmm-medium-plus":["https:\/\/elregionaldigital.info\/wp-content\/uploads\/2023\/08\/imago-383110_crop1691975514816.jpg_1970638775-305x207.webp",305,207,true],"cvmm-portrait":["https:\/\/elregionaldigital.info\/wp-content\/uploads\/2023\/08\/imago-383110_crop1691975514816.jpg_1970638775-400x485.webp",400,485,true],"cvmm-medium-square":["https:\/\/elregionaldigital.info\/wp-content\/uploads\/2023\/08\/imago-383110_crop1691975514816.jpg_1970638775-600x485.webp",600,485,true],"cvmm-large":["https:\/\/elregionaldigital.info\/wp-content\/uploads\/2023\/08\/imago-383110_crop1691975514816.jpg_1970638775.webp",770,485,false],"cvmm-small":["https:\/\/elregionaldigital.info\/wp-content\/uploads\/2023\/08\/imago-383110_crop1691975514816.jpg_1970638775-130x95.webp",130,95,true],"full":["https:\/\/elregionaldigital.info\/wp-content\/uploads\/2023\/08\/imago-383110_crop1691975514816.jpg_1970638775.webp",770,485,false]},"_links":{"self":[{"href":"https:\/\/elregionaldigital.info\/index.php?rest_route=\/wp\/v2\/posts\/1575","targetHints":{"allow":["GET"]}}],"collection":[{"href":"https:\/\/elregionaldigital.info\/index.php?rest_route=\/wp\/v2\/posts"}],"about":[{"href":"https:\/\/elregionaldigital.info\/index.php?rest_route=\/wp\/v2\/types\/post"}],"author":[{"embeddable":true,"href":"https:\/\/elregionaldigital.info\/index.php?rest_route=\/wp\/v2\/users\/1"}],"replies":[{"embeddable":true,"href":"https:\/\/elregionaldigital.info\/index.php?rest_route=%2Fwp%2Fv2%2Fcomments&post=1575"}],"version-history":[{"count":2,"href":"https:\/\/elregionaldigital.info\/index.php?rest_route=\/wp\/v2\/posts\/1575\/revisions"}],"predecessor-version":[{"id":1581,"href":"https:\/\/elregionaldigital.info\/index.php?rest_route=\/wp\/v2\/posts\/1575\/revisions\/1581"}],"wp:featuredmedia":[{"embeddable":true,"href":"https:\/\/elregionaldigital.info\/index.php?rest_route=\/wp\/v2\/media\/1576"}],"wp:attachment":[{"href":"https:\/\/elregionaldigital.info\/index.php?rest_route=%2Fwp%2Fv2%2Fmedia&parent=1575"}],"wp:term":[{"taxonomy":"category","embeddable":true,"href":"https:\/\/elregionaldigital.info\/index.php?rest_route=%2Fwp%2Fv2%2Fcategories&post=1575"},{"taxonomy":"post_tag","embeddable":true,"href":"https:\/\/elregionaldigital.info\/index.php?rest_route=%2Fwp%2Fv2%2Ftags&post=1575"}],"curies":[{"name":"wp","href":"https:\/\/api.w.org\/{rel}","templated":true}]}}