{"id":1572,"date":"2023-08-14T10:13:00","date_gmt":"2023-08-14T10:13:00","guid":{"rendered":"http:\/\/elregionaldigital.info\/?p=1572"},"modified":"2023-08-14T22:18:21","modified_gmt":"2023-08-14T22:18:21","slug":"desarrolla-la-uat-nuevas-variedades-de-cana-de-azucar-en-el-mante","status":"publish","type":"post","link":"https:\/\/elregionaldigital.info\/?p=1572","title":{"rendered":"Desarrolla la UAT nuevas variedades de ca\u00f1a de az\u00facar en El Mante"},"content":{"rendered":"\n<figure class=\"wp-block-image size-full\"><img loading=\"lazy\" decoding=\"async\" width=\"476\" height=\"363\" src=\"http:\/\/elregionaldigital.info\/wp-content\/uploads\/2023\/08\/2-1.jpg\" alt=\"\" class=\"wp-image-1573\" srcset=\"https:\/\/elregionaldigital.info\/wp-content\/uploads\/2023\/08\/2-1.jpg 476w, https:\/\/elregionaldigital.info\/wp-content\/uploads\/2023\/08\/2-1-300x229.jpg 300w\" sizes=\"auto, (max-width: 476px) 100vw, 476px\" \/><\/figure>\n\n\n\n<p>Ciudad Victoria, Tam.; 13 de agosto de 2023.<br>Desarrolla la UAT nuevas variedades de ca\u00f1a de az\u00facar en El<\/p>\n\n\n\n<p>Mante<\/p>\n\n\n\n<p>\uf0b7 En proyectos de investigaci\u00f3n e innovaci\u00f3n en la agricultura, especialistas<br>de la UAM Mante exploran soluciones sustentables para enfrentar los<br>desaf\u00edos de este importante sector productivo en Tamaulipas.<\/p>\n\n\n\n<p>En un esfuerzo por abordar los desaf\u00edos que enfrenta la industria ca\u00f1era en la<br>regi\u00f3n de El Mante, la Universidad Aut\u00f3noma de Tamaulipas (UAT) ha destacado<br>por su labor pionera en el desarrollo de nuevas variedades de ca\u00f1a de az\u00facar.<br>Como parte de las acciones primordiales de la m\u00e1xima casa de estudios en<br>la entidad, el rector Guillermo Mendoza Cavazos ha dirigido los esfuerzos de esta<br>instituci\u00f3n para promover la investigaci\u00f3n y la innovaci\u00f3n en la agricultura,<br>marcando un hito en la b\u00fasqueda de soluciones para este importante sector<br>productivo de nuestro estado.<br>En ese contexto, bajo la supervisi\u00f3n del Mtro. Jos\u00e9 Reyes Hern\u00e1ndez y<br>otros profesores del programa acad\u00e9mico de Ingeniero Agr\u00f3nomo de la Unidad<br>Acad\u00e9mica Multidisciplinaria Mante, se han puesto en marcha proyectos de<br>investigaci\u00f3n enfocados en abordar estos retos, entre los que destacan los<br>estudios para determinar las variedades m\u00e1s destacables de la ca\u00f1a de az\u00facar en<br>esta regi\u00f3n del sur de Tamaulipas.<br>En una reciente entrevista, el investigador resalt\u00f3 la innegable importancia<br>del cultivo de ca\u00f1a de az\u00facar en la regi\u00f3n, donde m\u00e1s de cuarenta mil hect\u00e1reas<br>de tierra se dedican a esa actividad agr\u00edcola en la zona.<br>Sin embargo, la industria ha enfrentado una serie de desaf\u00edos que<br>amenazan su sostenibilidad. En particular, el cambio clim\u00e1tico ha provocado un<br>aumento en la temperatura, lo que ha propiciado la propagaci\u00f3n de plagas que<\/p>\n","protected":false},"excerpt":{"rendered":"<p>Ciudad Victoria, Tam.; 13 de agosto de 2023.Desarrolla la UAT nuevas variedades de ca\u00f1a de az\u00facar en El Mante \uf0b7 En proyectos de investigaci\u00f3n e innovaci\u00f3n en la agricultura, especialistasde la UAM Mante exploran soluciones sustentables para enfrentar losdesaf\u00edos de este importante sector productivo en Tamaulipas. En un esfuerzo por abordar los desaf\u00edos que enfrenta [&hellip;]<\/p>\n","protected":false},"author":1,"featured_media":1573,"comment_status":"open","ping_status":"open","sticky":false,"template":"","format":"standard","meta":{"footnotes":""},"categories":[4],"tags":[],"class_list":["post-1572","post","type-post","status-publish","format-standard","has-post-thumbnail","hentry","category-universidades"],"blog_post_layout_featured_media_urls":{"thumbnail":["https:\/\/elregionaldigital.info\/wp-content\/uploads\/2023\/08\/2-1-150x150.jpg",150,150,true],"full":["https:\/\/elregionaldigital.info\/wp-content\/uploads\/2023\/08\/2-1.jpg",476,363,false]},"categories_names":{"4":{"name":"Universidades","link":"https:\/\/elregionaldigital.info\/?cat=4"}},"tags_names":[],"comments_number":"0","wpmagazine_modules_lite_featured_media_urls":{"thumbnail":["https:\/\/elregionaldigital.info\/wp-content\/uploads\/2023\/08\/2-1-150x150.jpg",150,150,true],"cvmm-medium":["https:\/\/elregionaldigital.info\/wp-content\/uploads\/2023\/08\/2-1-300x300.jpg",300,300,true],"cvmm-medium-plus":["https:\/\/elregionaldigital.info\/wp-content\/uploads\/2023\/08\/2-1-305x207.jpg",305,207,true],"cvmm-portrait":["https:\/\/elregionaldigital.info\/wp-content\/uploads\/2023\/08\/2-1-400x363.jpg",400,363,true],"cvmm-medium-square":["https:\/\/elregionaldigital.info\/wp-content\/uploads\/2023\/08\/2-1.jpg",476,363,false],"cvmm-large":["https:\/\/elregionaldigital.info\/wp-content\/uploads\/2023\/08\/2-1.jpg",476,363,false],"cvmm-small":["https:\/\/elregionaldigital.info\/wp-content\/uploads\/2023\/08\/2-1-130x95.jpg",130,95,true],"full":["https:\/\/elregionaldigital.info\/wp-content\/uploads\/2023\/08\/2-1.jpg",476,363,false]},"_links":{"self":[{"href":"https:\/\/elregionaldigital.info\/index.php?rest_route=\/wp\/v2\/posts\/1572","targetHints":{"allow":["GET"]}}],"collection":[{"href":"https:\/\/elregionaldigital.info\/index.php?rest_route=\/wp\/v2\/posts"}],"about":[{"href":"https:\/\/elregionaldigital.info\/index.php?rest_route=\/wp\/v2\/types\/post"}],"author":[{"embeddable":true,"href":"https:\/\/elregionaldigital.info\/index.php?rest_route=\/wp\/v2\/users\/1"}],"replies":[{"embeddable":true,"href":"https:\/\/elregionaldigital.info\/index.php?rest_route=%2Fwp%2Fv2%2Fcomments&post=1572"}],"version-history":[{"count":1,"href":"https:\/\/elregionaldigital.info\/index.php?rest_route=\/wp\/v2\/posts\/1572\/revisions"}],"predecessor-version":[{"id":1574,"href":"https:\/\/elregionaldigital.info\/index.php?rest_route=\/wp\/v2\/posts\/1572\/revisions\/1574"}],"wp:featuredmedia":[{"embeddable":true,"href":"https:\/\/elregionaldigital.info\/index.php?rest_route=\/wp\/v2\/media\/1573"}],"wp:attachment":[{"href":"https:\/\/elregionaldigital.info\/index.php?rest_route=%2Fwp%2Fv2%2Fmedia&parent=1572"}],"wp:term":[{"taxonomy":"category","embeddable":true,"href":"https:\/\/elregionaldigital.info\/index.php?rest_route=%2Fwp%2Fv2%2Fcategories&post=1572"},{"taxonomy":"post_tag","embeddable":true,"href":"https:\/\/elregionaldigital.info\/index.php?rest_route=%2Fwp%2Fv2%2Ftags&post=1572"}],"curies":[{"name":"wp","href":"https:\/\/api.w.org\/{rel}","templated":true}]}}