{"id":1566,"date":"2023-08-10T21:57:00","date_gmt":"2023-08-10T21:57:00","guid":{"rendered":"http:\/\/elregionaldigital.info\/?p=1566"},"modified":"2023-08-14T22:00:45","modified_gmt":"2023-08-14T22:00:45","slug":"lopez-obrador-lamenta-asesinato-del-candidato-fernando-villavicencio-en-ecuador","status":"publish","type":"post","link":"https:\/\/elregionaldigital.info\/?p=1566","title":{"rendered":"L\u00f3pez Obrador lamenta asesinato del candidato Fernando Villavicencio en Ecuador"},"content":{"rendered":"\n<figure class=\"wp-block-image size-full\"><img loading=\"lazy\" decoding=\"async\" width=\"1024\" height=\"608\" src=\"http:\/\/elregionaldigital.info\/wp-content\/uploads\/2023\/08\/Cacndidat.jpg\" alt=\"\" class=\"wp-image-1567\" srcset=\"https:\/\/elregionaldigital.info\/wp-content\/uploads\/2023\/08\/Cacndidat.jpg 1024w, https:\/\/elregionaldigital.info\/wp-content\/uploads\/2023\/08\/Cacndidat-300x178.jpg 300w, https:\/\/elregionaldigital.info\/wp-content\/uploads\/2023\/08\/Cacndidat-768x456.jpg 768w\" sizes=\"auto, (max-width: 1024px) 100vw, 1024px\" \/><\/figure>\n\n\n\n<p><strong>Jueves 10 Agosto 2023 <\/strong><br><\/p>\n\n\n\n<p>Despu\u00e9s de darse a conocer el asesinato del candidato presidencial, Fernando Villavicencio en Ecuador, el jefe del Ejecutivo mexicano, Andr\u00e9s Manuel L\u00f3pez Obrador lament\u00f3 los acontecimientos, mismos que califiic\u00f3 como \u201chechos reprobables\u201d.<\/p>\n\n\n\n<p>Sobre la versi\u00f3n que apunta a que el atentado fue perpetrado por una c\u00e9lula del C\u00e1rtel de Sinaloa en tierras ecuatorianas, el mandatario conden\u00f3 que hayan comenzado a \u201crepartir culpas\u201d.<\/p>\n\n\n\n<p>&#8220;No me atrever\u00eda a adelantar nada sobre los motivos, porque no hay elementos, son si acaso hip\u00f3tesis y pueden ser hasta conjeturas. Entonces hay que actuar con mucha responsabilidad, no culpar a la ligera a nadie, esperar las investigaciones y que se den a conocer los resultados\u201d, coment\u00f3 en tabasque\u00f1o.<\/p>\n\n\n\n<p>Cabe se\u00f1alar que el presidente dej\u00f3 en claro que hasta el momento no se tiene informaci\u00f3n sobre el caso, en referencia a que el candidato presidencial se\u00f1al\u00f3 amenazas de dicho c\u00e1rtel mexicano.<\/p>\n\n\n\n<p>Adem\u00e1s, L\u00f3pez Obrador compar\u00f3 lo sucedido con Villavicencio con el homicidio de Luis Donaldo Colosio Murrieta en aquel lejano mi\u00e9rcoles 23 de marzo de 1994 en Lomas Taurinas en Tijuana, Baja California.<\/p>\n\n\n\n<p>&#8220;Son momentos muy dif\u00edciles. No hay que olvidar que siempre, m\u00e1s en tiempos electorales, se inventan cosas y suceden hechos reprobables como este, algo que conocemos y que nos pas\u00f3 con Luis Donaldo Colosio. Hay que actuar con mucha seriedad\u201d, expuso el mandatario.<\/p>\n\n\n\n<p>\u00bfPor qu\u00e9 asesinaron a Fernando Villavicencio?<\/p>\n\n\n\n<p>Aunque las investigaciones siguen su marcha, todo parece indicar que el asesinato del excandidato presidencial obedeci\u00f3 a sus pronunciamisntos sobre bandas criminales que operan en Ecuador.<\/p>\n\n\n\n<p>Hace una semana, Fernando Villavicencio Valencia denunci\u00f3 amenazas contra \u00e9l y su equipo de campa\u00f1a supuestamente provenientes del l\u00edder de una banda criminal ligada al narcotr\u00e1fico, Jos\u00e9 Adolfo Mac\u00edas Villamar, alias el &#8216;Fito&#8217;.<\/p>\n\n\n\n<p>Tras estas denuncias y a d\u00edas de que se lleve a cabo la elecci\u00f3n presidencial, Villavicencio Valencia fue asesinado el d\u00eda de ayer (mi\u00e9rcoles) tras un mitin pol\u00edtico que se realiz\u00f3 en el coliseo del Colegio Anderson, una escuela privada al norte de Quito. Recibi\u00f3 tres disparos en la cabeza y su muerte fue confirmada por su amigo personal y asesor de campa\u00f1a, Carlos Figuero.<\/p>\n","protected":false},"excerpt":{"rendered":"<p>Jueves 10 Agosto 2023 Despu\u00e9s de darse a conocer el asesinato del candidato presidencial, Fernando Villavicencio en Ecuador, el jefe del Ejecutivo mexicano, Andr\u00e9s Manuel L\u00f3pez Obrador lament\u00f3 los acontecimientos, mismos que califiic\u00f3 como \u201chechos reprobables\u201d. Sobre la versi\u00f3n que apunta a que el atentado fue perpetrado por una c\u00e9lula del C\u00e1rtel de Sinaloa en [&hellip;]<\/p>\n","protected":false},"author":1,"featured_media":1567,"comment_status":"open","ping_status":"open","sticky":false,"template":"","format":"standard","meta":{"footnotes":""},"categories":[5],"tags":[],"class_list":["post-1566","post","type-post","status-publish","format-standard","has-post-thumbnail","hentry","category-nacional"],"blog_post_layout_featured_media_urls":{"thumbnail":["https:\/\/elregionaldigital.info\/wp-content\/uploads\/2023\/08\/Cacndidat-150x150.jpg",150,150,true],"full":["https:\/\/elregionaldigital.info\/wp-content\/uploads\/2023\/08\/Cacndidat.jpg",1024,608,false]},"categories_names":{"5":{"name":"Nacional","link":"https:\/\/elregionaldigital.info\/?cat=5"}},"tags_names":[],"comments_number":"0","wpmagazine_modules_lite_featured_media_urls":{"thumbnail":["https:\/\/elregionaldigital.info\/wp-content\/uploads\/2023\/08\/Cacndidat-150x150.jpg",150,150,true],"cvmm-medium":["https:\/\/elregionaldigital.info\/wp-content\/uploads\/2023\/08\/Cacndidat-300x300.jpg",300,300,true],"cvmm-medium-plus":["https:\/\/elregionaldigital.info\/wp-content\/uploads\/2023\/08\/Cacndidat-305x207.jpg",305,207,true],"cvmm-portrait":["https:\/\/elregionaldigital.info\/wp-content\/uploads\/2023\/08\/Cacndidat-400x600.jpg",400,600,true],"cvmm-medium-square":["https:\/\/elregionaldigital.info\/wp-content\/uploads\/2023\/08\/Cacndidat-600x600.jpg",600,600,true],"cvmm-large":["https:\/\/elregionaldigital.info\/wp-content\/uploads\/2023\/08\/Cacndidat.jpg",1024,608,false],"cvmm-small":["https:\/\/elregionaldigital.info\/wp-content\/uploads\/2023\/08\/Cacndidat-130x95.jpg",130,95,true],"full":["https:\/\/elregionaldigital.info\/wp-content\/uploads\/2023\/08\/Cacndidat.jpg",1024,608,false]},"_links":{"self":[{"href":"https:\/\/elregionaldigital.info\/index.php?rest_route=\/wp\/v2\/posts\/1566","targetHints":{"allow":["GET"]}}],"collection":[{"href":"https:\/\/elregionaldigital.info\/index.php?rest_route=\/wp\/v2\/posts"}],"about":[{"href":"https:\/\/elregionaldigital.info\/index.php?rest_route=\/wp\/v2\/types\/post"}],"author":[{"embeddable":true,"href":"https:\/\/elregionaldigital.info\/index.php?rest_route=\/wp\/v2\/users\/1"}],"replies":[{"embeddable":true,"href":"https:\/\/elregionaldigital.info\/index.php?rest_route=%2Fwp%2Fv2%2Fcomments&post=1566"}],"version-history":[{"count":1,"href":"https:\/\/elregionaldigital.info\/index.php?rest_route=\/wp\/v2\/posts\/1566\/revisions"}],"predecessor-version":[{"id":1568,"href":"https:\/\/elregionaldigital.info\/index.php?rest_route=\/wp\/v2\/posts\/1566\/revisions\/1568"}],"wp:featuredmedia":[{"embeddable":true,"href":"https:\/\/elregionaldigital.info\/index.php?rest_route=\/wp\/v2\/media\/1567"}],"wp:attachment":[{"href":"https:\/\/elregionaldigital.info\/index.php?rest_route=%2Fwp%2Fv2%2Fmedia&parent=1566"}],"wp:term":[{"taxonomy":"category","embeddable":true,"href":"https:\/\/elregionaldigital.info\/index.php?rest_route=%2Fwp%2Fv2%2Fcategories&post=1566"},{"taxonomy":"post_tag","embeddable":true,"href":"https:\/\/elregionaldigital.info\/index.php?rest_route=%2Fwp%2Fv2%2Ftags&post=1566"}],"curies":[{"name":"wp","href":"https:\/\/api.w.org\/{rel}","templated":true}]}}