{"id":1562,"date":"2023-08-10T21:51:19","date_gmt":"2023-08-10T21:51:19","guid":{"rendered":"http:\/\/elregionaldigital.info\/?p=1562"},"modified":"2023-08-14T21:54:23","modified_gmt":"2023-08-14T21:54:23","slug":"tamaulipas-y-cfe-trabajan-para-reclasificar-tarifas","status":"publish","type":"post","link":"https:\/\/elregionaldigital.info\/?p=1562","title":{"rendered":"Tamaulipas y CFE trabajan para reclasificar tarifas"},"content":{"rendered":"\n<figure class=\"wp-block-image size-full is-resized\"><img loading=\"lazy\" decoding=\"async\" src=\"http:\/\/elregionaldigital.info\/wp-content\/uploads\/2023\/08\/TamaulipasyCFE.jpeg\" alt=\"\" class=\"wp-image-1563\" style=\"width:405px;height:248px\" width=\"405\" height=\"248\" srcset=\"https:\/\/elregionaldigital.info\/wp-content\/uploads\/2023\/08\/TamaulipasyCFE.jpeg 315w, https:\/\/elregionaldigital.info\/wp-content\/uploads\/2023\/08\/TamaulipasyCFE-300x184.jpeg 300w\" sizes=\"auto, (max-width: 405px) 100vw, 405px\" \/><\/figure>\n\n\n\n<p><strong>Mi\u00e9rcoles 9 Agosto 2023 <\/strong><\/p>\n\n\n\n<p>Ciudad de M\u00e9xico.- Manuel Bartlett D\u00edaz, director general de la Comisi\u00f3n Federal de Electricidad (CFE) y el gobernador Am\u00e9rico Villarreal Anaya, acordaron iniciar las negociaciones para que los usuarios tengan una tarifa el\u00e9ctrica de verano m\u00e1s accesible.<\/p>\n\n\n\n<p>Durante una reuni\u00f3n de trabajo, Villarreal Anaya expuso las razones y los argumentos por los que Tamaulipas, por sus altas temperaturas, debe tener una tarifa preferencial.<\/p>\n\n\n\n<p>\u201cTamaulipas es el primer productor de energ\u00eda el\u00e9ctrica en el pa\u00eds y abastece de este servicio a otras entidades, por tanto debe tener un beneficio que llegue a todas las y los tamaulipecos\u201d, argument\u00f3 el mandatario tamaulipeco.<\/p>\n\n\n\n<p>Manuel Bartlett y su equipo de trabajo estuvieron de acuerdo y convinieron empezar las negociaciones para que se llegue a una reclasificaci\u00f3n de tarifas en el Estado, empezando por los municipios m\u00e1s vulnerables.<\/p>\n\n\n\n<p>La negociaci\u00f3n ser\u00eda establecer en el Estado la tarifa F, durante la temporada de verano.<\/p>\n\n\n\n<p>El gobernador Am\u00e9rico Villarreal Anaya agradeci\u00f3 a la Federaci\u00f3n por una inversi\u00f3n de m\u00e1s de 9 mil millones de pesos dispuesta para ampliar la red de distribuci\u00f3n de energ\u00eda para Tamaulipas.<\/p>\n","protected":false},"excerpt":{"rendered":"<p>Mi\u00e9rcoles 9 Agosto 2023 Ciudad de M\u00e9xico.- Manuel Bartlett D\u00edaz, director general de la Comisi\u00f3n Federal de Electricidad (CFE) y el gobernador Am\u00e9rico Villarreal Anaya, acordaron iniciar las negociaciones para que los usuarios tengan una tarifa el\u00e9ctrica de verano m\u00e1s accesible. Durante una reuni\u00f3n de trabajo, Villarreal Anaya expuso las razones y los argumentos por [&hellip;]<\/p>\n","protected":false},"author":1,"featured_media":1563,"comment_status":"open","ping_status":"open","sticky":false,"template":"","format":"standard","meta":{"footnotes":""},"categories":[2],"tags":[],"class_list":["post-1562","post","type-post","status-publish","format-standard","has-post-thumbnail","hentry","category-tamaulipas"],"blog_post_layout_featured_media_urls":{"thumbnail":["https:\/\/elregionaldigital.info\/wp-content\/uploads\/2023\/08\/TamaulipasyCFE-150x150.jpeg",150,150,true],"full":["https:\/\/elregionaldigital.info\/wp-content\/uploads\/2023\/08\/TamaulipasyCFE.jpeg",315,193,false]},"categories_names":{"2":{"name":"Tamaulipas","link":"https:\/\/elregionaldigital.info\/?cat=2"}},"tags_names":[],"comments_number":"0","wpmagazine_modules_lite_featured_media_urls":{"thumbnail":["https:\/\/elregionaldigital.info\/wp-content\/uploads\/2023\/08\/TamaulipasyCFE-150x150.jpeg",150,150,true],"cvmm-medium":["https:\/\/elregionaldigital.info\/wp-content\/uploads\/2023\/08\/TamaulipasyCFE-300x193.jpeg",300,193,true],"cvmm-medium-plus":["https:\/\/elregionaldigital.info\/wp-content\/uploads\/2023\/08\/TamaulipasyCFE-305x193.jpeg",305,193,true],"cvmm-portrait":["https:\/\/elregionaldigital.info\/wp-content\/uploads\/2023\/08\/TamaulipasyCFE.jpeg",315,193,false],"cvmm-medium-square":["https:\/\/elregionaldigital.info\/wp-content\/uploads\/2023\/08\/TamaulipasyCFE.jpeg",315,193,false],"cvmm-large":["https:\/\/elregionaldigital.info\/wp-content\/uploads\/2023\/08\/TamaulipasyCFE.jpeg",315,193,false],"cvmm-small":["https:\/\/elregionaldigital.info\/wp-content\/uploads\/2023\/08\/TamaulipasyCFE-130x95.jpeg",130,95,true],"full":["https:\/\/elregionaldigital.info\/wp-content\/uploads\/2023\/08\/TamaulipasyCFE.jpeg",315,193,false]},"_links":{"self":[{"href":"https:\/\/elregionaldigital.info\/index.php?rest_route=\/wp\/v2\/posts\/1562","targetHints":{"allow":["GET"]}}],"collection":[{"href":"https:\/\/elregionaldigital.info\/index.php?rest_route=\/wp\/v2\/posts"}],"about":[{"href":"https:\/\/elregionaldigital.info\/index.php?rest_route=\/wp\/v2\/types\/post"}],"author":[{"embeddable":true,"href":"https:\/\/elregionaldigital.info\/index.php?rest_route=\/wp\/v2\/users\/1"}],"replies":[{"embeddable":true,"href":"https:\/\/elregionaldigital.info\/index.php?rest_route=%2Fwp%2Fv2%2Fcomments&post=1562"}],"version-history":[{"count":1,"href":"https:\/\/elregionaldigital.info\/index.php?rest_route=\/wp\/v2\/posts\/1562\/revisions"}],"predecessor-version":[{"id":1564,"href":"https:\/\/elregionaldigital.info\/index.php?rest_route=\/wp\/v2\/posts\/1562\/revisions\/1564"}],"wp:featuredmedia":[{"embeddable":true,"href":"https:\/\/elregionaldigital.info\/index.php?rest_route=\/wp\/v2\/media\/1563"}],"wp:attachment":[{"href":"https:\/\/elregionaldigital.info\/index.php?rest_route=%2Fwp%2Fv2%2Fmedia&parent=1562"}],"wp:term":[{"taxonomy":"category","embeddable":true,"href":"https:\/\/elregionaldigital.info\/index.php?rest_route=%2Fwp%2Fv2%2Fcategories&post=1562"},{"taxonomy":"post_tag","embeddable":true,"href":"https:\/\/elregionaldigital.info\/index.php?rest_route=%2Fwp%2Fv2%2Ftags&post=1562"}],"curies":[{"name":"wp","href":"https:\/\/api.w.org\/{rel}","templated":true}]}}