{"id":1551,"date":"2023-08-07T22:00:33","date_gmt":"2023-08-07T22:00:33","guid":{"rendered":"http:\/\/elregionaldigital.info\/?p=1551"},"modified":"2023-08-08T22:13:32","modified_gmt":"2023-08-08T22:13:32","slug":"fue-legal-la-detencion-del-fiscal-de-morelos-lopez-obrador","status":"publish","type":"post","link":"https:\/\/elregionaldigital.info\/?p=1551","title":{"rendered":"&#8220;Fue legal&#8221; la detenci\u00f3n del fiscal de Morelos: L\u00f3pez Obrador"},"content":{"rendered":"\n<figure class=\"wp-block-image size-full\"><img loading=\"lazy\" decoding=\"async\" width=\"696\" height=\"392\" src=\"http:\/\/elregionaldigital.info\/wp-content\/uploads\/2023\/08\/Fiscal_Morelos-1.webp\" alt=\"\" class=\"wp-image-1553\" srcset=\"https:\/\/elregionaldigital.info\/wp-content\/uploads\/2023\/08\/Fiscal_Morelos-1.webp 696w, https:\/\/elregionaldigital.info\/wp-content\/uploads\/2023\/08\/Fiscal_Morelos-1-300x169.webp 300w\" sizes=\"auto, (max-width: 696px) 100vw, 696px\" \/><\/figure>\n\n\n\n<p>7 de agosto de 2023-. &#8221;Nosotros queremos que haya justicia, porque hab\u00eda mucho inter\u00e9s en proteger al fiscal, de pol\u00edticos, de personalidades y de integrantes del Poder Judicial&#8221;, se\u00f1al\u00f3 el Presidente<\/p>\n\n\n\n<p>El Presidente&nbsp;<a href=\"https:\/\/www.informador.mx\/andres-manuel-lopez-obrador-t10921\" target=\"_blank\" rel=\"noreferrer noopener\"><strong>Andr\u00e9s Manuel L\u00f3pez Obrador&nbsp;<\/strong><\/a>asegur\u00f3 que &#8220;fue legal&#8221;&nbsp;<strong>la detenci\u00f3n del fiscal de Morelos, Uriel Carmona, por el caso del feminicidio de la joven Ariadna Fernanda.<\/strong><\/p>\n\n\n\n<p>&#8220;\u00c9l tuvo que ver con el ocultamiento de la verdad sobre el asesinato de una joven en la Ciudad de M\u00e9xico, y por eso interviene la Fiscal\u00eda de la Ciudad, y desde<strong>&nbsp;luego que nosotros queremos que haya justicia, porque hab\u00eda mucho inter\u00e9s en proteger al fiscal, de pol\u00edticos, de personalidades y de integrante de Poder Judicial&#8221;,<\/strong>&nbsp;dijo L\u00f3pez Obrador en su&nbsp;<a href=\"https:\/\/www.informador.mx\/AMLO-La-mananera-de-hoy-7-de-agosto-de-2023-t202308070001.html\" target=\"_blank\" rel=\"noreferrer noopener\"><strong>conferencia ma\u00f1anera de este lunes 7 de agosto en Palacio Nacional.<\/strong><\/a><\/p>\n\n\n\n<p>En el Sal\u00f3n Tesorer\u00eda, L\u00f3pez Obrador acus\u00f3 que los ministros de la Suprema Corte de Justicia de la Naci\u00f3n (SCJN) &#8220;desempolvaron un expediente&#8221; y determinaron que no pod\u00eda detenerse al fiscal<strong>\u00a0&#8220;si no hab\u00eda un proceso de fuero o de desafuero en el Congreso&#8221;.<\/strong><\/p>\n\n\n\n<p>&#8220;Muy extra\u00f1o, ojal\u00e1 en la Corte informe, expliquen. \u00bfO es pura casualidad?, expres\u00f3 el Presidente&#8221;.<\/p>\n\n\n\n<blockquote class=\"wp-block-quote is-layout-flow wp-block-quote-is-layout-flow\">\n<p>&#8220;Qu\u00e9 bien que la Fiscal\u00eda de la Ciudad actu\u00f3, cero impunidad, sea quien sea&#8221;, declar\u00f3 L\u00f3pez Obrador.<\/p>\n<\/blockquote>\n\n\n\n<p>El Presidente afirm\u00f3 que el fiscal de Morelos s\u00ed fue part\u00edcipe en, cuando menos, omisiones en el caso de Ariadna Fernanda.<\/p>\n\n\n\n<p><strong>Declar\u00f3 que Uriel Carmona &#8220;va a tener la posibilidad de demostrar que no particip\u00f3&#8221;.<\/strong><\/p>\n","protected":false},"excerpt":{"rendered":"<p>7 de agosto de 2023-. &#8221;Nosotros queremos que haya justicia, porque hab\u00eda mucho inter\u00e9s en proteger al fiscal, de pol\u00edticos, de personalidades y de integrantes del Poder Judicial&#8221;, se\u00f1al\u00f3 el Presidente El Presidente&nbsp;Andr\u00e9s Manuel L\u00f3pez Obrador&nbsp;asegur\u00f3 que &#8220;fue legal&#8221;&nbsp;la detenci\u00f3n del fiscal de Morelos, Uriel Carmona, por el caso del feminicidio de la joven Ariadna [&hellip;]<\/p>\n","protected":false},"author":1,"featured_media":1553,"comment_status":"open","ping_status":"open","sticky":false,"template":"","format":"standard","meta":{"footnotes":""},"categories":[5],"tags":[],"class_list":["post-1551","post","type-post","status-publish","format-standard","has-post-thumbnail","hentry","category-nacional"],"blog_post_layout_featured_media_urls":{"thumbnail":["https:\/\/elregionaldigital.info\/wp-content\/uploads\/2023\/08\/Fiscal_Morelos-1-150x150.webp",150,150,true],"full":["https:\/\/elregionaldigital.info\/wp-content\/uploads\/2023\/08\/Fiscal_Morelos-1.webp",696,392,false]},"categories_names":{"5":{"name":"Nacional","link":"https:\/\/elregionaldigital.info\/?cat=5"}},"tags_names":[],"comments_number":"0","wpmagazine_modules_lite_featured_media_urls":{"thumbnail":["https:\/\/elregionaldigital.info\/wp-content\/uploads\/2023\/08\/Fiscal_Morelos-1-150x150.webp",150,150,true],"cvmm-medium":["https:\/\/elregionaldigital.info\/wp-content\/uploads\/2023\/08\/Fiscal_Morelos-1-300x300.webp",300,300,true],"cvmm-medium-plus":["https:\/\/elregionaldigital.info\/wp-content\/uploads\/2023\/08\/Fiscal_Morelos-1-305x207.webp",305,207,true],"cvmm-portrait":["https:\/\/elregionaldigital.info\/wp-content\/uploads\/2023\/08\/Fiscal_Morelos-1-400x392.webp",400,392,true],"cvmm-medium-square":["https:\/\/elregionaldigital.info\/wp-content\/uploads\/2023\/08\/Fiscal_Morelos-1-600x392.webp",600,392,true],"cvmm-large":["https:\/\/elregionaldigital.info\/wp-content\/uploads\/2023\/08\/Fiscal_Morelos-1.webp",696,392,false],"cvmm-small":["https:\/\/elregionaldigital.info\/wp-content\/uploads\/2023\/08\/Fiscal_Morelos-1-130x95.webp",130,95,true],"full":["https:\/\/elregionaldigital.info\/wp-content\/uploads\/2023\/08\/Fiscal_Morelos-1.webp",696,392,false]},"_links":{"self":[{"href":"https:\/\/elregionaldigital.info\/index.php?rest_route=\/wp\/v2\/posts\/1551","targetHints":{"allow":["GET"]}}],"collection":[{"href":"https:\/\/elregionaldigital.info\/index.php?rest_route=\/wp\/v2\/posts"}],"about":[{"href":"https:\/\/elregionaldigital.info\/index.php?rest_route=\/wp\/v2\/types\/post"}],"author":[{"embeddable":true,"href":"https:\/\/elregionaldigital.info\/index.php?rest_route=\/wp\/v2\/users\/1"}],"replies":[{"embeddable":true,"href":"https:\/\/elregionaldigital.info\/index.php?rest_route=%2Fwp%2Fv2%2Fcomments&post=1551"}],"version-history":[{"count":1,"href":"https:\/\/elregionaldigital.info\/index.php?rest_route=\/wp\/v2\/posts\/1551\/revisions"}],"predecessor-version":[{"id":1554,"href":"https:\/\/elregionaldigital.info\/index.php?rest_route=\/wp\/v2\/posts\/1551\/revisions\/1554"}],"wp:featuredmedia":[{"embeddable":true,"href":"https:\/\/elregionaldigital.info\/index.php?rest_route=\/wp\/v2\/media\/1553"}],"wp:attachment":[{"href":"https:\/\/elregionaldigital.info\/index.php?rest_route=%2Fwp%2Fv2%2Fmedia&parent=1551"}],"wp:term":[{"taxonomy":"category","embeddable":true,"href":"https:\/\/elregionaldigital.info\/index.php?rest_route=%2Fwp%2Fv2%2Fcategories&post=1551"},{"taxonomy":"post_tag","embeddable":true,"href":"https:\/\/elregionaldigital.info\/index.php?rest_route=%2Fwp%2Fv2%2Ftags&post=1551"}],"curies":[{"name":"wp","href":"https:\/\/api.w.org\/{rel}","templated":true}]}}