{"id":1548,"date":"2023-08-06T22:46:00","date_gmt":"2023-08-06T22:46:00","guid":{"rendered":"http:\/\/elregionaldigital.info\/?p=1548"},"modified":"2023-08-08T21:56:12","modified_gmt":"2023-08-08T21:56:12","slug":"barby-juarez-se-convierte-en-la-ultima-eliminada-de-la-casa-de-los-famosos-mexico","status":"publish","type":"post","link":"https:\/\/elregionaldigital.info\/?p=1548","title":{"rendered":"Barby Ju\u00e1rez se convierte en la \u00faltima eliminada de \u201cLa Casa de los Famosos M\u00e9xico\u201d"},"content":{"rendered":"\n<figure class=\"wp-block-image size-full\"><img loading=\"lazy\" decoding=\"async\" width=\"770\" height=\"485\" src=\"http:\/\/elregionaldigital.info\/wp-content\/uploads\/2023\/08\/f25uoqmx0aab7xf_2_crop1691383307956.jpeg_1970638775.webp\" alt=\"\" class=\"wp-image-1549\" srcset=\"https:\/\/elregionaldigital.info\/wp-content\/uploads\/2023\/08\/f25uoqmx0aab7xf_2_crop1691383307956.jpeg_1970638775.webp 770w, https:\/\/elregionaldigital.info\/wp-content\/uploads\/2023\/08\/f25uoqmx0aab7xf_2_crop1691383307956.jpeg_1970638775-300x189.webp 300w, https:\/\/elregionaldigital.info\/wp-content\/uploads\/2023\/08\/f25uoqmx0aab7xf_2_crop1691383307956.jpeg_1970638775-768x484.webp 768w\" sizes=\"auto, (max-width: 770px) 100vw, 770px\" \/><\/figure>\n\n\n\n<p>6 de agosto de 2023-. La Barby Ju\u00e1rez, se convirti\u00f3 en la \u00faltima integrante del team Cielo que abandon\u00f3 la competencia<\/p>\n\n\n\n<p>Este domingo se vivi\u00f3 una gran tensi\u00f3n al interior de<strong>&nbsp;\u201cLa Casa de los Famosos M\u00e9xico\u201d&nbsp;<\/strong>ya que se revel\u00f3 qui\u00e9n fue el \u00faltimo integrante en abandonar este reality show previo a la final el&nbsp;<strong>pr\u00f3ximo domingo 13 de agosto<\/strong>. Es as\u00ed que la campeona mexicana de boxeo,&nbsp;<strong>Barby Ju\u00e1rez<\/strong>, la \u00faltima integrante del&nbsp;<strong>team Cielo<\/strong>&nbsp;fue quien tuvo que abandonar la competencia.<\/p>\n\n\n\n<p>Con la expulsi\u00f3n de Barby, autom\u00e1ticamente\u00a0<strong>Poncho de Nigris y Wendy Guevara<\/strong>\u00a0se convirtieron en los otros finalistas del show adem\u00e1s de<strong>\u00a0Nicola Porcella, Emilio Osorio y Sergio Mayer.\u00a0\u00a0<\/strong><\/p>\n\n\n\n<p>Durante el posicionamiento,\u00a0<strong>Barby fue tacleada por Nicola, Sergio y Emilio<\/strong>, por obvias razones, ya que son el team Infierno, el cual ha logrado su consolidaci\u00f3n. Previo a su salida, Barby resalt\u00f3 que no estaba nerviosa por irse. \u201cMe siento un poco inc\u00f3moda con todos porque al final del d\u00eda ellos ya son una familia (el team Infierno). Espero haber aportado algo a la casa, al p\u00fablico, de Wendy me llevo una gran historia de vida, estoy muy contenta de lo que se logr\u00f3. Soy la \u00faltima del team Cielo, ni modo\u201d<\/p>\n\n\n\n<p>En d\u00edas pasados hubo una ri\u00f1a entre<strong>&nbsp;Sergio Mayer y Poncho de Nigris<\/strong>&nbsp;porque a<strong>&nbsp;\u201cEl Tata\u201d<\/strong>, como se le conoce al integrante de Garibaldi, le molest\u00f3 que hayan decidido por \u00e9l en la nominaci\u00f3n y lo hayan salvado, cuando \u00e9l quer\u00eda salir nominado para probarse con el p\u00fablico. Esto deriv\u00f3 en un roce importante entre los l\u00edderes del team Infierno, quienes recordaron viejas rencillas como cuando eran parte del espect\u00e1culo&nbsp;<strong>\u201cSolo para mujeres\u201d<\/strong>.&nbsp;<\/p>\n\n\n\n<h2 class=\"wp-block-heading\">Reciben a Paulina Rubio&nbsp;<\/h2>\n\n\n\n<p>Durante este domingo, los habitantes recibieron la visita de\u00a0<strong>Paulina Rubio<\/strong>, quien ingres\u00f3\u00a0a la casa para convivir brevemente con ellos, llev\u00e1ndoles adem\u00e1s unas monedas con las que podr\u00edan acceder a unas fotograf\u00edas familiares puestas en vitrinas para conservarlas ellos mismos.<\/p>\n\n\n\n<p>Paulina adem\u00e1s cant\u00f3 en el estudio su reciente sencillo\u00a0<strong>\u201cPropiedad Privada\u201d<\/strong>, una canci\u00f3n pop con tintes rancheros. Y avis\u00f3 que pronto estar\u00e1 dando inicio a su gira\u00a0<strong>\u201cGolden Hits\u201d<\/strong>, la cual estar\u00e1 llevando por Estados Unidos.<\/p>\n","protected":false},"excerpt":{"rendered":"<p>6 de agosto de 2023-. La Barby Ju\u00e1rez, se convirti\u00f3 en la \u00faltima integrante del team Cielo que abandon\u00f3 la competencia Este domingo se vivi\u00f3 una gran tensi\u00f3n al interior de&nbsp;\u201cLa Casa de los Famosos M\u00e9xico\u201d&nbsp;ya que se revel\u00f3 qui\u00e9n fue el \u00faltimo integrante en abandonar este reality show previo a la final el&nbsp;pr\u00f3ximo domingo [&hellip;]<\/p>\n","protected":false},"author":1,"featured_media":1549,"comment_status":"open","ping_status":"open","sticky":false,"template":"","format":"standard","meta":{"footnotes":""},"categories":[3],"tags":[],"class_list":["post-1548","post","type-post","status-publish","format-standard","has-post-thumbnail","hentry","category-entretenimiento"],"blog_post_layout_featured_media_urls":{"thumbnail":["https:\/\/elregionaldigital.info\/wp-content\/uploads\/2023\/08\/f25uoqmx0aab7xf_2_crop1691383307956.jpeg_1970638775-150x150.webp",150,150,true],"full":["https:\/\/elregionaldigital.info\/wp-content\/uploads\/2023\/08\/f25uoqmx0aab7xf_2_crop1691383307956.jpeg_1970638775.webp",770,485,false]},"categories_names":{"3":{"name":"Entretenimiento","link":"https:\/\/elregionaldigital.info\/?cat=3"}},"tags_names":[],"comments_number":"0","wpmagazine_modules_lite_featured_media_urls":{"thumbnail":["https:\/\/elregionaldigital.info\/wp-content\/uploads\/2023\/08\/f25uoqmx0aab7xf_2_crop1691383307956.jpeg_1970638775-150x150.webp",150,150,true],"cvmm-medium":["https:\/\/elregionaldigital.info\/wp-content\/uploads\/2023\/08\/f25uoqmx0aab7xf_2_crop1691383307956.jpeg_1970638775-300x300.webp",300,300,true],"cvmm-medium-plus":["https:\/\/elregionaldigital.info\/wp-content\/uploads\/2023\/08\/f25uoqmx0aab7xf_2_crop1691383307956.jpeg_1970638775-305x207.webp",305,207,true],"cvmm-portrait":["https:\/\/elregionaldigital.info\/wp-content\/uploads\/2023\/08\/f25uoqmx0aab7xf_2_crop1691383307956.jpeg_1970638775-400x485.webp",400,485,true],"cvmm-medium-square":["https:\/\/elregionaldigital.info\/wp-content\/uploads\/2023\/08\/f25uoqmx0aab7xf_2_crop1691383307956.jpeg_1970638775-600x485.webp",600,485,true],"cvmm-large":["https:\/\/elregionaldigital.info\/wp-content\/uploads\/2023\/08\/f25uoqmx0aab7xf_2_crop1691383307956.jpeg_1970638775.webp",770,485,false],"cvmm-small":["https:\/\/elregionaldigital.info\/wp-content\/uploads\/2023\/08\/f25uoqmx0aab7xf_2_crop1691383307956.jpeg_1970638775-130x95.webp",130,95,true],"full":["https:\/\/elregionaldigital.info\/wp-content\/uploads\/2023\/08\/f25uoqmx0aab7xf_2_crop1691383307956.jpeg_1970638775.webp",770,485,false]},"_links":{"self":[{"href":"https:\/\/elregionaldigital.info\/index.php?rest_route=\/wp\/v2\/posts\/1548","targetHints":{"allow":["GET"]}}],"collection":[{"href":"https:\/\/elregionaldigital.info\/index.php?rest_route=\/wp\/v2\/posts"}],"about":[{"href":"https:\/\/elregionaldigital.info\/index.php?rest_route=\/wp\/v2\/types\/post"}],"author":[{"embeddable":true,"href":"https:\/\/elregionaldigital.info\/index.php?rest_route=\/wp\/v2\/users\/1"}],"replies":[{"embeddable":true,"href":"https:\/\/elregionaldigital.info\/index.php?rest_route=%2Fwp%2Fv2%2Fcomments&post=1548"}],"version-history":[{"count":1,"href":"https:\/\/elregionaldigital.info\/index.php?rest_route=\/wp\/v2\/posts\/1548\/revisions"}],"predecessor-version":[{"id":1550,"href":"https:\/\/elregionaldigital.info\/index.php?rest_route=\/wp\/v2\/posts\/1548\/revisions\/1550"}],"wp:featuredmedia":[{"embeddable":true,"href":"https:\/\/elregionaldigital.info\/index.php?rest_route=\/wp\/v2\/media\/1549"}],"wp:attachment":[{"href":"https:\/\/elregionaldigital.info\/index.php?rest_route=%2Fwp%2Fv2%2Fmedia&parent=1548"}],"wp:term":[{"taxonomy":"category","embeddable":true,"href":"https:\/\/elregionaldigital.info\/index.php?rest_route=%2Fwp%2Fv2%2Fcategories&post=1548"},{"taxonomy":"post_tag","embeddable":true,"href":"https:\/\/elregionaldigital.info\/index.php?rest_route=%2Fwp%2Fv2%2Ftags&post=1548"}],"curies":[{"name":"wp","href":"https:\/\/api.w.org\/{rel}","templated":true}]}}