{"id":1538,"date":"2023-08-03T20:23:29","date_gmt":"2023-08-03T20:23:29","guid":{"rendered":"http:\/\/elregionaldigital.info\/?p=1538"},"modified":"2023-08-03T02:24:23","modified_gmt":"2023-08-03T02:24:23","slug":"estudia-la-uat-nuevos-compuestos-en-especies-de-insectos-comestibles","status":"publish","type":"post","link":"https:\/\/elregionaldigital.info\/?p=1538","title":{"rendered":"Estudia la UAT nuevos compuestos en especies de insectos comestibles"},"content":{"rendered":"\n<figure class=\"wp-block-image size-large\"><img loading=\"lazy\" decoding=\"async\" width=\"1024\" height=\"682\" src=\"http:\/\/elregionaldigital.info\/wp-content\/uploads\/2023\/08\/1-1-1024x682.jpeg\" alt=\"\" class=\"wp-image-1540\" srcset=\"https:\/\/elregionaldigital.info\/wp-content\/uploads\/2023\/08\/1-1-1024x682.jpeg 1024w, https:\/\/elregionaldigital.info\/wp-content\/uploads\/2023\/08\/1-1-300x200.jpeg 300w, https:\/\/elregionaldigital.info\/wp-content\/uploads\/2023\/08\/1-1-768x512.jpeg 768w, https:\/\/elregionaldigital.info\/wp-content\/uploads\/2023\/08\/1-1.jpeg 1280w\" sizes=\"auto, (max-width: 1024px) 100vw, 1024px\" \/><\/figure>\n\n\n\n<p>Ciudad Victoria, Tam.; 2 de agosto de 2023.<\/p>\n\n\n\n<p>Estudia la UAT nuevos compuestos en especies de insectos<\/p>\n\n\n\n<p>comestibles<\/p>\n\n\n\n<p>En respuesta a las iniciativas planteadas por el rector Guillermo Mendoza Cavazos<br>para realizar en la Universidad Aut\u00f3noma de Tamaulipas (UAT) investigaci\u00f3n<br>asociada al desarrollo sustentable, especialistas de la casa de estudios est\u00e1n<br>descubriendo en especies de insectos nuevos compuestos que podr\u00edan aportar<br>una serie de beneficios al ser humano, desde la alimentaci\u00f3n hasta el combate de<br>enfermedades cr\u00f3nico-degenerativas.<br>Lo anterior lo dio a conocer el Dr. Jorge Ariel Torres Castillo, experto en<br>biotecnolog\u00eda y ciencias agropecuarias, al presentar los avances sobre las<br>aplicaciones biotecnol\u00f3gicas del insecto conocido como chiva del encino<br>(Pterophylla beltrani) en el Curso Internacional de Entomofagia que se desarroll\u00f3<br>en la Unidad Acad\u00e9mica Multidisciplinaria Mante de la UAT.<br>En ese contexto, el investigador universitario destac\u00f3 que se han<br>descubierto en ese insecto 143 compuestos que no ten\u00edan registro, provenientes<br>de plantas que pueden investigarse para verificar sus efectos en la salud o en la<br>nutrici\u00f3n.<br>Durante el evento organizado en coordinaci\u00f3n con la Universidad Aut\u00f3noma<br>de Nuevo Le\u00f3n y la Universidad Pedag\u00f3gica y Tecnol\u00f3gica de Colombia, el Dr.<br>Torres Castillo sostuvo que dicha especie es de inter\u00e9s para la industria de los<br>alimentos debido a la producci\u00f3n de qu\u00edmicos con potencial antioxidante que<br>posee.<br>Dijo que la prote\u00edna obtenida de los insectos puede ser usada en la<br>alimentaci\u00f3n humana y animal, adem\u00e1s de convertir materiales en mol\u00e9culas que<\/p>\n\n\n\n<p>se pueden aprovechar como nutrimentos y tambi\u00e9n pueden ser funcionales para<br>complicaciones metab\u00f3licas como la diabetes.<br>El investigador, cuya l\u00ednea de generaci\u00f3n de conocimiento es la<br>biotecnolog\u00eda de plantas e insectos, se\u00f1al\u00f3 que estos animales han desarrollado la<br>capacidad de consumir diferentes sustratos y de asimilar los compuestos<br>producidos por las plantas, y que esas son las novedades que se est\u00e1n<br>estudiando para conocer las diversas funcionalidades que se puedan aprovechar<br>para beneficio humano.<br>Agreg\u00f3 que se est\u00e1n estudiando los entomoqu\u00edmicos de la chiva del encino,<br>es decir, aquellos compuestos que est\u00e1n dentro del insecto y provienen de las<br>dietas o son sintetizados de forma end\u00f3gena, pero que son metabolitos de bajo<br>peso molecular y tienen funcionalidades en diferentes situaciones fisiol\u00f3gicas,<br>ecol\u00f3gicas, o que tienen el potencial de ser compuestos bioactivos, como es el<br>caso de los antioxidantes o antinflamatorios, puesto que se han detectado<br>elementos que tienen la funci\u00f3n de regular la presi\u00f3n arterial y la diabetes.<br>Explic\u00f3 que todos estos aspectos se han logrado a lo largo de ocho a\u00f1os de<br>investigaci\u00f3n y que actualmente trabajan en el aprovechamiento de la especie<br>para la alimentaci\u00f3n.<br>Puntualiz\u00f3 que los retos en torno a este trabajo son incrementar la<br>investigaci\u00f3n para el desarrollo de productos, la formaci\u00f3n de recursos<br>especializados, as\u00ed como contribuir al conocimiento integral de la entomofagia<br>para fortalecer iniciativas para la producci\u00f3n masiva y sustentable.<\/p>\n","protected":false},"excerpt":{"rendered":"<p>Ciudad Victoria, Tam.; 2 de agosto de 2023. Estudia la UAT nuevos compuestos en especies de insectos comestibles En respuesta a las iniciativas planteadas por el rector Guillermo Mendoza Cavazospara realizar en la Universidad Aut\u00f3noma de Tamaulipas (UAT) investigaci\u00f3nasociada al desarrollo sustentable, especialistas de la casa de estudios est\u00e1ndescubriendo en especies de insectos nuevos compuestos [&hellip;]<\/p>\n","protected":false},"author":1,"featured_media":1539,"comment_status":"open","ping_status":"open","sticky":false,"template":"","format":"standard","meta":{"footnotes":""},"categories":[4],"tags":[],"class_list":["post-1538","post","type-post","status-publish","format-standard","has-post-thumbnail","hentry","category-universidades"],"blog_post_layout_featured_media_urls":{"thumbnail":["https:\/\/elregionaldigital.info\/wp-content\/uploads\/2023\/08\/1-150x150.jpeg",150,150,true],"full":["https:\/\/elregionaldigital.info\/wp-content\/uploads\/2023\/08\/1.jpeg",1280,853,false]},"categories_names":{"4":{"name":"Universidades","link":"https:\/\/elregionaldigital.info\/?cat=4"}},"tags_names":[],"comments_number":"0","wpmagazine_modules_lite_featured_media_urls":{"thumbnail":["https:\/\/elregionaldigital.info\/wp-content\/uploads\/2023\/08\/1-150x150.jpeg",150,150,true],"cvmm-medium":["https:\/\/elregionaldigital.info\/wp-content\/uploads\/2023\/08\/1-300x300.jpeg",300,300,true],"cvmm-medium-plus":["https:\/\/elregionaldigital.info\/wp-content\/uploads\/2023\/08\/1-305x207.jpeg",305,207,true],"cvmm-portrait":["https:\/\/elregionaldigital.info\/wp-content\/uploads\/2023\/08\/1-400x600.jpeg",400,600,true],"cvmm-medium-square":["https:\/\/elregionaldigital.info\/wp-content\/uploads\/2023\/08\/1-600x600.jpeg",600,600,true],"cvmm-large":["https:\/\/elregionaldigital.info\/wp-content\/uploads\/2023\/08\/1-1024x853.jpeg",1024,853,true],"cvmm-small":["https:\/\/elregionaldigital.info\/wp-content\/uploads\/2023\/08\/1-130x95.jpeg",130,95,true],"full":["https:\/\/elregionaldigital.info\/wp-content\/uploads\/2023\/08\/1.jpeg",1280,853,false]},"_links":{"self":[{"href":"https:\/\/elregionaldigital.info\/index.php?rest_route=\/wp\/v2\/posts\/1538","targetHints":{"allow":["GET"]}}],"collection":[{"href":"https:\/\/elregionaldigital.info\/index.php?rest_route=\/wp\/v2\/posts"}],"about":[{"href":"https:\/\/elregionaldigital.info\/index.php?rest_route=\/wp\/v2\/types\/post"}],"author":[{"embeddable":true,"href":"https:\/\/elregionaldigital.info\/index.php?rest_route=\/wp\/v2\/users\/1"}],"replies":[{"embeddable":true,"href":"https:\/\/elregionaldigital.info\/index.php?rest_route=%2Fwp%2Fv2%2Fcomments&post=1538"}],"version-history":[{"count":1,"href":"https:\/\/elregionaldigital.info\/index.php?rest_route=\/wp\/v2\/posts\/1538\/revisions"}],"predecessor-version":[{"id":1541,"href":"https:\/\/elregionaldigital.info\/index.php?rest_route=\/wp\/v2\/posts\/1538\/revisions\/1541"}],"wp:featuredmedia":[{"embeddable":true,"href":"https:\/\/elregionaldigital.info\/index.php?rest_route=\/wp\/v2\/media\/1539"}],"wp:attachment":[{"href":"https:\/\/elregionaldigital.info\/index.php?rest_route=%2Fwp%2Fv2%2Fmedia&parent=1538"}],"wp:term":[{"taxonomy":"category","embeddable":true,"href":"https:\/\/elregionaldigital.info\/index.php?rest_route=%2Fwp%2Fv2%2Fcategories&post=1538"},{"taxonomy":"post_tag","embeddable":true,"href":"https:\/\/elregionaldigital.info\/index.php?rest_route=%2Fwp%2Fv2%2Ftags&post=1538"}],"curies":[{"name":"wp","href":"https:\/\/api.w.org\/{rel}","templated":true}]}}