{"id":1531,"date":"2023-08-01T06:05:00","date_gmt":"2023-08-01T06:05:00","guid":{"rendered":"http:\/\/elregionaldigital.info\/?p=1531"},"modified":"2023-08-01T05:09:54","modified_gmt":"2023-08-01T05:09:54","slug":"este-es-el-plan-salud-para-todos-que-propone-ebrard","status":"publish","type":"post","link":"https:\/\/elregionaldigital.info\/?p=1531","title":{"rendered":"Este es el plan \u201cSalud para todos\u201d que propone Ebrard"},"content":{"rendered":"\n<figure class=\"wp-block-image size-large\"><img loading=\"lazy\" decoding=\"async\" width=\"1024\" height=\"576\" src=\"http:\/\/elregionaldigital.info\/wp-content\/uploads\/2023\/08\/plan-salud-Ebrard-1024x576.jpg\" alt=\"\" class=\"wp-image-1532\" srcset=\"https:\/\/elregionaldigital.info\/wp-content\/uploads\/2023\/08\/plan-salud-Ebrard-1024x576.jpg 1024w, https:\/\/elregionaldigital.info\/wp-content\/uploads\/2023\/08\/plan-salud-Ebrard-300x169.jpg 300w, https:\/\/elregionaldigital.info\/wp-content\/uploads\/2023\/08\/plan-salud-Ebrard-768x432.jpg 768w, https:\/\/elregionaldigital.info\/wp-content\/uploads\/2023\/08\/plan-salud-Ebrard.jpg 1280w\" sizes=\"auto, (max-width: 1024px) 100vw, 1024px\" \/><\/figure>\n\n\n\n<p>El aspirante a la candidatura presidencial por Morena, Marcelo Ebrard, present\u00f3 ante miembros de la comunidad m\u00e9dica su plan \u201cSalud para todos\u201d con el que, adelant\u00f3, se pretende que atender a toda la poblaci\u00f3n en el territorio nacional.<\/p>\n\n\n\n<p>El excanciller indic\u00f3 que este tiene como eje una cobertura universal, donde se contempla la digitalizaci\u00f3n de los servicios m\u00e9dicos, as\u00ed como la autosuficiencia en la producci\u00f3n de medicamentos y vacunas.<\/p>\n\n\n\n<p>Tambi\u00e9n record\u00f3 que el presidente Andr\u00e9s Manuel L\u00f3pez Obrador ha fortalecido el sistema de salud, base para lo que sigue en la materia.<\/p>\n\n\n\n<p>Los cinco ejes del Plan \u201cSalud para todos\u201d son:<\/p>\n\n\n\n<ul class=\"wp-block-list\">\n<li>Cobertura Universal: prev\u00e9 incorporar a 37 millones de mexicanos que no tienen acceso a servicios de salud.<\/li>\n\n\n\n<li>Incrementar la atenci\u00f3n primaria: prevenci\u00f3n, detecci\u00f3n y atenci\u00f3n de enfermedades cr\u00f3nicas.<\/li>\n\n\n\n<li>Producci\u00f3n de medicamentos y vacunas<\/li>\n\n\n\n<li>Digitalizaci\u00f3n de informaci\u00f3n m\u00e9dica, as\u00ed como servicios m\u00e9dicos.<\/li>\n\n\n\n<li>Brindar atenci\u00f3n prioritaria a adultos mayores e infancias.<\/li>\n<\/ul>\n\n\n\n<p>Sobre la producci\u00f3n de vacunas record\u00f3 lo que ocurri\u00f3 con la pandemia de Covid-19, \u201c<em>nosotros tenemos que producir vacunas y la mayor gama de medicamentos posibles<\/em>\u201d, dijo.<\/p>\n","protected":false},"excerpt":{"rendered":"<p>El aspirante a la candidatura presidencial por Morena, Marcelo Ebrard, present\u00f3 ante miembros de la comunidad m\u00e9dica su plan \u201cSalud para todos\u201d con el que, adelant\u00f3, se pretende que atender a toda la poblaci\u00f3n en el territorio nacional. El excanciller indic\u00f3 que este tiene como eje una cobertura universal, donde se contempla la digitalizaci\u00f3n de [&hellip;]<\/p>\n","protected":false},"author":1,"featured_media":1532,"comment_status":"open","ping_status":"open","sticky":false,"template":"","format":"standard","meta":{"footnotes":""},"categories":[5],"tags":[],"class_list":["post-1531","post","type-post","status-publish","format-standard","has-post-thumbnail","hentry","category-nacional"],"blog_post_layout_featured_media_urls":{"thumbnail":["https:\/\/elregionaldigital.info\/wp-content\/uploads\/2023\/08\/plan-salud-Ebrard-150x150.jpg",150,150,true],"full":["https:\/\/elregionaldigital.info\/wp-content\/uploads\/2023\/08\/plan-salud-Ebrard.jpg",1280,720,false]},"categories_names":{"5":{"name":"Nacional","link":"https:\/\/elregionaldigital.info\/?cat=5"}},"tags_names":[],"comments_number":"0","wpmagazine_modules_lite_featured_media_urls":{"thumbnail":["https:\/\/elregionaldigital.info\/wp-content\/uploads\/2023\/08\/plan-salud-Ebrard-150x150.jpg",150,150,true],"cvmm-medium":["https:\/\/elregionaldigital.info\/wp-content\/uploads\/2023\/08\/plan-salud-Ebrard-300x300.jpg",300,300,true],"cvmm-medium-plus":["https:\/\/elregionaldigital.info\/wp-content\/uploads\/2023\/08\/plan-salud-Ebrard-305x207.jpg",305,207,true],"cvmm-portrait":["https:\/\/elregionaldigital.info\/wp-content\/uploads\/2023\/08\/plan-salud-Ebrard-400x600.jpg",400,600,true],"cvmm-medium-square":["https:\/\/elregionaldigital.info\/wp-content\/uploads\/2023\/08\/plan-salud-Ebrard-600x600.jpg",600,600,true],"cvmm-large":["https:\/\/elregionaldigital.info\/wp-content\/uploads\/2023\/08\/plan-salud-Ebrard-1024x720.jpg",1024,720,true],"cvmm-small":["https:\/\/elregionaldigital.info\/wp-content\/uploads\/2023\/08\/plan-salud-Ebrard-130x95.jpg",130,95,true],"full":["https:\/\/elregionaldigital.info\/wp-content\/uploads\/2023\/08\/plan-salud-Ebrard.jpg",1280,720,false]},"_links":{"self":[{"href":"https:\/\/elregionaldigital.info\/index.php?rest_route=\/wp\/v2\/posts\/1531","targetHints":{"allow":["GET"]}}],"collection":[{"href":"https:\/\/elregionaldigital.info\/index.php?rest_route=\/wp\/v2\/posts"}],"about":[{"href":"https:\/\/elregionaldigital.info\/index.php?rest_route=\/wp\/v2\/types\/post"}],"author":[{"embeddable":true,"href":"https:\/\/elregionaldigital.info\/index.php?rest_route=\/wp\/v2\/users\/1"}],"replies":[{"embeddable":true,"href":"https:\/\/elregionaldigital.info\/index.php?rest_route=%2Fwp%2Fv2%2Fcomments&post=1531"}],"version-history":[{"count":1,"href":"https:\/\/elregionaldigital.info\/index.php?rest_route=\/wp\/v2\/posts\/1531\/revisions"}],"predecessor-version":[{"id":1533,"href":"https:\/\/elregionaldigital.info\/index.php?rest_route=\/wp\/v2\/posts\/1531\/revisions\/1533"}],"wp:featuredmedia":[{"embeddable":true,"href":"https:\/\/elregionaldigital.info\/index.php?rest_route=\/wp\/v2\/media\/1532"}],"wp:attachment":[{"href":"https:\/\/elregionaldigital.info\/index.php?rest_route=%2Fwp%2Fv2%2Fmedia&parent=1531"}],"wp:term":[{"taxonomy":"category","embeddable":true,"href":"https:\/\/elregionaldigital.info\/index.php?rest_route=%2Fwp%2Fv2%2Fcategories&post=1531"},{"taxonomy":"post_tag","embeddable":true,"href":"https:\/\/elregionaldigital.info\/index.php?rest_route=%2Fwp%2Fv2%2Ftags&post=1531"}],"curies":[{"name":"wp","href":"https:\/\/api.w.org\/{rel}","templated":true}]}}