{"id":1528,"date":"2023-07-31T16:48:00","date_gmt":"2023-07-31T16:48:00","guid":{"rendered":"http:\/\/elregionaldigital.info\/?p=1528"},"modified":"2023-08-01T04:51:32","modified_gmt":"2023-08-01T04:51:32","slug":"mi-gobierno-no-ha-quedado-a-deber-a-familiares-de-desaparecidos-lopez-obrador","status":"publish","type":"post","link":"https:\/\/elregionaldigital.info\/?p=1528","title":{"rendered":"Mi gobierno no ha quedado a deber a familiares de desaparecidos: L\u00f3pez Obrador"},"content":{"rendered":"\n<figure class=\"wp-block-image size-full\"><img loading=\"lazy\" decoding=\"async\" width=\"770\" height=\"485\" src=\"http:\/\/elregionaldigital.info\/wp-content\/uploads\/2023\/08\/peje_sonrisa_inversa_efe_i_esquivel_crop1690823201683.jpg_1970638775.webp\" alt=\"\" class=\"wp-image-1529\" srcset=\"https:\/\/elregionaldigital.info\/wp-content\/uploads\/2023\/08\/peje_sonrisa_inversa_efe_i_esquivel_crop1690823201683.jpg_1970638775.webp 770w, https:\/\/elregionaldigital.info\/wp-content\/uploads\/2023\/08\/peje_sonrisa_inversa_efe_i_esquivel_crop1690823201683.jpg_1970638775-300x189.webp 300w, https:\/\/elregionaldigital.info\/wp-content\/uploads\/2023\/08\/peje_sonrisa_inversa_efe_i_esquivel_crop1690823201683.jpg_1970638775-768x484.webp 768w\" sizes=\"auto, (max-width: 770px) 100vw, 770px\" \/><\/figure>\n\n\n\n<p>Andr\u00e9s Manuel sostuvo que \u00e9l habla con madres y familiares de desaparecidos, pero lo que no se permite es que se utilicen estos casos dolorosos con prop\u00f3sitos politiqueros<\/p>\n\n\n\n<p>Al manifestar que &#8220;hemos hecho todo&#8221;, el Presidente&nbsp;<a href=\"https:\/\/www.informador.mx\/andres-manuel-lopez-obrador-t10921\" target=\"_blank\" rel=\"noreferrer noopener\"><strong>Andr\u00e9s Manuel L\u00f3pez Obrador&nbsp;<\/strong><\/a>asegur\u00f3 que su gobierno no ha quedado a deber a la madres y familiares de desaparecidos pues&nbsp;<strong>afirm\u00f3 que su gobierno ha hecho todo para atender sus demandas.<\/strong><\/p>\n\n\n\n<p>&#8220;Presidente,\u00a0<strong>\u00bfno considera que su gobierno les ha quedado a deber (a las madres y familiares de desaparecidos)?&#8221;,<\/strong>\u00a0se le pregunt\u00f3 en conferencia de prensa.<\/p>\n\n\n\n<p>&#8220;No, no,\u00a0<strong>eso es lo que pueden pensar en tu revista, Proceso, y en otros de la llamada sociedad civil o de organizaciones independientes, no gubernamentales, pero no,\u00a0<\/strong>hemos hecho todo y vamos a seguir trabajando con ese prop\u00f3sito&#8221;, contest\u00f3.<\/p>\n\n\n\n<p><a href=\"https:\/\/www.informador.mx\/AMLO-La-mananera-de-hoy-31-de-julio-de-2023-t202307310001.html\" target=\"_blank\" rel=\"noreferrer noopener\"><strong>En Palacio Nacional,<\/strong><\/a>&nbsp;asegur\u00f3 que constantemente, en las giras de fines de semana, habla con madres y familiares de desaparecidos, pero lo que&nbsp;<strong>no se permite es que se utilice estos casos dolorosos con prop\u00f3sitos politiqueros.<\/strong><\/p>\n\n\n\n<blockquote class=\"wp-block-quote is-layout-flow wp-block-quote-is-layout-flow\">\n<p>Acus\u00f3 que hay una campa\u00f1a en medios &#8220;utilizando de manera vil todo lo que les ayude a atacar al gobierno&#8221;.<\/p>\n<\/blockquote>\n\n\n\n<p>&#8220;Estamos atendi\u00e9ndolo constantemente. En todas las giras hablo con madres, con familiares de desaparecidos, lo que no permitimos es que se utilicen estos casos tan lamentables, tristes, dolorosos, con prop\u00f3sitos politiqueros, es que hay la verdad mucha manipulaci\u00f3n de medios como ustedes, con todo respeto, como Proceso, Reforma, Loret de Mola, Ciro G\u00f3mez Leyva, Carmen Aristegui, ya todos,&nbsp;<strong>por lo general entonces es una campa\u00f1a en contra utilizando de manera vil todo lo que les ayude a atacar al gobierno&#8221;,&nbsp;<\/strong>dijo.<\/p>\n","protected":false},"excerpt":{"rendered":"<p>Andr\u00e9s Manuel sostuvo que \u00e9l habla con madres y familiares de desaparecidos, pero lo que no se permite es que se utilicen estos casos dolorosos con prop\u00f3sitos politiqueros Al manifestar que &#8220;hemos hecho todo&#8221;, el Presidente&nbsp;Andr\u00e9s Manuel L\u00f3pez Obrador&nbsp;asegur\u00f3 que su gobierno no ha quedado a deber a la madres y familiares de desaparecidos pues&nbsp;afirm\u00f3 [&hellip;]<\/p>\n","protected":false},"author":1,"featured_media":1529,"comment_status":"open","ping_status":"open","sticky":false,"template":"","format":"standard","meta":{"footnotes":""},"categories":[5],"tags":[],"class_list":["post-1528","post","type-post","status-publish","format-standard","has-post-thumbnail","hentry","category-nacional"],"blog_post_layout_featured_media_urls":{"thumbnail":["https:\/\/elregionaldigital.info\/wp-content\/uploads\/2023\/08\/peje_sonrisa_inversa_efe_i_esquivel_crop1690823201683.jpg_1970638775-150x150.webp",150,150,true],"full":["https:\/\/elregionaldigital.info\/wp-content\/uploads\/2023\/08\/peje_sonrisa_inversa_efe_i_esquivel_crop1690823201683.jpg_1970638775.webp",770,485,false]},"categories_names":{"5":{"name":"Nacional","link":"https:\/\/elregionaldigital.info\/?cat=5"}},"tags_names":[],"comments_number":"0","wpmagazine_modules_lite_featured_media_urls":{"thumbnail":["https:\/\/elregionaldigital.info\/wp-content\/uploads\/2023\/08\/peje_sonrisa_inversa_efe_i_esquivel_crop1690823201683.jpg_1970638775-150x150.webp",150,150,true],"cvmm-medium":["https:\/\/elregionaldigital.info\/wp-content\/uploads\/2023\/08\/peje_sonrisa_inversa_efe_i_esquivel_crop1690823201683.jpg_1970638775-300x300.webp",300,300,true],"cvmm-medium-plus":["https:\/\/elregionaldigital.info\/wp-content\/uploads\/2023\/08\/peje_sonrisa_inversa_efe_i_esquivel_crop1690823201683.jpg_1970638775-305x207.webp",305,207,true],"cvmm-portrait":["https:\/\/elregionaldigital.info\/wp-content\/uploads\/2023\/08\/peje_sonrisa_inversa_efe_i_esquivel_crop1690823201683.jpg_1970638775-400x485.webp",400,485,true],"cvmm-medium-square":["https:\/\/elregionaldigital.info\/wp-content\/uploads\/2023\/08\/peje_sonrisa_inversa_efe_i_esquivel_crop1690823201683.jpg_1970638775-600x485.webp",600,485,true],"cvmm-large":["https:\/\/elregionaldigital.info\/wp-content\/uploads\/2023\/08\/peje_sonrisa_inversa_efe_i_esquivel_crop1690823201683.jpg_1970638775.webp",770,485,false],"cvmm-small":["https:\/\/elregionaldigital.info\/wp-content\/uploads\/2023\/08\/peje_sonrisa_inversa_efe_i_esquivel_crop1690823201683.jpg_1970638775-130x95.webp",130,95,true],"full":["https:\/\/elregionaldigital.info\/wp-content\/uploads\/2023\/08\/peje_sonrisa_inversa_efe_i_esquivel_crop1690823201683.jpg_1970638775.webp",770,485,false]},"_links":{"self":[{"href":"https:\/\/elregionaldigital.info\/index.php?rest_route=\/wp\/v2\/posts\/1528","targetHints":{"allow":["GET"]}}],"collection":[{"href":"https:\/\/elregionaldigital.info\/index.php?rest_route=\/wp\/v2\/posts"}],"about":[{"href":"https:\/\/elregionaldigital.info\/index.php?rest_route=\/wp\/v2\/types\/post"}],"author":[{"embeddable":true,"href":"https:\/\/elregionaldigital.info\/index.php?rest_route=\/wp\/v2\/users\/1"}],"replies":[{"embeddable":true,"href":"https:\/\/elregionaldigital.info\/index.php?rest_route=%2Fwp%2Fv2%2Fcomments&post=1528"}],"version-history":[{"count":1,"href":"https:\/\/elregionaldigital.info\/index.php?rest_route=\/wp\/v2\/posts\/1528\/revisions"}],"predecessor-version":[{"id":1530,"href":"https:\/\/elregionaldigital.info\/index.php?rest_route=\/wp\/v2\/posts\/1528\/revisions\/1530"}],"wp:featuredmedia":[{"embeddable":true,"href":"https:\/\/elregionaldigital.info\/index.php?rest_route=\/wp\/v2\/media\/1529"}],"wp:attachment":[{"href":"https:\/\/elregionaldigital.info\/index.php?rest_route=%2Fwp%2Fv2%2Fmedia&parent=1528"}],"wp:term":[{"taxonomy":"category","embeddable":true,"href":"https:\/\/elregionaldigital.info\/index.php?rest_route=%2Fwp%2Fv2%2Fcategories&post=1528"},{"taxonomy":"post_tag","embeddable":true,"href":"https:\/\/elregionaldigital.info\/index.php?rest_route=%2Fwp%2Fv2%2Ftags&post=1528"}],"curies":[{"name":"wp","href":"https:\/\/api.w.org\/{rel}","templated":true}]}}