{"id":1525,"date":"2023-07-30T16:36:00","date_gmt":"2023-07-30T16:36:00","guid":{"rendered":"http:\/\/elregionaldigital.info\/?p=1525"},"modified":"2023-08-01T04:46:54","modified_gmt":"2023-08-01T04:46:54","slug":"que-no-digan-a-una-mujer-que-no-puedepuede-ser-hasta-presidenta-de-mexico-sheinbaum","status":"publish","type":"post","link":"https:\/\/elregionaldigital.info\/?p=1525","title":{"rendered":"Que no digan a una mujer que no puede\u2026puede ser hasta presidenta de M\u00e9xico&#8221;: Sheinbaum"},"content":{"rendered":"\n<figure class=\"wp-block-image size-full is-resized\"><img loading=\"lazy\" decoding=\"async\" src=\"http:\/\/elregionaldigital.info\/wp-content\/uploads\/2023\/08\/364176823_746040084199063_2634790035263519211_n.jpg\" alt=\"\" class=\"wp-image-1526\" width=\"537\" height=\"303\" srcset=\"https:\/\/elregionaldigital.info\/wp-content\/uploads\/2023\/08\/364176823_746040084199063_2634790035263519211_n.jpg 399w, https:\/\/elregionaldigital.info\/wp-content\/uploads\/2023\/08\/364176823_746040084199063_2634790035263519211_n-300x169.jpg 300w\" sizes=\"auto, (max-width: 537px) 100vw, 537px\" \/><\/figure>\n\n\n\n<p>&#8220;Que nunca les digan que una mujer no puede, porque puede ser hasta presidenta de la Rep\u00fablica&#8221;, asegur\u00f3 Claudia Sheinbaum al soster una reuni\u00f3n con mujeres en Matamoros.<br>La aspirante a la defensa de la cuarta transformaci\u00f3n asegur\u00f3 que la mujer debe de formar parte de la historia pol\u00edtica de M\u00e9xico.<br>&#8220;Que no digan que una mujer no puede, la<br>mujer se considera persona, por eso puede ser diputada; presidenta municipal; gobernadora y hasta presidenta de la Rep\u00fablica&#8221;, indic\u00f3.<br>Sheinbaum invit\u00f3 a que sean parte de la transformaci\u00f3n de M\u00e9xico, teniendo siempre presente a la familia y no dejarse de las adversidades.<br>&#8220;Seamos parte de la historia de M\u00e9xico, vamos a ser parte de la transformaci\u00f3n de M\u00e9xico que ya iniciado nuestro presidente Andr\u00e9s Manuel L\u00f3pez Obrador&#8221;, dijo.<br>En su mensaje a los mujeres de Matamoros la aspirante a la defensa de la cuarta transformaci\u00f3n dijo que cuando se junta, todo lo pueden lograra como ha pasado en Tamaualipas.<br>&#8220;Cuando nos jutamos todo lo podemos lograr, Tamaulipas ya logr\u00f3 la cuarta transformaci\u00f3n y es el momento de seguir transformando el pa\u00eds&#8221;, apunt\u00f3.<br>Durante el evento hubo la participaci\u00f3n de 6 mujeres de Reynosa; Valle Hermoso y Matamoros.<br>El evento realizado al medio d\u00eda de este s\u00e1bado en Matamoros fue organizado por Am\u00e9rico Villarreal Santiago y Marco Batarse Ferrer.<\/p>\n","protected":false},"excerpt":{"rendered":"<p>&#8220;Que nunca les digan que una mujer no puede, porque puede ser hasta presidenta de la Rep\u00fablica&#8221;, asegur\u00f3 Claudia Sheinbaum al soster una reuni\u00f3n con mujeres en Matamoros.La aspirante a la defensa de la cuarta transformaci\u00f3n asegur\u00f3 que la mujer debe de formar parte de la historia pol\u00edtica de M\u00e9xico.&#8220;Que no digan que una mujer [&hellip;]<\/p>\n","protected":false},"author":1,"featured_media":1526,"comment_status":"open","ping_status":"open","sticky":false,"template":"","format":"standard","meta":{"footnotes":""},"categories":[5,2],"tags":[],"class_list":["post-1525","post","type-post","status-publish","format-standard","has-post-thumbnail","hentry","category-nacional","category-tamaulipas"],"blog_post_layout_featured_media_urls":{"thumbnail":["https:\/\/elregionaldigital.info\/wp-content\/uploads\/2023\/08\/364176823_746040084199063_2634790035263519211_n-150x150.jpg",150,150,true],"full":["https:\/\/elregionaldigital.info\/wp-content\/uploads\/2023\/08\/364176823_746040084199063_2634790035263519211_n.jpg",399,225,false]},"categories_names":{"5":{"name":"Nacional","link":"https:\/\/elregionaldigital.info\/?cat=5"},"2":{"name":"Tamaulipas","link":"https:\/\/elregionaldigital.info\/?cat=2"}},"tags_names":[],"comments_number":"0","wpmagazine_modules_lite_featured_media_urls":{"thumbnail":["https:\/\/elregionaldigital.info\/wp-content\/uploads\/2023\/08\/364176823_746040084199063_2634790035263519211_n-150x150.jpg",150,150,true],"cvmm-medium":["https:\/\/elregionaldigital.info\/wp-content\/uploads\/2023\/08\/364176823_746040084199063_2634790035263519211_n-300x225.jpg",300,225,true],"cvmm-medium-plus":["https:\/\/elregionaldigital.info\/wp-content\/uploads\/2023\/08\/364176823_746040084199063_2634790035263519211_n-305x207.jpg",305,207,true],"cvmm-portrait":["https:\/\/elregionaldigital.info\/wp-content\/uploads\/2023\/08\/364176823_746040084199063_2634790035263519211_n.jpg",399,225,false],"cvmm-medium-square":["https:\/\/elregionaldigital.info\/wp-content\/uploads\/2023\/08\/364176823_746040084199063_2634790035263519211_n.jpg",399,225,false],"cvmm-large":["https:\/\/elregionaldigital.info\/wp-content\/uploads\/2023\/08\/364176823_746040084199063_2634790035263519211_n.jpg",399,225,false],"cvmm-small":["https:\/\/elregionaldigital.info\/wp-content\/uploads\/2023\/08\/364176823_746040084199063_2634790035263519211_n-130x95.jpg",130,95,true],"full":["https:\/\/elregionaldigital.info\/wp-content\/uploads\/2023\/08\/364176823_746040084199063_2634790035263519211_n.jpg",399,225,false]},"_links":{"self":[{"href":"https:\/\/elregionaldigital.info\/index.php?rest_route=\/wp\/v2\/posts\/1525","targetHints":{"allow":["GET"]}}],"collection":[{"href":"https:\/\/elregionaldigital.info\/index.php?rest_route=\/wp\/v2\/posts"}],"about":[{"href":"https:\/\/elregionaldigital.info\/index.php?rest_route=\/wp\/v2\/types\/post"}],"author":[{"embeddable":true,"href":"https:\/\/elregionaldigital.info\/index.php?rest_route=\/wp\/v2\/users\/1"}],"replies":[{"embeddable":true,"href":"https:\/\/elregionaldigital.info\/index.php?rest_route=%2Fwp%2Fv2%2Fcomments&post=1525"}],"version-history":[{"count":1,"href":"https:\/\/elregionaldigital.info\/index.php?rest_route=\/wp\/v2\/posts\/1525\/revisions"}],"predecessor-version":[{"id":1527,"href":"https:\/\/elregionaldigital.info\/index.php?rest_route=\/wp\/v2\/posts\/1525\/revisions\/1527"}],"wp:featuredmedia":[{"embeddable":true,"href":"https:\/\/elregionaldigital.info\/index.php?rest_route=\/wp\/v2\/media\/1526"}],"wp:attachment":[{"href":"https:\/\/elregionaldigital.info\/index.php?rest_route=%2Fwp%2Fv2%2Fmedia&parent=1525"}],"wp:term":[{"taxonomy":"category","embeddable":true,"href":"https:\/\/elregionaldigital.info\/index.php?rest_route=%2Fwp%2Fv2%2Fcategories&post=1525"},{"taxonomy":"post_tag","embeddable":true,"href":"https:\/\/elregionaldigital.info\/index.php?rest_route=%2Fwp%2Fv2%2Ftags&post=1525"}],"curies":[{"name":"wp","href":"https:\/\/api.w.org\/{rel}","templated":true}]}}