{"id":1518,"date":"2023-07-29T12:38:00","date_gmt":"2023-07-29T12:38:00","guid":{"rendered":"http:\/\/elregionaldigital.info\/?p=1518"},"modified":"2023-07-30T00:44:17","modified_gmt":"2023-07-30T00:44:17","slug":"hamilton-arruino-nuestra-carrera-checo-perez","status":"publish","type":"post","link":"https:\/\/elregionaldigital.info\/?p=1518","title":{"rendered":"Hamilton arruin\u00f3 nuestra carrera: Checo P\u00e9rez"},"content":{"rendered":"\n<p><\/p>\n\n\n\n<figure class=\"wp-block-image size-full\"><img loading=\"lazy\" decoding=\"async\" width=\"770\" height=\"485\" src=\"http:\/\/elregionaldigital.info\/wp-content\/uploads\/2023\/07\/formula_one_belgian_grand_prix_-_sprint_shootout_and_sprint_efe_1111_x1x_crop1690652092434.jpg_1970638775.webp\" alt=\"\" class=\"wp-image-1519\" srcset=\"https:\/\/elregionaldigital.info\/wp-content\/uploads\/2023\/07\/formula_one_belgian_grand_prix_-_sprint_shootout_and_sprint_efe_1111_x1x_crop1690652092434.jpg_1970638775.webp 770w, https:\/\/elregionaldigital.info\/wp-content\/uploads\/2023\/07\/formula_one_belgian_grand_prix_-_sprint_shootout_and_sprint_efe_1111_x1x_crop1690652092434.jpg_1970638775-300x189.webp 300w, https:\/\/elregionaldigital.info\/wp-content\/uploads\/2023\/07\/formula_one_belgian_grand_prix_-_sprint_shootout_and_sprint_efe_1111_x1x_crop1690652092434.jpg_1970638775-768x484.webp 768w\" sizes=\"auto, (max-width: 770px) 100vw, 770px\" \/><\/figure>\n\n\n\n<p>El mexicano tuvo que abandonar la carrera sprint del GP de B\u00e9lgica 2023 a causa de un incidente con Lewis Hamilton<\/p>\n\n\n\n<p>A pesar de que ten\u00eda un buen ritmo de carrera y que peleaba con Pierre Gasly por el tercer lugar de la carrera sprint del Gran Premio de B\u00e9lgica 2023, el tapat\u00edo&nbsp;<a href=\"https:\/\/www.informador.mx\/sergio-perez-t2189\" target=\"_blank\" rel=\"noreferrer noopener\"><strong>Sergio &#8220;Checo&#8221; P\u00e9rez<\/strong><\/a>&nbsp;tuvo que abandonar, esto&nbsp;<strong>a causa de un incidente con Lewis Hamilton,<\/strong>&nbsp;por lo que el piloto de Red Bull lament\u00f3 el suceso con el brit\u00e1nico de Mercedes.<\/p>\n\n\n\n<p>&#8220;Ven\u00edamos con buen ritmo, el equipo hizo una muy buena estrategia, buena parada, pudimos remontar buenas posiciones y luego peleando la posici\u00f3n con Gasly,\u00a0<strong>lleg\u00f3 Hamilton y creo que tuvo contacto sobre mi coche y pr\u00e1cticamente arruin\u00f3 toda mi parte derecha del auto y tuvimos que retirarnos porque no ten\u00eda nada de agarre&#8221;,<\/strong>\u00a0dijo Checo P\u00e9rez.<\/p>\n\n\n\n<p>P\u00e9rez Mendoza buscaba a toda costa un lugar en el podio en esta carrera sprint, pero todo se fue complicando debido a la presencia de un auto de seguridad, luego de un incidente que sufri\u00f3 Fernando Alonso, a partir de ah\u00ed todo se vino abajo.<\/p>\n\n\n\n<p>&#8220;Era complicado seguir con Gasly, estaba buscando la maniobra antes de que llegara el &#8216;safety car&#8217;, ya lo ten\u00eda cerca, luego en el reinicio est\u00e1bamos muy cerca de Gasly y luego vino ese contacto con Hamilton&#8221;.<\/p>\n","protected":false},"excerpt":{"rendered":"<p>El mexicano tuvo que abandonar la carrera sprint del GP de B\u00e9lgica 2023 a causa de un incidente con Lewis Hamilton A pesar de que ten\u00eda un buen ritmo de carrera y que peleaba con Pierre Gasly por el tercer lugar de la carrera sprint del Gran Premio de B\u00e9lgica 2023, el tapat\u00edo&nbsp;Sergio &#8220;Checo&#8221; P\u00e9rez&nbsp;tuvo [&hellip;]<\/p>\n","protected":false},"author":1,"featured_media":1519,"comment_status":"open","ping_status":"open","sticky":false,"template":"","format":"standard","meta":{"footnotes":""},"categories":[6],"tags":[],"class_list":["post-1518","post","type-post","status-publish","format-standard","has-post-thumbnail","hentry","category-deportes"],"blog_post_layout_featured_media_urls":{"thumbnail":["https:\/\/elregionaldigital.info\/wp-content\/uploads\/2023\/07\/formula_one_belgian_grand_prix_-_sprint_shootout_and_sprint_efe_1111_x1x_crop1690652092434.jpg_1970638775-150x150.webp",150,150,true],"full":["https:\/\/elregionaldigital.info\/wp-content\/uploads\/2023\/07\/formula_one_belgian_grand_prix_-_sprint_shootout_and_sprint_efe_1111_x1x_crop1690652092434.jpg_1970638775.webp",770,485,false]},"categories_names":{"6":{"name":"Deportes","link":"https:\/\/elregionaldigital.info\/?cat=6"}},"tags_names":[],"comments_number":"0","wpmagazine_modules_lite_featured_media_urls":{"thumbnail":["https:\/\/elregionaldigital.info\/wp-content\/uploads\/2023\/07\/formula_one_belgian_grand_prix_-_sprint_shootout_and_sprint_efe_1111_x1x_crop1690652092434.jpg_1970638775-150x150.webp",150,150,true],"cvmm-medium":["https:\/\/elregionaldigital.info\/wp-content\/uploads\/2023\/07\/formula_one_belgian_grand_prix_-_sprint_shootout_and_sprint_efe_1111_x1x_crop1690652092434.jpg_1970638775-300x300.webp",300,300,true],"cvmm-medium-plus":["https:\/\/elregionaldigital.info\/wp-content\/uploads\/2023\/07\/formula_one_belgian_grand_prix_-_sprint_shootout_and_sprint_efe_1111_x1x_crop1690652092434.jpg_1970638775-305x207.webp",305,207,true],"cvmm-portrait":["https:\/\/elregionaldigital.info\/wp-content\/uploads\/2023\/07\/formula_one_belgian_grand_prix_-_sprint_shootout_and_sprint_efe_1111_x1x_crop1690652092434.jpg_1970638775-400x485.webp",400,485,true],"cvmm-medium-square":["https:\/\/elregionaldigital.info\/wp-content\/uploads\/2023\/07\/formula_one_belgian_grand_prix_-_sprint_shootout_and_sprint_efe_1111_x1x_crop1690652092434.jpg_1970638775-600x485.webp",600,485,true],"cvmm-large":["https:\/\/elregionaldigital.info\/wp-content\/uploads\/2023\/07\/formula_one_belgian_grand_prix_-_sprint_shootout_and_sprint_efe_1111_x1x_crop1690652092434.jpg_1970638775.webp",770,485,false],"cvmm-small":["https:\/\/elregionaldigital.info\/wp-content\/uploads\/2023\/07\/formula_one_belgian_grand_prix_-_sprint_shootout_and_sprint_efe_1111_x1x_crop1690652092434.jpg_1970638775-130x95.webp",130,95,true],"full":["https:\/\/elregionaldigital.info\/wp-content\/uploads\/2023\/07\/formula_one_belgian_grand_prix_-_sprint_shootout_and_sprint_efe_1111_x1x_crop1690652092434.jpg_1970638775.webp",770,485,false]},"_links":{"self":[{"href":"https:\/\/elregionaldigital.info\/index.php?rest_route=\/wp\/v2\/posts\/1518","targetHints":{"allow":["GET"]}}],"collection":[{"href":"https:\/\/elregionaldigital.info\/index.php?rest_route=\/wp\/v2\/posts"}],"about":[{"href":"https:\/\/elregionaldigital.info\/index.php?rest_route=\/wp\/v2\/types\/post"}],"author":[{"embeddable":true,"href":"https:\/\/elregionaldigital.info\/index.php?rest_route=\/wp\/v2\/users\/1"}],"replies":[{"embeddable":true,"href":"https:\/\/elregionaldigital.info\/index.php?rest_route=%2Fwp%2Fv2%2Fcomments&post=1518"}],"version-history":[{"count":1,"href":"https:\/\/elregionaldigital.info\/index.php?rest_route=\/wp\/v2\/posts\/1518\/revisions"}],"predecessor-version":[{"id":1520,"href":"https:\/\/elregionaldigital.info\/index.php?rest_route=\/wp\/v2\/posts\/1518\/revisions\/1520"}],"wp:featuredmedia":[{"embeddable":true,"href":"https:\/\/elregionaldigital.info\/index.php?rest_route=\/wp\/v2\/media\/1519"}],"wp:attachment":[{"href":"https:\/\/elregionaldigital.info\/index.php?rest_route=%2Fwp%2Fv2%2Fmedia&parent=1518"}],"wp:term":[{"taxonomy":"category","embeddable":true,"href":"https:\/\/elregionaldigital.info\/index.php?rest_route=%2Fwp%2Fv2%2Fcategories&post=1518"},{"taxonomy":"post_tag","embeddable":true,"href":"https:\/\/elregionaldigital.info\/index.php?rest_route=%2Fwp%2Fv2%2Ftags&post=1518"}],"curies":[{"name":"wp","href":"https:\/\/api.w.org\/{rel}","templated":true}]}}