{"id":1502,"date":"2023-07-24T04:47:00","date_gmt":"2023-07-24T04:47:00","guid":{"rendered":"http:\/\/elregionaldigital.info\/?p=1502"},"modified":"2023-07-27T05:39:45","modified_gmt":"2023-07-27T05:39:45","slug":"asi-luce-el-rostro-de-nodal-al-iniciar-la-eliminacion-de-tatuajes","status":"publish","type":"post","link":"https:\/\/elregionaldigital.info\/?p=1502","title":{"rendered":"As\u00ed luce el rostro de Nodal al iniciar la eliminaci\u00f3n de tatuajes"},"content":{"rendered":"\n<figure class=\"wp-block-image size-full\"><img loading=\"lazy\" decoding=\"async\" width=\"698\" height=\"433\" src=\"http:\/\/elregionaldigital.info\/wp-content\/uploads\/2023\/07\/nodal.jpg_436079160.jpg\" alt=\"\" class=\"wp-image-1504\" srcset=\"https:\/\/elregionaldigital.info\/wp-content\/uploads\/2023\/07\/nodal.jpg_436079160.jpg 698w, https:\/\/elregionaldigital.info\/wp-content\/uploads\/2023\/07\/nodal.jpg_436079160-300x186.jpg 300w\" sizes=\"auto, (max-width: 698px) 100vw, 698px\" \/><\/figure>\n\n\n\n<p>Fue a trav\u00e9s de sus redes sociales donde Nodal&nbsp;sorprendi\u00f3 a sus fans al compartir algunas fotograf\u00edas en las que se logra apreciar que los tatuajes se han ido aclarando<\/p>\n\n\n\n<p>La vida de<strong>&nbsp;Christian Nodal<\/strong>&nbsp;ha dado un gran giro desde que confirm\u00f3 que se convertir\u00eda en padre junto a su novia, la tambi\u00e9n cantante&nbsp;<strong>Cazzu<\/strong>; y es que no solo se ha dedicado de tiempo completo a su carrera, tambi\u00e9n&nbsp;<strong>decidi\u00f3 deshacerse de los tatuajes que lleva en el rostro y que tanta pol\u00e9mica causaron.<\/strong><\/p>\n\n\n\n<p>El mismo cantante, en una entrevista, confes\u00f3 que el \u00fanico objetivo de remover estos dise\u00f1os era para que su hija pudiera<strong>&nbsp;&#8220;conocer su carita&#8221;&nbsp;<\/strong>y a meses de haber iniciado con el procedimiento ya pueden verse los primeros resultados.<\/p>\n\n\n\n<p>Fue a trav\u00e9s de sus redes sociales que el int\u00e9rprete de&nbsp;<strong>&#8220;Botella tras botella&#8221;<\/strong>&nbsp;sorprendi\u00f3 a sus fans al compartir algunas fotograf\u00edas en las que se logra apreciar que los tatuajes se han ido aclarando como las estrellas que acompa\u00f1aban a la palabra<strong>&nbsp;&#8220;amor&#8221;&nbsp;<\/strong>que lleva arriba de la ceja izquierda o los tri\u00e1ngulos que cruzan su nariz y que fueron los que m\u00e1s cr\u00edticas le valieron.<\/p>\n\n\n\n<p>Por si fuera poco, Nodal tambi\u00e9n&nbsp;<strong>mostr\u00f3 un nuevo cambio de look, con el cabello m\u00e1s largo a como lo hab\u00eda llevado \u00faltimamente y visiblemente m\u00e1s delgado<\/strong>, ocasionando una ola de piropos por parte de sus seguidoras, quienes aseguran que se ve mejor que nunca.<\/p>\n\n\n\n<p>&#8220;Est\u00e1s volviendo rey. Est\u00e1s de vuelta&#8221;, &#8220;Qu\u00e9 bien te ves, se nota que tienes paz&#8221;, &#8220;Le sienta bien su relaci\u00f3n con Cazzu se ve m\u00e1s pleno&#8221;, &#8220;Qu\u00e9 hermoso&#8221;, &#8220;Eres precioso&#8221;, &#8220;Me gustan todas tus versiones, pero esta m\u00e1s&#8221;, &#8220;Volvi\u00f3 ese nodal que gusta, se siente tu nueva y buena vibra&#8221;, &#8220;Te ves m\u00e1s guapo que nunca&#8221;, &#8220;Ser pap\u00e1 te est\u00e1 sentando muy bien&#8221;, son s\u00f3lo algunos de los comentarios que se pueden leer.<\/p>\n","protected":false},"excerpt":{"rendered":"<p>Fue a trav\u00e9s de sus redes sociales donde Nodal&nbsp;sorprendi\u00f3 a sus fans al compartir algunas fotograf\u00edas en las que se logra apreciar que los tatuajes se han ido aclarando La vida de&nbsp;Christian Nodal&nbsp;ha dado un gran giro desde que confirm\u00f3 que se convertir\u00eda en padre junto a su novia, la tambi\u00e9n cantante&nbsp;Cazzu; y es que [&hellip;]<\/p>\n","protected":false},"author":1,"featured_media":1504,"comment_status":"open","ping_status":"open","sticky":false,"template":"","format":"standard","meta":{"footnotes":""},"categories":[3],"tags":[],"class_list":["post-1502","post","type-post","status-publish","format-standard","has-post-thumbnail","hentry","category-entretenimiento"],"blog_post_layout_featured_media_urls":{"thumbnail":["https:\/\/elregionaldigital.info\/wp-content\/uploads\/2023\/07\/nodal.jpg_436079160-150x150.jpg",150,150,true],"full":["https:\/\/elregionaldigital.info\/wp-content\/uploads\/2023\/07\/nodal.jpg_436079160.jpg",698,433,false]},"categories_names":{"3":{"name":"Entretenimiento","link":"https:\/\/elregionaldigital.info\/?cat=3"}},"tags_names":[],"comments_number":"0","wpmagazine_modules_lite_featured_media_urls":{"thumbnail":["https:\/\/elregionaldigital.info\/wp-content\/uploads\/2023\/07\/nodal.jpg_436079160-150x150.jpg",150,150,true],"cvmm-medium":["https:\/\/elregionaldigital.info\/wp-content\/uploads\/2023\/07\/nodal.jpg_436079160-300x300.jpg",300,300,true],"cvmm-medium-plus":["https:\/\/elregionaldigital.info\/wp-content\/uploads\/2023\/07\/nodal.jpg_436079160-305x207.jpg",305,207,true],"cvmm-portrait":["https:\/\/elregionaldigital.info\/wp-content\/uploads\/2023\/07\/nodal.jpg_436079160-400x433.jpg",400,433,true],"cvmm-medium-square":["https:\/\/elregionaldigital.info\/wp-content\/uploads\/2023\/07\/nodal.jpg_436079160-600x433.jpg",600,433,true],"cvmm-large":["https:\/\/elregionaldigital.info\/wp-content\/uploads\/2023\/07\/nodal.jpg_436079160.jpg",698,433,false],"cvmm-small":["https:\/\/elregionaldigital.info\/wp-content\/uploads\/2023\/07\/nodal.jpg_436079160-130x95.jpg",130,95,true],"full":["https:\/\/elregionaldigital.info\/wp-content\/uploads\/2023\/07\/nodal.jpg_436079160.jpg",698,433,false]},"_links":{"self":[{"href":"https:\/\/elregionaldigital.info\/index.php?rest_route=\/wp\/v2\/posts\/1502","targetHints":{"allow":["GET"]}}],"collection":[{"href":"https:\/\/elregionaldigital.info\/index.php?rest_route=\/wp\/v2\/posts"}],"about":[{"href":"https:\/\/elregionaldigital.info\/index.php?rest_route=\/wp\/v2\/types\/post"}],"author":[{"embeddable":true,"href":"https:\/\/elregionaldigital.info\/index.php?rest_route=\/wp\/v2\/users\/1"}],"replies":[{"embeddable":true,"href":"https:\/\/elregionaldigital.info\/index.php?rest_route=%2Fwp%2Fv2%2Fcomments&post=1502"}],"version-history":[{"count":2,"href":"https:\/\/elregionaldigital.info\/index.php?rest_route=\/wp\/v2\/posts\/1502\/revisions"}],"predecessor-version":[{"id":1507,"href":"https:\/\/elregionaldigital.info\/index.php?rest_route=\/wp\/v2\/posts\/1502\/revisions\/1507"}],"wp:featuredmedia":[{"embeddable":true,"href":"https:\/\/elregionaldigital.info\/index.php?rest_route=\/wp\/v2\/media\/1504"}],"wp:attachment":[{"href":"https:\/\/elregionaldigital.info\/index.php?rest_route=%2Fwp%2Fv2%2Fmedia&parent=1502"}],"wp:term":[{"taxonomy":"category","embeddable":true,"href":"https:\/\/elregionaldigital.info\/index.php?rest_route=%2Fwp%2Fv2%2Fcategories&post=1502"},{"taxonomy":"post_tag","embeddable":true,"href":"https:\/\/elregionaldigital.info\/index.php?rest_route=%2Fwp%2Fv2%2Ftags&post=1502"}],"curies":[{"name":"wp","href":"https:\/\/api.w.org\/{rel}","templated":true}]}}