{"id":1496,"date":"2023-07-22T16:27:00","date_gmt":"2023-07-22T16:27:00","guid":{"rendered":"http:\/\/elregionaldigital.info\/?p=1496"},"modified":"2023-07-27T04:40:39","modified_gmt":"2023-07-27T04:40:39","slug":"de-aprobarse-la-reforma-laboral-habria-una-nueva-prestacion-para-los-trabajadores","status":"publish","type":"post","link":"https:\/\/elregionaldigital.info\/?p=1496","title":{"rendered":"De aprobarse la reforma laboral, habr\u00eda una nueva prestaci\u00f3n para los trabajadores"},"content":{"rendered":"\n<figure class=\"wp-block-image size-full\"><img loading=\"lazy\" decoding=\"async\" width=\"770\" height=\"485\" src=\"http:\/\/elregionaldigital.info\/wp-content\/uploads\/2023\/07\/reforma_crop1690064300740.jpg_1970638775.jpg\" alt=\"\" class=\"wp-image-1497\" srcset=\"https:\/\/elregionaldigital.info\/wp-content\/uploads\/2023\/07\/reforma_crop1690064300740.jpg_1970638775.jpg 770w, https:\/\/elregionaldigital.info\/wp-content\/uploads\/2023\/07\/reforma_crop1690064300740.jpg_1970638775-300x189.jpg 300w, https:\/\/elregionaldigital.info\/wp-content\/uploads\/2023\/07\/reforma_crop1690064300740.jpg_1970638775-768x484.jpg 768w\" sizes=\"auto, (max-width: 770px) 100vw, 770px\" \/><\/figure>\n\n\n\n<p>Se contempla que los trabajadores tengan un d\u00eda al a\u00f1o para hacerse un chequeo m\u00e9dico y que sea permiso con goce de sueldo<\/p>\n\n\n\n<p><strong>Han surgido inquietudes en el sector privado y los&nbsp;trabajadores<\/strong>&nbsp;sobre los cambios que traer\u00eda consigo la reforma a la&nbsp;Ley&nbsp;federal del trabajo (LFT), luego de que la iniciativa pudiera ser un&nbsp;<strong>parteaguas en las condiciones laborales de&nbsp;M\u00e9xico,&nbsp;<\/strong>pues&nbsp;con su llegada tambi\u00e9n entrar\u00eda una nueva prestaci\u00f3n para todos los empleados.&nbsp;<\/p>\n\n\n\n<p><strong>En&nbsp;septiembre los diputados y senadores del pa\u00eds<\/strong>&nbsp;tendr\u00e1n que aprobar o no&nbsp;esta modificaci\u00f3n a la&nbsp;ley.<\/p>\n\n\n\n<p>En esta se especifica que los trabajadores\u00a0<strong>tendr\u00e1n una jornada de 40 horas semanales<\/strong>\u00a0y adem\u00e1s, podr\u00eda incluirse una\u00a0nueva prestaci\u00f3n\u00a0que deber\u00e1 ser respetada por todas las empresas en\u00a0M\u00e9xico<\/p>\n\n\n\n<p><strong>Si una empresa se niega a cumplir con la&nbsp;nueva prestaci\u00f3n,<\/strong>&nbsp;los&nbsp;trabajadores&nbsp;podr\u00e1n iniciar un proceso legal en contra de sus centros laborales,&nbsp;<strong>siempre y cuando entre en vigor la reforma&nbsp;a la&nbsp;jornada laboral,<\/strong>&nbsp;pues&nbsp;de venirse abajo la propuesta, las condiciones de los empleados se mantendr\u00e1n tal y como lo han hecho por las \u00faltimas d\u00e9cadas.<\/p>\n\n\n\n<p>Con respecto a ello, los legisladores que impulsan la propuesta\u00a0<strong>han advertido sobre los riesgos a la salud que traen consigo las jornadas extenuantes<\/strong>\u00a0y han propuesto una soluci\u00f3n.<\/p>\n\n\n\n<p><strong>Esta ser\u00eda la nueva prestaci\u00f3n por ley<\/strong>&nbsp;para trabajadores en M\u00e9xico:<\/p>\n\n\n\n<p>En el tema de la salud, los diputados han puesto sobre la mesa una&nbsp;<strong>nueva prestaci\u00f3n&nbsp;de&nbsp;ley&nbsp;<\/strong>que podr\u00eda unirse a las demandas que traer\u00e1 consigo la reforma&nbsp;a la&nbsp;jornada laboral&nbsp;2023.<\/p>\n\n\n\n<p>Se trata de una&nbsp;<strong>nueva iniciativa que prioriza la salud de los&nbsp;trabajadores<\/strong>&nbsp;sobre cualquier normativa de las empresas, ya que se pretende que con los ajustes a las condiciones laborales el&nbsp;<strong>bienestar de la plantilla mejore<\/strong>&nbsp;de manera exponencial.<\/p>\n\n\n\n<p><strong>La\u00a0nueva prestaci\u00f3n\u00a0fue propuesta por los diputados del Partido Verde<\/strong>\u00a0Ecologista de\u00a0M\u00e9xico, quienes buscan que la salud de los trabajadores sea primordial para la\u00a0ley,\u00a0<strong>al brindar un d\u00eda completo al a\u00f1o para que los empleados puedan acudir al m\u00e9dico por un chequeo general\u00a0<\/strong>y conocer cu\u00e1l es el estado en el que se encuentran.<\/p>\n\n\n\n<p><strong>Se contempla que tambi\u00e9n tengan goce de sueldo durante este periodo<\/strong>\u00a0y, por supuesto, un permiso de trabajo para faltar en ese d\u00eda.\u00a0<\/p>\n\n\n\n<p><strong>Adem\u00e1s de la&nbsp;nueva prestaci\u00f3n<\/strong>, la reforma&nbsp;a la&nbsp;jornada laboral&nbsp;2023 contempla que el tiempo que los trabajadores pasan en sus lugares de empleo&nbsp;<strong>no supere las 40 horas a la semana y que se otorguen dos d\u00edas de descanso por cada cinco laborales<\/strong>&nbsp;como parte de las modificaciones a a&nbsp;ley.<\/p>\n\n\n\n<p>Si&nbsp;bien la discusi\u00f3n contin\u00faa, las \u00faltimas noticias muestran que&nbsp;<strong>la modificaci\u00f3n a la LFT sigue bien encaminada<\/strong>&nbsp;y s\u00f3lo queda esperar su resoluci\u00f3n final en septiembre.&nbsp;<\/p>\n","protected":false},"excerpt":{"rendered":"<p>Se contempla que los trabajadores tengan un d\u00eda al a\u00f1o para hacerse un chequeo m\u00e9dico y que sea permiso con goce de sueldo Han surgido inquietudes en el sector privado y los&nbsp;trabajadores&nbsp;sobre los cambios que traer\u00eda consigo la reforma a la&nbsp;Ley&nbsp;federal del trabajo (LFT), luego de que la iniciativa pudiera ser un&nbsp;parteaguas en las condiciones [&hellip;]<\/p>\n","protected":false},"author":1,"featured_media":1497,"comment_status":"open","ping_status":"open","sticky":false,"template":"","format":"standard","meta":{"footnotes":""},"categories":[5],"tags":[],"class_list":["post-1496","post","type-post","status-publish","format-standard","has-post-thumbnail","hentry","category-nacional"],"blog_post_layout_featured_media_urls":{"thumbnail":["https:\/\/elregionaldigital.info\/wp-content\/uploads\/2023\/07\/reforma_crop1690064300740.jpg_1970638775-150x150.jpg",150,150,true],"full":["https:\/\/elregionaldigital.info\/wp-content\/uploads\/2023\/07\/reforma_crop1690064300740.jpg_1970638775.jpg",770,485,false]},"categories_names":{"5":{"name":"Nacional","link":"https:\/\/elregionaldigital.info\/?cat=5"}},"tags_names":[],"comments_number":"0","wpmagazine_modules_lite_featured_media_urls":{"thumbnail":["https:\/\/elregionaldigital.info\/wp-content\/uploads\/2023\/07\/reforma_crop1690064300740.jpg_1970638775-150x150.jpg",150,150,true],"cvmm-medium":["https:\/\/elregionaldigital.info\/wp-content\/uploads\/2023\/07\/reforma_crop1690064300740.jpg_1970638775-300x300.jpg",300,300,true],"cvmm-medium-plus":["https:\/\/elregionaldigital.info\/wp-content\/uploads\/2023\/07\/reforma_crop1690064300740.jpg_1970638775-305x207.jpg",305,207,true],"cvmm-portrait":["https:\/\/elregionaldigital.info\/wp-content\/uploads\/2023\/07\/reforma_crop1690064300740.jpg_1970638775-400x485.jpg",400,485,true],"cvmm-medium-square":["https:\/\/elregionaldigital.info\/wp-content\/uploads\/2023\/07\/reforma_crop1690064300740.jpg_1970638775-600x485.jpg",600,485,true],"cvmm-large":["https:\/\/elregionaldigital.info\/wp-content\/uploads\/2023\/07\/reforma_crop1690064300740.jpg_1970638775.jpg",770,485,false],"cvmm-small":["https:\/\/elregionaldigital.info\/wp-content\/uploads\/2023\/07\/reforma_crop1690064300740.jpg_1970638775-130x95.jpg",130,95,true],"full":["https:\/\/elregionaldigital.info\/wp-content\/uploads\/2023\/07\/reforma_crop1690064300740.jpg_1970638775.jpg",770,485,false]},"_links":{"self":[{"href":"https:\/\/elregionaldigital.info\/index.php?rest_route=\/wp\/v2\/posts\/1496","targetHints":{"allow":["GET"]}}],"collection":[{"href":"https:\/\/elregionaldigital.info\/index.php?rest_route=\/wp\/v2\/posts"}],"about":[{"href":"https:\/\/elregionaldigital.info\/index.php?rest_route=\/wp\/v2\/types\/post"}],"author":[{"embeddable":true,"href":"https:\/\/elregionaldigital.info\/index.php?rest_route=\/wp\/v2\/users\/1"}],"replies":[{"embeddable":true,"href":"https:\/\/elregionaldigital.info\/index.php?rest_route=%2Fwp%2Fv2%2Fcomments&post=1496"}],"version-history":[{"count":1,"href":"https:\/\/elregionaldigital.info\/index.php?rest_route=\/wp\/v2\/posts\/1496\/revisions"}],"predecessor-version":[{"id":1498,"href":"https:\/\/elregionaldigital.info\/index.php?rest_route=\/wp\/v2\/posts\/1496\/revisions\/1498"}],"wp:featuredmedia":[{"embeddable":true,"href":"https:\/\/elregionaldigital.info\/index.php?rest_route=\/wp\/v2\/media\/1497"}],"wp:attachment":[{"href":"https:\/\/elregionaldigital.info\/index.php?rest_route=%2Fwp%2Fv2%2Fmedia&parent=1496"}],"wp:term":[{"taxonomy":"category","embeddable":true,"href":"https:\/\/elregionaldigital.info\/index.php?rest_route=%2Fwp%2Fv2%2Fcategories&post=1496"},{"taxonomy":"post_tag","embeddable":true,"href":"https:\/\/elregionaldigital.info\/index.php?rest_route=%2Fwp%2Fv2%2Ftags&post=1496"}],"curies":[{"name":"wp","href":"https:\/\/api.w.org\/{rel}","templated":true}]}}