{"id":1475,"date":"2023-07-14T14:48:00","date_gmt":"2023-07-14T14:48:00","guid":{"rendered":"http:\/\/elregionaldigital.info\/?p=1475"},"modified":"2023-07-18T02:54:37","modified_gmt":"2023-07-18T02:54:37","slug":"las-olas-de-calor-seguiran-en-julio-y-agosto-tras-el-record-de-junio","status":"publish","type":"post","link":"https:\/\/elregionaldigital.info\/?p=1475","title":{"rendered":"Las olas de calor seguir\u00e1n en julio y agosto tras el r\u00e9cord de junio"},"content":{"rendered":"\n<figure class=\"wp-block-image size-full\"><img loading=\"lazy\" decoding=\"async\" width=\"770\" height=\"485\" src=\"http:\/\/elregionaldigital.info\/wp-content\/uploads\/2023\/07\/7152fef08f6151fc3bb3ea9f37aae8ee1d616b38w_crop1689348549335.jpg_1970638775.webp\" alt=\"\" class=\"wp-image-1476\" srcset=\"https:\/\/elregionaldigital.info\/wp-content\/uploads\/2023\/07\/7152fef08f6151fc3bb3ea9f37aae8ee1d616b38w_crop1689348549335.jpg_1970638775.webp 770w, https:\/\/elregionaldigital.info\/wp-content\/uploads\/2023\/07\/7152fef08f6151fc3bb3ea9f37aae8ee1d616b38w_crop1689348549335.jpg_1970638775-300x189.webp 300w, https:\/\/elregionaldigital.info\/wp-content\/uploads\/2023\/07\/7152fef08f6151fc3bb3ea9f37aae8ee1d616b38w_crop1689348549335.jpg_1970638775-768x484.webp 768w\" sizes=\"auto, (max-width: 770px) 100vw, 770px\" \/><\/figure>\n\n\n\n<p>14 JULIO 2023-.As\u00ed lo proyect\u00f3 este viernes la agencia especializada de Naciones Unidas, en l\u00ednea con los&nbsp;servicios meteorol\u00f3gicos de Estados Unidos<\/p>\n\n\n\n<p><strong>Las pr\u00f3ximas dos semanas continuar\u00e1 el&nbsp;intenso calor que ya bati\u00f3&nbsp;el r\u00e9cord de temperatura media mensual en junio y dos m\u00e1ximos&nbsp;diarios&nbsp;en la primera quincena de julio, y podr\u00eda extenderse hasta agosto, estim\u00f3&nbsp;la Organizaci\u00f3n Meteorol\u00f3gica Mundial (OMM).<\/strong><\/p>\n\n\n\n<p><strong>&#8220;Este clima extremo se est\u00e1 convirtiendo en un fen\u00f3meno cada vez m\u00e1s frecuente del cambio clim\u00e1tico y est\u00e1 teniendo un gran impacto en la salud humana, los ecosistemas, las econom\u00edas, la agricultura, la energ\u00eda y los suministros de agua<\/strong>&#8220;, coment\u00f3 este viernes el secretario general de la OMM, el profesor Petteri Taalas<\/p>\n\n\n\n<p><strong>Los servicios meteorol\u00f3gicos de Estados Unidos y Marruecos tambi\u00e9n han emitido alertas por altas temperaturas para las pr\u00f3ximas semanas<\/strong>, lo cual Taalas calific\u00f3 de&nbsp;<strong>&#8220;urgencia&#8221;<\/strong>&nbsp;y record\u00f3 la importancia&nbsp;<strong>de reducir las emisiones de gases de efecto invernadero &#8220;tan r\u00e1pida y profundamente como sea posible&#8221;<\/strong>.<\/p>\n\n\n\n<p>El brazo cient\u00edfico de las Naciones Unidas prev\u00e9 que las temperaturas seguir\u00e1n por encima de lo normal en la regi\u00f3n mediterr\u00e1nea, con temperaturas semanales de hasta 5 grados Celsius por encima de la media.<\/p>\n\n\n\n<p>En caso de no revertir esta situaci\u00f3n,<strong>&nbsp;el Grupo Intergubernamental de Expertos sobre el Cambio Clim\u00e1tico -la mayor autoridad&nbsp;cient\u00edfica en esta materia- estima que para 2050 alrededor de la mitad de la poblaci\u00f3n europea podr\u00eda enfrentarse a un riesgo elevado o muy elevado de sobrecarga t\u00e9rmica en verano<\/strong>.<\/p>\n","protected":false},"excerpt":{"rendered":"<p>14 JULIO 2023-.As\u00ed lo proyect\u00f3 este viernes la agencia especializada de Naciones Unidas, en l\u00ednea con los&nbsp;servicios meteorol\u00f3gicos de Estados Unidos Las pr\u00f3ximas dos semanas continuar\u00e1 el&nbsp;intenso calor que ya bati\u00f3&nbsp;el r\u00e9cord de temperatura media mensual en junio y dos m\u00e1ximos&nbsp;diarios&nbsp;en la primera quincena de julio, y podr\u00eda extenderse hasta agosto, estim\u00f3&nbsp;la Organizaci\u00f3n Meteorol\u00f3gica Mundial [&hellip;]<\/p>\n","protected":false},"author":1,"featured_media":1476,"comment_status":"open","ping_status":"open","sticky":false,"template":"","format":"standard","meta":{"footnotes":""},"categories":[11],"tags":[],"class_list":["post-1475","post","type-post","status-publish","format-standard","has-post-thumbnail","hentry","category-mundo"],"blog_post_layout_featured_media_urls":{"thumbnail":["https:\/\/elregionaldigital.info\/wp-content\/uploads\/2023\/07\/7152fef08f6151fc3bb3ea9f37aae8ee1d616b38w_crop1689348549335.jpg_1970638775-150x150.webp",150,150,true],"full":["https:\/\/elregionaldigital.info\/wp-content\/uploads\/2023\/07\/7152fef08f6151fc3bb3ea9f37aae8ee1d616b38w_crop1689348549335.jpg_1970638775.webp",770,485,false]},"categories_names":{"11":{"name":"Mundo","link":"https:\/\/elregionaldigital.info\/?cat=11"}},"tags_names":[],"comments_number":"0","wpmagazine_modules_lite_featured_media_urls":{"thumbnail":["https:\/\/elregionaldigital.info\/wp-content\/uploads\/2023\/07\/7152fef08f6151fc3bb3ea9f37aae8ee1d616b38w_crop1689348549335.jpg_1970638775-150x150.webp",150,150,true],"cvmm-medium":["https:\/\/elregionaldigital.info\/wp-content\/uploads\/2023\/07\/7152fef08f6151fc3bb3ea9f37aae8ee1d616b38w_crop1689348549335.jpg_1970638775-300x300.webp",300,300,true],"cvmm-medium-plus":["https:\/\/elregionaldigital.info\/wp-content\/uploads\/2023\/07\/7152fef08f6151fc3bb3ea9f37aae8ee1d616b38w_crop1689348549335.jpg_1970638775-305x207.webp",305,207,true],"cvmm-portrait":["https:\/\/elregionaldigital.info\/wp-content\/uploads\/2023\/07\/7152fef08f6151fc3bb3ea9f37aae8ee1d616b38w_crop1689348549335.jpg_1970638775-400x485.webp",400,485,true],"cvmm-medium-square":["https:\/\/elregionaldigital.info\/wp-content\/uploads\/2023\/07\/7152fef08f6151fc3bb3ea9f37aae8ee1d616b38w_crop1689348549335.jpg_1970638775-600x485.webp",600,485,true],"cvmm-large":["https:\/\/elregionaldigital.info\/wp-content\/uploads\/2023\/07\/7152fef08f6151fc3bb3ea9f37aae8ee1d616b38w_crop1689348549335.jpg_1970638775.webp",770,485,false],"cvmm-small":["https:\/\/elregionaldigital.info\/wp-content\/uploads\/2023\/07\/7152fef08f6151fc3bb3ea9f37aae8ee1d616b38w_crop1689348549335.jpg_1970638775-130x95.webp",130,95,true],"full":["https:\/\/elregionaldigital.info\/wp-content\/uploads\/2023\/07\/7152fef08f6151fc3bb3ea9f37aae8ee1d616b38w_crop1689348549335.jpg_1970638775.webp",770,485,false]},"_links":{"self":[{"href":"https:\/\/elregionaldigital.info\/index.php?rest_route=\/wp\/v2\/posts\/1475","targetHints":{"allow":["GET"]}}],"collection":[{"href":"https:\/\/elregionaldigital.info\/index.php?rest_route=\/wp\/v2\/posts"}],"about":[{"href":"https:\/\/elregionaldigital.info\/index.php?rest_route=\/wp\/v2\/types\/post"}],"author":[{"embeddable":true,"href":"https:\/\/elregionaldigital.info\/index.php?rest_route=\/wp\/v2\/users\/1"}],"replies":[{"embeddable":true,"href":"https:\/\/elregionaldigital.info\/index.php?rest_route=%2Fwp%2Fv2%2Fcomments&post=1475"}],"version-history":[{"count":2,"href":"https:\/\/elregionaldigital.info\/index.php?rest_route=\/wp\/v2\/posts\/1475\/revisions"}],"predecessor-version":[{"id":1478,"href":"https:\/\/elregionaldigital.info\/index.php?rest_route=\/wp\/v2\/posts\/1475\/revisions\/1478"}],"wp:featuredmedia":[{"embeddable":true,"href":"https:\/\/elregionaldigital.info\/index.php?rest_route=\/wp\/v2\/media\/1476"}],"wp:attachment":[{"href":"https:\/\/elregionaldigital.info\/index.php?rest_route=%2Fwp%2Fv2%2Fmedia&parent=1475"}],"wp:term":[{"taxonomy":"category","embeddable":true,"href":"https:\/\/elregionaldigital.info\/index.php?rest_route=%2Fwp%2Fv2%2Fcategories&post=1475"},{"taxonomy":"post_tag","embeddable":true,"href":"https:\/\/elregionaldigital.info\/index.php?rest_route=%2Fwp%2Fv2%2Ftags&post=1475"}],"curies":[{"name":"wp","href":"https:\/\/api.w.org\/{rel}","templated":true}]}}