{"id":1472,"date":"2023-07-13T14:40:00","date_gmt":"2023-07-13T14:40:00","guid":{"rendered":"http:\/\/elregionaldigital.info\/?p=1472"},"modified":"2023-07-18T02:46:25","modified_gmt":"2023-07-18T02:46:25","slug":"chuponcito-es-vinculado-a-proceso-por-delito-de-presunto-acoso-sexual","status":"publish","type":"post","link":"https:\/\/elregionaldigital.info\/?p=1472","title":{"rendered":"Chuponcito es vinculado a proceso por delito de presunto acoso sexual"},"content":{"rendered":"\n<figure class=\"wp-block-image size-full\"><img loading=\"lazy\" decoding=\"async\" width=\"770\" height=\"485\" src=\"http:\/\/elregionaldigital.info\/wp-content\/uploads\/2023\/07\/chuponcito_crop1689285339107.jpg_1970638775.webp\" alt=\"\" class=\"wp-image-1473\" srcset=\"https:\/\/elregionaldigital.info\/wp-content\/uploads\/2023\/07\/chuponcito_crop1689285339107.jpg_1970638775.webp 770w, https:\/\/elregionaldigital.info\/wp-content\/uploads\/2023\/07\/chuponcito_crop1689285339107.jpg_1970638775-300x189.webp 300w, https:\/\/elregionaldigital.info\/wp-content\/uploads\/2023\/07\/chuponcito_crop1689285339107.jpg_1970638775-768x484.webp 768w\" sizes=\"auto, (max-width: 770px) 100vw, 770px\" \/><\/figure>\n\n\n\n<p>13 DE JULIO 2023-.El famoso payaso desde el 2020 enfrentaba una demanda de acoso sexual; qu\u00e9date a leer los detalles\u00a0<\/p>\n\n\n\n<p>El famoso&nbsp;<strong>Jos\u00e9 Alberto Flores Aldrete<\/strong>, a casi tres a\u00f1o de pertenecer al mundo de la far\u00e1ndula mejor conocido como \u201c<strong>Chuponcito<\/strong>\u201d, y fuera&nbsp;acusado por el delito de presunto acoso sexual en contra de su exm\u00e1nager, Carla Oaxaca; un juez de control decidi\u00f3 vincularlo a proceso este jueves por la tarde.<\/p>\n\n\n\n<p>Esto ocurri\u00f3 en mayo de este presunto a\u00f1o cuando se dijo que el comediante ser\u00eda acusado de manera formal, despu\u00e9s de que su equipo legal agotara todas las instancias para evitar su detenci\u00f3n; de lo contrario&nbsp; Flores Aldrete llevar\u00e1 su proceso en libertad, ya que se present\u00f3 a la audiencia con un amparo en mano.<\/p>\n\n\n\n<p>Por otra parte, a la salida de los juzgados, y seg\u00fan en un video publicado por Televisa espect\u00e1culos, el \u201cartista payaso&#8221;, ya lo estaban esperando varios medios, aunque no quiso entrar en detalles, se mantuvo firme en defender su inocencia.<\/p>\n","protected":false},"excerpt":{"rendered":"<p>13 DE JULIO 2023-.El famoso payaso desde el 2020 enfrentaba una demanda de acoso sexual; qu\u00e9date a leer los detalles\u00a0 El famoso&nbsp;Jos\u00e9 Alberto Flores Aldrete, a casi tres a\u00f1o de pertenecer al mundo de la far\u00e1ndula mejor conocido como \u201cChuponcito\u201d, y fuera&nbsp;acusado por el delito de presunto acoso sexual en contra de su exm\u00e1nager, Carla [&hellip;]<\/p>\n","protected":false},"author":1,"featured_media":1473,"comment_status":"open","ping_status":"open","sticky":false,"template":"","format":"standard","meta":{"footnotes":""},"categories":[3],"tags":[],"class_list":["post-1472","post","type-post","status-publish","format-standard","has-post-thumbnail","hentry","category-entretenimiento"],"blog_post_layout_featured_media_urls":{"thumbnail":["https:\/\/elregionaldigital.info\/wp-content\/uploads\/2023\/07\/chuponcito_crop1689285339107.jpg_1970638775-150x150.webp",150,150,true],"full":["https:\/\/elregionaldigital.info\/wp-content\/uploads\/2023\/07\/chuponcito_crop1689285339107.jpg_1970638775.webp",770,485,false]},"categories_names":{"3":{"name":"Entretenimiento","link":"https:\/\/elregionaldigital.info\/?cat=3"}},"tags_names":[],"comments_number":"0","wpmagazine_modules_lite_featured_media_urls":{"thumbnail":["https:\/\/elregionaldigital.info\/wp-content\/uploads\/2023\/07\/chuponcito_crop1689285339107.jpg_1970638775-150x150.webp",150,150,true],"cvmm-medium":["https:\/\/elregionaldigital.info\/wp-content\/uploads\/2023\/07\/chuponcito_crop1689285339107.jpg_1970638775-300x300.webp",300,300,true],"cvmm-medium-plus":["https:\/\/elregionaldigital.info\/wp-content\/uploads\/2023\/07\/chuponcito_crop1689285339107.jpg_1970638775-305x207.webp",305,207,true],"cvmm-portrait":["https:\/\/elregionaldigital.info\/wp-content\/uploads\/2023\/07\/chuponcito_crop1689285339107.jpg_1970638775-400x485.webp",400,485,true],"cvmm-medium-square":["https:\/\/elregionaldigital.info\/wp-content\/uploads\/2023\/07\/chuponcito_crop1689285339107.jpg_1970638775-600x485.webp",600,485,true],"cvmm-large":["https:\/\/elregionaldigital.info\/wp-content\/uploads\/2023\/07\/chuponcito_crop1689285339107.jpg_1970638775.webp",770,485,false],"cvmm-small":["https:\/\/elregionaldigital.info\/wp-content\/uploads\/2023\/07\/chuponcito_crop1689285339107.jpg_1970638775-130x95.webp",130,95,true],"full":["https:\/\/elregionaldigital.info\/wp-content\/uploads\/2023\/07\/chuponcito_crop1689285339107.jpg_1970638775.webp",770,485,false]},"_links":{"self":[{"href":"https:\/\/elregionaldigital.info\/index.php?rest_route=\/wp\/v2\/posts\/1472","targetHints":{"allow":["GET"]}}],"collection":[{"href":"https:\/\/elregionaldigital.info\/index.php?rest_route=\/wp\/v2\/posts"}],"about":[{"href":"https:\/\/elregionaldigital.info\/index.php?rest_route=\/wp\/v2\/types\/post"}],"author":[{"embeddable":true,"href":"https:\/\/elregionaldigital.info\/index.php?rest_route=\/wp\/v2\/users\/1"}],"replies":[{"embeddable":true,"href":"https:\/\/elregionaldigital.info\/index.php?rest_route=%2Fwp%2Fv2%2Fcomments&post=1472"}],"version-history":[{"count":1,"href":"https:\/\/elregionaldigital.info\/index.php?rest_route=\/wp\/v2\/posts\/1472\/revisions"}],"predecessor-version":[{"id":1474,"href":"https:\/\/elregionaldigital.info\/index.php?rest_route=\/wp\/v2\/posts\/1472\/revisions\/1474"}],"wp:featuredmedia":[{"embeddable":true,"href":"https:\/\/elregionaldigital.info\/index.php?rest_route=\/wp\/v2\/media\/1473"}],"wp:attachment":[{"href":"https:\/\/elregionaldigital.info\/index.php?rest_route=%2Fwp%2Fv2%2Fmedia&parent=1472"}],"wp:term":[{"taxonomy":"category","embeddable":true,"href":"https:\/\/elregionaldigital.info\/index.php?rest_route=%2Fwp%2Fv2%2Fcategories&post=1472"},{"taxonomy":"post_tag","embeddable":true,"href":"https:\/\/elregionaldigital.info\/index.php?rest_route=%2Fwp%2Fv2%2Ftags&post=1472"}],"curies":[{"name":"wp","href":"https:\/\/api.w.org\/{rel}","templated":true}]}}