{"id":1465,"date":"2023-07-16T20:02:00","date_gmt":"2023-07-16T20:02:00","guid":{"rendered":"http:\/\/elregionaldigital.info\/?p=1465"},"modified":"2023-07-18T02:26:14","modified_gmt":"2023-07-18T02:26:14","slug":"mi-espectacular-su-espectacular-asi-critico-xochitl-galvez-el-gasto-de-morena-en-anuncios","status":"publish","type":"post","link":"https:\/\/elregionaldigital.info\/?p=1465","title":{"rendered":"\u201cMi espectacular, su espectacular\u201d: as\u00ed critic\u00f3 X\u00f3chitl G\u00e1lvez el gasto de Morena en anuncios"},"content":{"rendered":"\n<figure class=\"wp-block-image size-full\"><img loading=\"lazy\" decoding=\"async\" width=\"685\" height=\"385\" src=\"http:\/\/elregionaldigital.info\/wp-content\/uploads\/2023\/07\/f685x385-177703_215396_4837.webp\" alt=\"\" class=\"wp-image-1466\" srcset=\"https:\/\/elregionaldigital.info\/wp-content\/uploads\/2023\/07\/f685x385-177703_215396_4837.webp 685w, https:\/\/elregionaldigital.info\/wp-content\/uploads\/2023\/07\/f685x385-177703_215396_4837-300x169.webp 300w\" sizes=\"auto, (max-width: 685px) 100vw, 685px\" \/><\/figure>\n\n\n\n<p><strong>&#8220;\u00bfA d\u00f3nde sobra la lana?&#8221;, cuestion\u00f3 en un video la precandidata presidencial de la oposici\u00f3n.<\/strong><\/p>\n\n\n\n<p>16 JULIO 2023-. CIUDAD DE M\u00c9XICO (apro).- La senadora panista X\u00f3chitl G\u00e1lvez critic\u00f3 en su&nbsp;cuenta de Twitter el gasto en espectaculares de los precandidatos morenistas a la Presidencia, en particular de Claudia Sheinbaum.<\/p>\n\n\n\n<p>La aspirante a la candidatura presidencial del Frente Amplio por M\u00e9xico visit\u00f3 Veracruz este fin de semana y desde ah\u00ed public\u00f3 un video en el que critic\u00f3 un anuncio en el que aparecen el presidente Andr\u00e9s Manuel L\u00f3pez Obrador y la exjefa de Gobierno.<\/p>\n\n\n\n<p>&#8220;Mi espectacular, su espectacular&#8230; \u00bfa d\u00f3nde sobra la lana?&#8221;, dijo en el video en el que muestra un cart\u00f3n y lo compara con el anuncio de los morenistas.<\/p>\n\n\n\n<p>\u201c\u00bfEspectacular? Espectacular la gastadera de los de enfrente\u201d, dice el tuit en el que llama a sus simpatizantes a firmar en la plataforma del Frente Amplio por M\u00e9xico para pasar a la siguiente false del proceso interno de la oposici\u00f3n para definir a su aspirante para 2024.<\/p>\n\n\n\n<p>Seg\u00fan el medio local XEU, el anuncio que critic\u00f3 X\u00f3chitl G\u00e1lvez est\u00e1 colocado en el bulevar Manuel \u00c1vila Camacho en Veracruz.<\/p>\n","protected":false},"excerpt":{"rendered":"<p>&#8220;\u00bfA d\u00f3nde sobra la lana?&#8221;, cuestion\u00f3 en un video la precandidata presidencial de la oposici\u00f3n. 16 JULIO 2023-. CIUDAD DE M\u00c9XICO (apro).- La senadora panista X\u00f3chitl G\u00e1lvez critic\u00f3 en su&nbsp;cuenta de Twitter el gasto en espectaculares de los precandidatos morenistas a la Presidencia, en particular de Claudia Sheinbaum. La aspirante a la candidatura presidencial del [&hellip;]<\/p>\n","protected":false},"author":1,"featured_media":1466,"comment_status":"open","ping_status":"open","sticky":false,"template":"","format":"standard","meta":{"footnotes":""},"categories":[5],"tags":[],"class_list":["post-1465","post","type-post","status-publish","format-standard","has-post-thumbnail","hentry","category-nacional"],"blog_post_layout_featured_media_urls":{"thumbnail":["https:\/\/elregionaldigital.info\/wp-content\/uploads\/2023\/07\/f685x385-177703_215396_4837-150x150.webp",150,150,true],"full":["https:\/\/elregionaldigital.info\/wp-content\/uploads\/2023\/07\/f685x385-177703_215396_4837.webp",685,385,false]},"categories_names":{"5":{"name":"Nacional","link":"https:\/\/elregionaldigital.info\/?cat=5"}},"tags_names":[],"comments_number":"0","wpmagazine_modules_lite_featured_media_urls":{"thumbnail":["https:\/\/elregionaldigital.info\/wp-content\/uploads\/2023\/07\/f685x385-177703_215396_4837-150x150.webp",150,150,true],"cvmm-medium":["https:\/\/elregionaldigital.info\/wp-content\/uploads\/2023\/07\/f685x385-177703_215396_4837-300x300.webp",300,300,true],"cvmm-medium-plus":["https:\/\/elregionaldigital.info\/wp-content\/uploads\/2023\/07\/f685x385-177703_215396_4837-305x207.webp",305,207,true],"cvmm-portrait":["https:\/\/elregionaldigital.info\/wp-content\/uploads\/2023\/07\/f685x385-177703_215396_4837-400x385.webp",400,385,true],"cvmm-medium-square":["https:\/\/elregionaldigital.info\/wp-content\/uploads\/2023\/07\/f685x385-177703_215396_4837-600x385.webp",600,385,true],"cvmm-large":["https:\/\/elregionaldigital.info\/wp-content\/uploads\/2023\/07\/f685x385-177703_215396_4837.webp",685,385,false],"cvmm-small":["https:\/\/elregionaldigital.info\/wp-content\/uploads\/2023\/07\/f685x385-177703_215396_4837-130x95.webp",130,95,true],"full":["https:\/\/elregionaldigital.info\/wp-content\/uploads\/2023\/07\/f685x385-177703_215396_4837.webp",685,385,false]},"_links":{"self":[{"href":"https:\/\/elregionaldigital.info\/index.php?rest_route=\/wp\/v2\/posts\/1465","targetHints":{"allow":["GET"]}}],"collection":[{"href":"https:\/\/elregionaldigital.info\/index.php?rest_route=\/wp\/v2\/posts"}],"about":[{"href":"https:\/\/elregionaldigital.info\/index.php?rest_route=\/wp\/v2\/types\/post"}],"author":[{"embeddable":true,"href":"https:\/\/elregionaldigital.info\/index.php?rest_route=\/wp\/v2\/users\/1"}],"replies":[{"embeddable":true,"href":"https:\/\/elregionaldigital.info\/index.php?rest_route=%2Fwp%2Fv2%2Fcomments&post=1465"}],"version-history":[{"count":2,"href":"https:\/\/elregionaldigital.info\/index.php?rest_route=\/wp\/v2\/posts\/1465\/revisions"}],"predecessor-version":[{"id":1468,"href":"https:\/\/elregionaldigital.info\/index.php?rest_route=\/wp\/v2\/posts\/1465\/revisions\/1468"}],"wp:featuredmedia":[{"embeddable":true,"href":"https:\/\/elregionaldigital.info\/index.php?rest_route=\/wp\/v2\/media\/1466"}],"wp:attachment":[{"href":"https:\/\/elregionaldigital.info\/index.php?rest_route=%2Fwp%2Fv2%2Fmedia&parent=1465"}],"wp:term":[{"taxonomy":"category","embeddable":true,"href":"https:\/\/elregionaldigital.info\/index.php?rest_route=%2Fwp%2Fv2%2Fcategories&post=1465"},{"taxonomy":"post_tag","embeddable":true,"href":"https:\/\/elregionaldigital.info\/index.php?rest_route=%2Fwp%2Fv2%2Ftags&post=1465"}],"curies":[{"name":"wp","href":"https:\/\/api.w.org\/{rel}","templated":true}]}}