{"id":1445,"date":"2023-07-11T15:47:43","date_gmt":"2023-07-11T15:47:43","guid":{"rendered":"http:\/\/elregionaldigital.info\/?p=1445"},"modified":"2023-07-12T16:09:35","modified_gmt":"2023-07-12T16:09:35","slug":"vida-uat-formara-a-las-nuevas-generaciones-de-universitarios","status":"publish","type":"post","link":"https:\/\/elregionaldigital.info\/?p=1445","title":{"rendered":"Vida UAT formar\u00e1 a las nuevas generaciones de universitarios"},"content":{"rendered":"\n<figure class=\"wp-block-image size-large\"><img loading=\"lazy\" decoding=\"async\" width=\"1024\" height=\"683\" src=\"http:\/\/elregionaldigital.info\/wp-content\/uploads\/2023\/07\/6A-2-1024x683.jpg\" alt=\"\" class=\"wp-image-1446\" srcset=\"https:\/\/elregionaldigital.info\/wp-content\/uploads\/2023\/07\/6A-2-1024x683.jpg 1024w, https:\/\/elregionaldigital.info\/wp-content\/uploads\/2023\/07\/6A-2-300x200.jpg 300w, https:\/\/elregionaldigital.info\/wp-content\/uploads\/2023\/07\/6A-2-768x512.jpg 768w, https:\/\/elregionaldigital.info\/wp-content\/uploads\/2023\/07\/6A-2-1536x1024.jpg 1536w, https:\/\/elregionaldigital.info\/wp-content\/uploads\/2023\/07\/6A-2-2048x1365.jpg 2048w\" sizes=\"auto, (max-width: 1024px) 100vw, 1024px\" \/><\/figure>\n\n\n\n<p>Ciudad Victoria, Tam.; 11 de julio de 2023.<br>Vida UAT formar\u00e1 a las nuevas generaciones de universitarios:<\/p>\n\n\n\n<p>rector<\/p>\n\n\n\n<p>\uf0b7 El rector Guillermo Mendoza destac\u00f3 que el programa busca formar<br>profesionales sensibles con su entorno, mediante una nueva filosof\u00eda que<br>permita a los j\u00f3venes prepararse para enfrentar y resolver problem\u00e1ticas de<br>una nueva sociedad.<\/p>\n\n\n\n<p>Con la reforma curricular que implementar\u00e1 la Universidad Aut\u00f3noma de<br>Tamaulipas (UAT) a partir del ciclo escolar que se iniciar\u00e1 este mes de agosto, las<br>nuevas generaciones de estudiantes ingresar\u00e1n a un programa innovador que les<br>dar\u00e1 la oportunidad de tener una formaci\u00f3n integral de calidad y una verdadera<br>vida universitaria.<br>En ese contexto, el rector Guillermo Mendoza Cavazos se refiri\u00f3 a la<br>entrada en vigor del programa denominado Vida UAT, un esquema que busca<br>formar a las nuevas generaciones de estudiantes a trav\u00e9s de actividades<br>extracurriculares que contribuyan a prepararlos para responder a su entorno con<br>una alta responsabilidad social.<br>El C. P. Guillermo Mendoza explic\u00f3 que Vida UAT forma parte de las<br>adecuaciones que se hicieron con la reforma curricular y del nuevo modelo<br>educativo instrumentado en la casa de estudios.<br>Destac\u00f3 que, adem\u00e1s de cursar una carga de materias durante su carrera,<br>los j\u00f3venes deber\u00e1n cumplir con horas dedicadas a las actividades marcadas en<br>Vida UAT, que incluye deporte, cultura, sustentabilidad, inclusi\u00f3n, derechos<br>humanos y m\u00e1s actividades de responsabilidad social que tengan un impacto en<br>los Objetivos de Desarrollo Sostenible de la Agenda 2030.<\/p>\n","protected":false},"excerpt":{"rendered":"<p>Ciudad Victoria, Tam.; 11 de julio de 2023.Vida UAT formar\u00e1 a las nuevas generaciones de universitarios: rector \uf0b7 El rector Guillermo Mendoza destac\u00f3 que el programa busca formarprofesionales sensibles con su entorno, mediante una nueva filosof\u00eda quepermita a los j\u00f3venes prepararse para enfrentar y resolver problem\u00e1ticas deuna nueva sociedad. Con la reforma curricular que implementar\u00e1 [&hellip;]<\/p>\n","protected":false},"author":1,"featured_media":1446,"comment_status":"open","ping_status":"open","sticky":false,"template":"","format":"standard","meta":{"footnotes":""},"categories":[4],"tags":[],"class_list":["post-1445","post","type-post","status-publish","format-standard","has-post-thumbnail","hentry","category-universidades"],"blog_post_layout_featured_media_urls":{"thumbnail":["https:\/\/elregionaldigital.info\/wp-content\/uploads\/2023\/07\/6A-2-150x150.jpg",150,150,true],"full":["https:\/\/elregionaldigital.info\/wp-content\/uploads\/2023\/07\/6A-2-scaled.jpg",2560,1707,false]},"categories_names":{"4":{"name":"Universidades","link":"https:\/\/elregionaldigital.info\/?cat=4"}},"tags_names":[],"comments_number":"0","wpmagazine_modules_lite_featured_media_urls":{"thumbnail":["https:\/\/elregionaldigital.info\/wp-content\/uploads\/2023\/07\/6A-2-150x150.jpg",150,150,true],"cvmm-medium":["https:\/\/elregionaldigital.info\/wp-content\/uploads\/2023\/07\/6A-2-300x300.jpg",300,300,true],"cvmm-medium-plus":["https:\/\/elregionaldigital.info\/wp-content\/uploads\/2023\/07\/6A-2-305x207.jpg",305,207,true],"cvmm-portrait":["https:\/\/elregionaldigital.info\/wp-content\/uploads\/2023\/07\/6A-2-400x600.jpg",400,600,true],"cvmm-medium-square":["https:\/\/elregionaldigital.info\/wp-content\/uploads\/2023\/07\/6A-2-600x600.jpg",600,600,true],"cvmm-large":["https:\/\/elregionaldigital.info\/wp-content\/uploads\/2023\/07\/6A-2-1024x1024.jpg",1024,1024,true],"cvmm-small":["https:\/\/elregionaldigital.info\/wp-content\/uploads\/2023\/07\/6A-2-130x95.jpg",130,95,true],"full":["https:\/\/elregionaldigital.info\/wp-content\/uploads\/2023\/07\/6A-2-scaled.jpg",2560,1707,false]},"_links":{"self":[{"href":"https:\/\/elregionaldigital.info\/index.php?rest_route=\/wp\/v2\/posts\/1445","targetHints":{"allow":["GET"]}}],"collection":[{"href":"https:\/\/elregionaldigital.info\/index.php?rest_route=\/wp\/v2\/posts"}],"about":[{"href":"https:\/\/elregionaldigital.info\/index.php?rest_route=\/wp\/v2\/types\/post"}],"author":[{"embeddable":true,"href":"https:\/\/elregionaldigital.info\/index.php?rest_route=\/wp\/v2\/users\/1"}],"replies":[{"embeddable":true,"href":"https:\/\/elregionaldigital.info\/index.php?rest_route=%2Fwp%2Fv2%2Fcomments&post=1445"}],"version-history":[{"count":1,"href":"https:\/\/elregionaldigital.info\/index.php?rest_route=\/wp\/v2\/posts\/1445\/revisions"}],"predecessor-version":[{"id":1447,"href":"https:\/\/elregionaldigital.info\/index.php?rest_route=\/wp\/v2\/posts\/1445\/revisions\/1447"}],"wp:featuredmedia":[{"embeddable":true,"href":"https:\/\/elregionaldigital.info\/index.php?rest_route=\/wp\/v2\/media\/1446"}],"wp:attachment":[{"href":"https:\/\/elregionaldigital.info\/index.php?rest_route=%2Fwp%2Fv2%2Fmedia&parent=1445"}],"wp:term":[{"taxonomy":"category","embeddable":true,"href":"https:\/\/elregionaldigital.info\/index.php?rest_route=%2Fwp%2Fv2%2Fcategories&post=1445"},{"taxonomy":"post_tag","embeddable":true,"href":"https:\/\/elregionaldigital.info\/index.php?rest_route=%2Fwp%2Fv2%2Ftags&post=1445"}],"curies":[{"name":"wp","href":"https:\/\/api.w.org\/{rel}","templated":true}]}}