{"id":1431,"date":"2023-07-05T01:03:13","date_gmt":"2023-07-05T01:03:13","guid":{"rendered":"http:\/\/elregionaldigital.info\/?p=1431"},"modified":"2023-07-08T01:05:46","modified_gmt":"2023-07-08T01:05:46","slug":"tampico-recibira-a-claudia-sheinbaum-este-jueves-en-su-camino-rumbo-a-la-defensa-de-la-4t","status":"publish","type":"post","link":"https:\/\/elregionaldigital.info\/?p=1431","title":{"rendered":"Tampico recibir\u00e1 a Claudia Sheinbaum este jueves en su camino rumbo a la defensa de la 4T"},"content":{"rendered":"\n<figure class=\"wp-block-image size-large\"><img loading=\"lazy\" decoding=\"async\" width=\"1024\" height=\"576\" src=\"http:\/\/elregionaldigital.info\/wp-content\/uploads\/2023\/07\/portara-da-reocibiranra-claida-1024x576.webp\" alt=\"\" class=\"wp-image-1432\" srcset=\"https:\/\/elregionaldigital.info\/wp-content\/uploads\/2023\/07\/portara-da-reocibiranra-claida-1024x576.webp 1024w, https:\/\/elregionaldigital.info\/wp-content\/uploads\/2023\/07\/portara-da-reocibiranra-claida-300x169.webp 300w, https:\/\/elregionaldigital.info\/wp-content\/uploads\/2023\/07\/portara-da-reocibiranra-claida-768x432.webp 768w, https:\/\/elregionaldigital.info\/wp-content\/uploads\/2023\/07\/portara-da-reocibiranra-claida.webp 1200w\" sizes=\"auto, (max-width: 1024px) 100vw, 1024px\" \/><\/figure>\n\n\n\n<p>Estamos muy contentos de tener a la Dra. Claudia en Tamaulipas, estamos convencidos de que su visita seguir\u00e1 fortaleciendo este proyecto \u2026 creemos que la Dra. Claudia es la mejor opci\u00f3n\u201d, a\u00f1adi\u00f3 Am\u00e9rico Villareal Santiago<\/p>\n\n\n\n<p>05 julio 2023-. Tampico, Tamaulipas.-\u00a0<\/p>\n\n\n\n<p>Claudia Sheinbaum Pardo estar\u00e1 en Tampico, Tamaulipas, como parte de sus actividades rumbo al proceso de definici\u00f3n de la Coordinaci\u00f3n de la Defensa de la Cuarta Transformaci\u00f3n, con el objetivo de encontrarse con el pueblo de la regi\u00f3n, as\u00ed como realizar recorridos por lugares emblem\u00e1ticos de esta ciudad para platicar con diferentes sectores de la sociedad, as\u00ed lo inform\u00f3 el senador C\u00e9sar Cravioto.<\/p>\n\n\n\n<p>\u2018\u2019Estamos muy contentos de que se de este espacio para que venga a Tampico, eligi\u00f3 visitar el estado de Tamaulipas porque es un estado muy importante en t\u00e9rminos geogr\u00e1ficos, por las fronteras que tiene &nbsp;y porque es un estado que est\u00e1 en un proceso de transformaci\u00f3n\u2019\u2019, coment\u00f3.<\/p>\n","protected":false},"excerpt":{"rendered":"<p>Estamos muy contentos de tener a la Dra. Claudia en Tamaulipas, estamos convencidos de que su visita seguir\u00e1 fortaleciendo este proyecto \u2026 creemos que la Dra. Claudia es la mejor opci\u00f3n\u201d, a\u00f1adi\u00f3 Am\u00e9rico Villareal Santiago 05 julio 2023-. Tampico, Tamaulipas.-\u00a0 Claudia Sheinbaum Pardo estar\u00e1 en Tampico, Tamaulipas, como parte de sus actividades rumbo al proceso [&hellip;]<\/p>\n","protected":false},"author":1,"featured_media":1432,"comment_status":"open","ping_status":"open","sticky":false,"template":"","format":"standard","meta":{"footnotes":""},"categories":[2],"tags":[],"class_list":["post-1431","post","type-post","status-publish","format-standard","has-post-thumbnail","hentry","category-tamaulipas"],"blog_post_layout_featured_media_urls":{"thumbnail":["https:\/\/elregionaldigital.info\/wp-content\/uploads\/2023\/07\/portara-da-reocibiranra-claida-150x150.webp",150,150,true],"full":["https:\/\/elregionaldigital.info\/wp-content\/uploads\/2023\/07\/portara-da-reocibiranra-claida.webp",1200,675,false]},"categories_names":{"2":{"name":"Tamaulipas","link":"https:\/\/elregionaldigital.info\/?cat=2"}},"tags_names":[],"comments_number":"0","wpmagazine_modules_lite_featured_media_urls":{"thumbnail":["https:\/\/elregionaldigital.info\/wp-content\/uploads\/2023\/07\/portara-da-reocibiranra-claida-150x150.webp",150,150,true],"cvmm-medium":["https:\/\/elregionaldigital.info\/wp-content\/uploads\/2023\/07\/portara-da-reocibiranra-claida-300x300.webp",300,300,true],"cvmm-medium-plus":["https:\/\/elregionaldigital.info\/wp-content\/uploads\/2023\/07\/portara-da-reocibiranra-claida-305x207.webp",305,207,true],"cvmm-portrait":["https:\/\/elregionaldigital.info\/wp-content\/uploads\/2023\/07\/portara-da-reocibiranra-claida-400x600.webp",400,600,true],"cvmm-medium-square":["https:\/\/elregionaldigital.info\/wp-content\/uploads\/2023\/07\/portara-da-reocibiranra-claida-600x600.webp",600,600,true],"cvmm-large":["https:\/\/elregionaldigital.info\/wp-content\/uploads\/2023\/07\/portara-da-reocibiranra-claida-1024x675.webp",1024,675,true],"cvmm-small":["https:\/\/elregionaldigital.info\/wp-content\/uploads\/2023\/07\/portara-da-reocibiranra-claida-130x95.webp",130,95,true],"full":["https:\/\/elregionaldigital.info\/wp-content\/uploads\/2023\/07\/portara-da-reocibiranra-claida.webp",1200,675,false]},"_links":{"self":[{"href":"https:\/\/elregionaldigital.info\/index.php?rest_route=\/wp\/v2\/posts\/1431","targetHints":{"allow":["GET"]}}],"collection":[{"href":"https:\/\/elregionaldigital.info\/index.php?rest_route=\/wp\/v2\/posts"}],"about":[{"href":"https:\/\/elregionaldigital.info\/index.php?rest_route=\/wp\/v2\/types\/post"}],"author":[{"embeddable":true,"href":"https:\/\/elregionaldigital.info\/index.php?rest_route=\/wp\/v2\/users\/1"}],"replies":[{"embeddable":true,"href":"https:\/\/elregionaldigital.info\/index.php?rest_route=%2Fwp%2Fv2%2Fcomments&post=1431"}],"version-history":[{"count":1,"href":"https:\/\/elregionaldigital.info\/index.php?rest_route=\/wp\/v2\/posts\/1431\/revisions"}],"predecessor-version":[{"id":1433,"href":"https:\/\/elregionaldigital.info\/index.php?rest_route=\/wp\/v2\/posts\/1431\/revisions\/1433"}],"wp:featuredmedia":[{"embeddable":true,"href":"https:\/\/elregionaldigital.info\/index.php?rest_route=\/wp\/v2\/media\/1432"}],"wp:attachment":[{"href":"https:\/\/elregionaldigital.info\/index.php?rest_route=%2Fwp%2Fv2%2Fmedia&parent=1431"}],"wp:term":[{"taxonomy":"category","embeddable":true,"href":"https:\/\/elregionaldigital.info\/index.php?rest_route=%2Fwp%2Fv2%2Fcategories&post=1431"},{"taxonomy":"post_tag","embeddable":true,"href":"https:\/\/elregionaldigital.info\/index.php?rest_route=%2Fwp%2Fv2%2Ftags&post=1431"}],"curies":[{"name":"wp","href":"https:\/\/api.w.org\/{rel}","templated":true}]}}