{"id":1416,"date":"2023-07-03T20:38:00","date_gmt":"2023-07-03T20:38:00","guid":{"rendered":"http:\/\/elregionaldigital.info\/?p=1416"},"modified":"2023-07-04T16:32:14","modified_gmt":"2023-07-04T16:32:14","slug":"nombran-a-marco-antonio-batarse-secretario-de-administracion-de-la-uat","status":"publish","type":"post","link":"https:\/\/elregionaldigital.info\/?p=1416","title":{"rendered":"Nombran a Marco Antonio Batarse Secretario de Administraci\u00f3n de la UAT"},"content":{"rendered":"\n<figure class=\"wp-block-image size-full\"><img loading=\"lazy\" decoding=\"async\" width=\"800\" height=\"420\" src=\"http:\/\/elregionaldigital.info\/wp-content\/uploads\/2023\/07\/xuat1.jpg.pagespeed.ic_.pP7rGCb7wI.webp\" alt=\"\" class=\"wp-image-1418\" srcset=\"https:\/\/elregionaldigital.info\/wp-content\/uploads\/2023\/07\/xuat1.jpg.pagespeed.ic_.pP7rGCb7wI.webp 800w, https:\/\/elregionaldigital.info\/wp-content\/uploads\/2023\/07\/xuat1.jpg.pagespeed.ic_.pP7rGCb7wI-300x158.webp 300w, https:\/\/elregionaldigital.info\/wp-content\/uploads\/2023\/07\/xuat1.jpg.pagespeed.ic_.pP7rGCb7wI-768x403.webp 768w\" sizes=\"auto, (max-width: 800px) 100vw, 800px\" \/><\/figure>\n\n\n\n<p>El Rector Guillermo Mendoza Cavazos design\u00f3 a Batarse como titular de esa Secretar\u00eda al interior de la Universidad Aut\u00f3noma de Tamaulipas<\/p>\n\n\n\n<ul class=\"wp-block-list\">\n<li><a href=\"https:\/\/expreso.press\/2023\/07\/03\/\">julio 3, 2023<\/a><\/li>\n<\/ul>\n\n\n\n<p>El C.P. Guillermo Mendoza Cavazos, rector de la Universidad Aut\u00f3noma de Tamaulipas (UAT), design\u00f3 a Marco Antonio Batarse Contreras como titular de la Secretar\u00eda de Administraci\u00f3n de la m\u00e1xima casa de estudios de la entidad.<\/p>\n\n\n\n<p>En el ejercicio de sus facultades que le confiere el Art\u00edculo 30 Fracci\u00f3n XII del Estatuto Org\u00e1nico en vigor, el rector hizo entrega del nombramiento a Batarse Contreras, convoc\u00e1ndolo a seguir sumando su experiencia y \u00e9tica profesional para el fortalecimiento de las funciones sustantivas y el desarrollo institucional de la UAT.<\/p>\n\n\n\n<p>En la ceremonia efectuada en el Centro de Gesti\u00f3n del Conocimiento del campus Victoria, el nuevo titular de la Secretar\u00eda de Administraci\u00f3n agradeci\u00f3 al C.P. Mendoza Cavazos la oportunidad de colaborar en el cargo, resaltando el compromiso de trabajar en equipo y aportar todo el esfuerzo para el cumplimiento de las metas que ha instituido la Rector\u00eda.<\/p>\n\n\n\n<p>En su trayectoria, Marco Antonio Batarse Contreras ha desempe\u00f1ado varios cargos en el Gobierno del Estado de Tamaulipas, entre estos, director general de Administraci\u00f3n de la Secretar\u00eda de Hacienda estatal de 1993 a 1997; y director general de Administraci\u00f3n de la Direcci\u00f3n General de Comunicaci\u00f3n Social de 1999 al 2004; y, hasta antes de recibir su designaci\u00f3n, estaba ocupando la Direcci\u00f3n de Comunicaci\u00f3n Institucional de la UAT.<\/p>\n\n\n\n<p>De acuerdo con el nombramiento, el secretario de Administraci\u00f3n asume las atribuciones y las responsabilidades inherentes conforme al orden normativo aplicable de la instituci\u00f3n, fortaleciendo con ello el trabajo que impulsan las dependencias de la presente administraci\u00f3n rectoral.<\/p>\n\n\n\n<figure class=\"wp-block-image size-large\"><img loading=\"lazy\" decoding=\"async\" width=\"1024\" height=\"682\" src=\"http:\/\/elregionaldigital.info\/wp-content\/uploads\/2023\/07\/foto-3-secretario-de-administracion-03-07-2023-1024x682.jpg\" alt=\"\" class=\"wp-image-1424\" srcset=\"https:\/\/elregionaldigital.info\/wp-content\/uploads\/2023\/07\/foto-3-secretario-de-administracion-03-07-2023-1024x682.jpg 1024w, https:\/\/elregionaldigital.info\/wp-content\/uploads\/2023\/07\/foto-3-secretario-de-administracion-03-07-2023-300x200.jpg 300w, https:\/\/elregionaldigital.info\/wp-content\/uploads\/2023\/07\/foto-3-secretario-de-administracion-03-07-2023-768x512.jpg 768w, https:\/\/elregionaldigital.info\/wp-content\/uploads\/2023\/07\/foto-3-secretario-de-administracion-03-07-2023.jpg 1280w\" sizes=\"auto, (max-width: 1024px) 100vw, 1024px\" \/><\/figure>\n","protected":false},"excerpt":{"rendered":"<p>El Rector Guillermo Mendoza Cavazos design\u00f3 a Batarse como titular de esa Secretar\u00eda al interior de la Universidad Aut\u00f3noma de Tamaulipas El C.P. Guillermo Mendoza Cavazos, rector de la Universidad Aut\u00f3noma de Tamaulipas (UAT), design\u00f3 a Marco Antonio Batarse Contreras como titular de la Secretar\u00eda de Administraci\u00f3n de la m\u00e1xima casa de estudios de la [&hellip;]<\/p>\n","protected":false},"author":1,"featured_media":1418,"comment_status":"open","ping_status":"open","sticky":false,"template":"","format":"standard","meta":{"footnotes":""},"categories":[4],"tags":[],"class_list":["post-1416","post","type-post","status-publish","format-standard","has-post-thumbnail","hentry","category-universidades"],"blog_post_layout_featured_media_urls":{"thumbnail":["https:\/\/elregionaldigital.info\/wp-content\/uploads\/2023\/07\/xuat1.jpg.pagespeed.ic_.pP7rGCb7wI-150x150.webp",150,150,true],"full":["https:\/\/elregionaldigital.info\/wp-content\/uploads\/2023\/07\/xuat1.jpg.pagespeed.ic_.pP7rGCb7wI.webp",800,420,false]},"categories_names":{"4":{"name":"Universidades","link":"https:\/\/elregionaldigital.info\/?cat=4"}},"tags_names":[],"comments_number":"0","wpmagazine_modules_lite_featured_media_urls":{"thumbnail":["https:\/\/elregionaldigital.info\/wp-content\/uploads\/2023\/07\/xuat1.jpg.pagespeed.ic_.pP7rGCb7wI-150x150.webp",150,150,true],"cvmm-medium":["https:\/\/elregionaldigital.info\/wp-content\/uploads\/2023\/07\/xuat1.jpg.pagespeed.ic_.pP7rGCb7wI-300x300.webp",300,300,true],"cvmm-medium-plus":["https:\/\/elregionaldigital.info\/wp-content\/uploads\/2023\/07\/xuat1.jpg.pagespeed.ic_.pP7rGCb7wI-305x207.webp",305,207,true],"cvmm-portrait":["https:\/\/elregionaldigital.info\/wp-content\/uploads\/2023\/07\/xuat1.jpg.pagespeed.ic_.pP7rGCb7wI-400x420.webp",400,420,true],"cvmm-medium-square":["https:\/\/elregionaldigital.info\/wp-content\/uploads\/2023\/07\/xuat1.jpg.pagespeed.ic_.pP7rGCb7wI-600x420.webp",600,420,true],"cvmm-large":["https:\/\/elregionaldigital.info\/wp-content\/uploads\/2023\/07\/xuat1.jpg.pagespeed.ic_.pP7rGCb7wI.webp",800,420,false],"cvmm-small":["https:\/\/elregionaldigital.info\/wp-content\/uploads\/2023\/07\/xuat1.jpg.pagespeed.ic_.pP7rGCb7wI-130x95.webp",130,95,true],"full":["https:\/\/elregionaldigital.info\/wp-content\/uploads\/2023\/07\/xuat1.jpg.pagespeed.ic_.pP7rGCb7wI.webp",800,420,false]},"_links":{"self":[{"href":"https:\/\/elregionaldigital.info\/index.php?rest_route=\/wp\/v2\/posts\/1416","targetHints":{"allow":["GET"]}}],"collection":[{"href":"https:\/\/elregionaldigital.info\/index.php?rest_route=\/wp\/v2\/posts"}],"about":[{"href":"https:\/\/elregionaldigital.info\/index.php?rest_route=\/wp\/v2\/types\/post"}],"author":[{"embeddable":true,"href":"https:\/\/elregionaldigital.info\/index.php?rest_route=\/wp\/v2\/users\/1"}],"replies":[{"embeddable":true,"href":"https:\/\/elregionaldigital.info\/index.php?rest_route=%2Fwp%2Fv2%2Fcomments&post=1416"}],"version-history":[{"count":2,"href":"https:\/\/elregionaldigital.info\/index.php?rest_route=\/wp\/v2\/posts\/1416\/revisions"}],"predecessor-version":[{"id":1425,"href":"https:\/\/elregionaldigital.info\/index.php?rest_route=\/wp\/v2\/posts\/1416\/revisions\/1425"}],"wp:featuredmedia":[{"embeddable":true,"href":"https:\/\/elregionaldigital.info\/index.php?rest_route=\/wp\/v2\/media\/1418"}],"wp:attachment":[{"href":"https:\/\/elregionaldigital.info\/index.php?rest_route=%2Fwp%2Fv2%2Fmedia&parent=1416"}],"wp:term":[{"taxonomy":"category","embeddable":true,"href":"https:\/\/elregionaldigital.info\/index.php?rest_route=%2Fwp%2Fv2%2Fcategories&post=1416"},{"taxonomy":"post_tag","embeddable":true,"href":"https:\/\/elregionaldigital.info\/index.php?rest_route=%2Fwp%2Fv2%2Ftags&post=1416"}],"curies":[{"name":"wp","href":"https:\/\/api.w.org\/{rel}","templated":true}]}}