{"id":1412,"date":"2023-07-02T23:07:00","date_gmt":"2023-07-02T23:07:00","guid":{"rendered":"http:\/\/elregionaldigital.info\/?p=1412"},"modified":"2023-07-03T18:10:25","modified_gmt":"2023-07-03T18:10:25","slug":"solo-fallo-la-contundencia-jaime-lozano","status":"publish","type":"post","link":"https:\/\/elregionaldigital.info\/?p=1412","title":{"rendered":"Solo fall\u00f3 la contundencia: Jaime Lozano"},"content":{"rendered":"\n<figure class=\"wp-block-image size-full\"><img loading=\"lazy\" decoding=\"async\" width=\"770\" height=\"485\" src=\"http:\/\/elregionaldigital.info\/wp-content\/uploads\/2023\/07\/imago-1377674_crop1688357688044.jpg_1970638775.webp\" alt=\"\" class=\"wp-image-1413\" srcset=\"https:\/\/elregionaldigital.info\/wp-content\/uploads\/2023\/07\/imago-1377674_crop1688357688044.jpg_1970638775.webp 770w, https:\/\/elregionaldigital.info\/wp-content\/uploads\/2023\/07\/imago-1377674_crop1688357688044.jpg_1970638775-300x189.webp 300w, https:\/\/elregionaldigital.info\/wp-content\/uploads\/2023\/07\/imago-1377674_crop1688357688044.jpg_1970638775-768x484.webp 768w\" sizes=\"auto, (max-width: 770px) 100vw, 770px\" \/><\/figure>\n\n\n\n<p>2 de julio de 2023-. Tras la derrota,\u00a0\u201cJimmy\u201d Lozano se disculp\u00f3 con la afici\u00f3n que hizo una entrada espectacular en el Levi\u00b4s Stadium<\/p>\n\n\n\n<p>Tras la derrota a manos del invitado Qatar en la Copa Oro en su fase de grupos, el director t\u00e9cnico de la Selecci\u00f3n mexicana,<strong>&nbsp;Jaime Lozano aclar\u00f3 que si lleg\u00f3 la derrota, fue solo por la falta de contundencia<\/strong>, ya que se tuvieron por lo menos cinco jugadas claras de gol y no se pudieron meter, mientras que el rival solo tuvo una y la concret\u00f3.<\/p>\n\n\n\n<p>Adem\u00e1s,<strong>\u00a0\u201cJimmy\u201d se disculp\u00f3 con la afici\u00f3n que hizo una entrada espectacular en el Levi\u00b4s Stadium\u00a0<\/strong>de Santa Clara de m\u00e1s de 60 mil espectadores, un escenario que se acostumbr\u00f3 a ver a M\u00e9xico perder, como contra Chile en 2016 y ante Colombia en 2022.<\/p>\n\n\n\n<p>\u201cDuro, porque era un ambientazo hoy, porque la gente se entreg\u00f3, sab\u00edamos a lo que ven\u00eda Qatar, se puso al frente, la supieron aprovechar, son cosas que no me gustan, pero son parte del jugo, hacer tiempo, pero hoy nos falt\u00f3 contundencia, creo que no ca\u00edmos del todo en desesperaci\u00f3n, pero s\u00ed se gener\u00f3 mucho y no la metimos\u201d, coment\u00f3 el timonel mexicano.<\/p>\n\n\n\n<p><strong>M\u00e9xico se mantendr\u00e1 en la Bah\u00eda de San Francisco hasta el pr\u00f3ximo jueves,<\/strong>\u00a0para luego viajar a Dallas, Texas, en donde disputar\u00e1n el partido de Cuartos de Final de la Copa Oro, con rival todav\u00eda por definir.<\/p>\n","protected":false},"excerpt":{"rendered":"<p>2 de julio de 2023-. Tras la derrota,\u00a0\u201cJimmy\u201d Lozano se disculp\u00f3 con la afici\u00f3n que hizo una entrada espectacular en el Levi\u00b4s Stadium Tras la derrota a manos del invitado Qatar en la Copa Oro en su fase de grupos, el director t\u00e9cnico de la Selecci\u00f3n mexicana,&nbsp;Jaime Lozano aclar\u00f3 que si lleg\u00f3 la derrota, fue [&hellip;]<\/p>\n","protected":false},"author":1,"featured_media":1413,"comment_status":"open","ping_status":"open","sticky":false,"template":"","format":"standard","meta":{"footnotes":""},"categories":[6],"tags":[],"class_list":["post-1412","post","type-post","status-publish","format-standard","has-post-thumbnail","hentry","category-deportes"],"blog_post_layout_featured_media_urls":{"thumbnail":["https:\/\/elregionaldigital.info\/wp-content\/uploads\/2023\/07\/imago-1377674_crop1688357688044.jpg_1970638775-150x150.webp",150,150,true],"full":["https:\/\/elregionaldigital.info\/wp-content\/uploads\/2023\/07\/imago-1377674_crop1688357688044.jpg_1970638775.webp",770,485,false]},"categories_names":{"6":{"name":"Deportes","link":"https:\/\/elregionaldigital.info\/?cat=6"}},"tags_names":[],"comments_number":"0","wpmagazine_modules_lite_featured_media_urls":{"thumbnail":["https:\/\/elregionaldigital.info\/wp-content\/uploads\/2023\/07\/imago-1377674_crop1688357688044.jpg_1970638775-150x150.webp",150,150,true],"cvmm-medium":["https:\/\/elregionaldigital.info\/wp-content\/uploads\/2023\/07\/imago-1377674_crop1688357688044.jpg_1970638775-300x300.webp",300,300,true],"cvmm-medium-plus":["https:\/\/elregionaldigital.info\/wp-content\/uploads\/2023\/07\/imago-1377674_crop1688357688044.jpg_1970638775-305x207.webp",305,207,true],"cvmm-portrait":["https:\/\/elregionaldigital.info\/wp-content\/uploads\/2023\/07\/imago-1377674_crop1688357688044.jpg_1970638775-400x485.webp",400,485,true],"cvmm-medium-square":["https:\/\/elregionaldigital.info\/wp-content\/uploads\/2023\/07\/imago-1377674_crop1688357688044.jpg_1970638775-600x485.webp",600,485,true],"cvmm-large":["https:\/\/elregionaldigital.info\/wp-content\/uploads\/2023\/07\/imago-1377674_crop1688357688044.jpg_1970638775.webp",770,485,false],"cvmm-small":["https:\/\/elregionaldigital.info\/wp-content\/uploads\/2023\/07\/imago-1377674_crop1688357688044.jpg_1970638775-130x95.webp",130,95,true],"full":["https:\/\/elregionaldigital.info\/wp-content\/uploads\/2023\/07\/imago-1377674_crop1688357688044.jpg_1970638775.webp",770,485,false]},"_links":{"self":[{"href":"https:\/\/elregionaldigital.info\/index.php?rest_route=\/wp\/v2\/posts\/1412","targetHints":{"allow":["GET"]}}],"collection":[{"href":"https:\/\/elregionaldigital.info\/index.php?rest_route=\/wp\/v2\/posts"}],"about":[{"href":"https:\/\/elregionaldigital.info\/index.php?rest_route=\/wp\/v2\/types\/post"}],"author":[{"embeddable":true,"href":"https:\/\/elregionaldigital.info\/index.php?rest_route=\/wp\/v2\/users\/1"}],"replies":[{"embeddable":true,"href":"https:\/\/elregionaldigital.info\/index.php?rest_route=%2Fwp%2Fv2%2Fcomments&post=1412"}],"version-history":[{"count":1,"href":"https:\/\/elregionaldigital.info\/index.php?rest_route=\/wp\/v2\/posts\/1412\/revisions"}],"predecessor-version":[{"id":1414,"href":"https:\/\/elregionaldigital.info\/index.php?rest_route=\/wp\/v2\/posts\/1412\/revisions\/1414"}],"wp:featuredmedia":[{"embeddable":true,"href":"https:\/\/elregionaldigital.info\/index.php?rest_route=\/wp\/v2\/media\/1413"}],"wp:attachment":[{"href":"https:\/\/elregionaldigital.info\/index.php?rest_route=%2Fwp%2Fv2%2Fmedia&parent=1412"}],"wp:term":[{"taxonomy":"category","embeddable":true,"href":"https:\/\/elregionaldigital.info\/index.php?rest_route=%2Fwp%2Fv2%2Fcategories&post=1412"},{"taxonomy":"post_tag","embeddable":true,"href":"https:\/\/elregionaldigital.info\/index.php?rest_route=%2Fwp%2Fv2%2Ftags&post=1412"}],"curies":[{"name":"wp","href":"https:\/\/api.w.org\/{rel}","templated":true}]}}