{"id":1403,"date":"2023-07-03T05:16:00","date_gmt":"2023-07-03T05:16:00","guid":{"rendered":"http:\/\/elregionaldigital.info\/?p=1403"},"modified":"2023-07-03T17:20:34","modified_gmt":"2023-07-03T17:20:34","slug":"amlo-asegura-que-xochitl-sera-candidata-de-oposicion-pero-no-es-del-pueblo","status":"publish","type":"post","link":"https:\/\/elregionaldigital.info\/?p=1403","title":{"rendered":"AMLO asegura que X\u00f3chitl ser\u00e1 candidata de oposici\u00f3n\u2026 pero no es del pueblo\u00a0"},"content":{"rendered":"\n<figure class=\"wp-block-image size-large\"><img loading=\"lazy\" decoding=\"async\" width=\"1024\" height=\"592\" src=\"http:\/\/elregionaldigital.info\/wp-content\/uploads\/2023\/07\/amlo_xochitl_galvez-1-1-1024x592.jpg\" alt=\"\" class=\"wp-image-1404\" srcset=\"https:\/\/elregionaldigital.info\/wp-content\/uploads\/2023\/07\/amlo_xochitl_galvez-1-1-1024x592.jpg 1024w, https:\/\/elregionaldigital.info\/wp-content\/uploads\/2023\/07\/amlo_xochitl_galvez-1-1-300x173.jpg 300w, https:\/\/elregionaldigital.info\/wp-content\/uploads\/2023\/07\/amlo_xochitl_galvez-1-1-768x444.jpg 768w, https:\/\/elregionaldigital.info\/wp-content\/uploads\/2023\/07\/amlo_xochitl_galvez-1-1.jpg 1280w\" sizes=\"auto, (max-width: 1024px) 100vw, 1024px\" \/><\/figure>\n\n\n\n<p>3 DE JULIO-. El presidente AMLO asegur\u00f3 que la oposici\u00f3n opta por G\u00e1lvez debido a que \u201csuponen que si naci\u00f3 en un pueblo va a tener el apoyo del pueblo\u201d<\/p>\n\n\n\n<p>El presidente Andr\u00e9s Manuel L\u00f3pez Obrador prev\u00e9 que que<strong>&nbsp;X\u00f3chitl G\u00e1lvez&nbsp;<\/strong>ser\u00e1 la candidata del<strong>&nbsp;Frente Amplio por M\u00e9xico.<\/strong><\/p>\n\n\n\n<p>Durante su conferencia matutina en Palacio Nacional, L\u00f3pez Obrador asegur\u00f3 que \u201cahora ni siquiera es un dirigente pol\u00edtico o dirigente de un partido pol\u00edtico, es un gerente, Claudio X. Gonz\u00e1lez hijo, el que decide. Tengo toda la informaci\u00f3n de que \u00e9l llev\u00f3 a cabo las consultas para que los represente a este grupo&nbsp;<strong>X\u00f3chitl G\u00e1lvez<\/strong>\u201c,<\/p>\n\n\n\n<blockquote class=\"wp-block-quote is-layout-flow wp-block-quote-is-layout-flow\">\n<p>\u201cHace como 15 d\u00edas a un mes me enter\u00e9, mis gargantas profundas\u201d, afirm\u00f3, sostuvo de forma burlona el mandatario en el Sal\u00f3n Tesorer\u00eda.&nbsp;<\/p>\n<\/blockquote>\n\n\n\n<p>L\u00f3pez Obrador asegur\u00f3 que la oposici\u00f3n opta por G\u00e1lvez debido a que \u201csuponen que si naci\u00f3 en un pueblo va a tener el apoyo del pueblo, y adem\u00e1s es en realidad parte de ellos, no del pueblo, sino ella forma parte de los conservadores, desde luego no es de los de arriba, pero s\u00ed forma parte del mismo agrupamiento, porque tambi\u00e9n en el bloque conservador hay \u2018nivelitos&#8217;\u201d.<\/p>\n\n\n\n<p>El presidente Andr\u00e9s Manuel L\u00f3pez Obrador prev\u00e9 que que<strong>&nbsp;X\u00f3chitl G\u00e1lvez&nbsp;<\/strong>ser\u00e1 la candidata del<strong>&nbsp;Frente Amplio por M\u00e9xico.<\/strong><\/p>\n\n\n\n<p>Durante su conferencia matutina en Palacio Nacional, L\u00f3pez Obrador asegur\u00f3 que \u201cahora ni siquiera es un dirigente pol\u00edtico o dirigente de un partido pol\u00edtico, es un gerente, Claudio X. Gonz\u00e1lez hijo, el que decide. Tengo toda la informaci\u00f3n de que \u00e9l llev\u00f3 a cabo las consultas para que los represente a este grupo&nbsp;<strong>X\u00f3chitl G\u00e1lvez<\/strong>\u201c,<\/p>\n\n\n\n<blockquote class=\"wp-block-quote is-layout-flow wp-block-quote-is-layout-flow\">\n<p>\u201cHace como 15 d\u00edas a un mes me enter\u00e9, mis gargantas profundas\u201d, afirm\u00f3, sostuvo de forma burlona el mandatario en el Sal\u00f3n Tesorer\u00eda.&nbsp;<\/p>\n<\/blockquote>\n\n\n\n<p>L\u00f3pez Obrador asegur\u00f3 que la oposici\u00f3n opta por G\u00e1lvez debido a que \u201csuponen que si naci\u00f3 en un pueblo va a tener el apoyo del pueblo, y adem\u00e1s es en realidad parte de ellos, no del pueblo, sino ella forma parte de los conservadores, desde luego no es de los de arriba, pero s\u00ed forma parte del mismo agrupamiento, porque tambi\u00e9n en el bloque conservador hay \u2018nivelitos&#8217;\u201d.<\/p>\n\n\n\n<p>El&nbsp;<strong>Jefe del Ejecutivo<\/strong>&nbsp;pregunt\u00f3 qu\u00e9 actitud tendr\u00e1 el panista&nbsp;<strong>Santiago Creel<\/strong>, quien tambi\u00e9n aspira a la candidatura opositora y record\u00f3 que algunos de los aspirantes ya se bajaron porque se dieron cuenta que ya hay una decisi\u00f3n tomada y no quieren ser comparsa.<\/p>\n\n\n\n<p>\u201cPor eso algunos que ya se dieron cuenta est\u00e1n declinando, porque pues no quieren ser comparsa\u201d, lanz\u00f3.<\/p>\n\n\n\n<p>Antes,<strong>&nbsp;L\u00f3pez Obrador<\/strong>&nbsp;dijo que los&nbsp;<strong>partidos pol\u00edticos<\/strong>&nbsp;de&nbsp;<strong>oposici\u00f3n<\/strong>&nbsp;fueron tragados y absorbidos por un \u201c<strong>supremo poder conservador<\/strong>\u201c.<\/p>\n\n\n\n<blockquote class=\"wp-block-quote is-layout-flow wp-block-quote-is-layout-flow\">\n<p>\u201cEs el caso del&nbsp;<strong>PRI<\/strong>, est\u00e1n renunciando no s\u00f3lo militantes, dirigentes, porque se est\u00e1n dando cuenta de que ya fueron absorbidos, se los trag\u00f3 este agrupamiento, este supremo poder conservador, cuyo gerente, es&nbsp;<strong>Claudio X. Gonz\u00e1lez<\/strong>&nbsp;hijo, que no ha constituido ning\u00fan partido pero en realidad son los opositores a la transformaci\u00f3n\u201d, expres\u00f3&nbsp;<strong>AMLO<\/strong>.<\/p>\n<\/blockquote>\n\n\n\n<p>Durante la&nbsp;<strong>ma\u00f1anera<\/strong>,&nbsp;<strong>L\u00f3pez Obrador<\/strong>&nbsp;indic\u00f3 que los partidos opositores ya no son determinantes ni influyen en la vida pol\u00edtica del&nbsp;<strong>pa\u00eds<\/strong>.<\/p>\n\n\n\n<p>\u201cEstamos asistiendo a un fen\u00f3meno nuevo porque ya no son determinantes o no influyen en la vida pol\u00edtica aunque parezca parad\u00f3jico, contradictorio, los partidos pol\u00edticos\u201d, afirm\u00f3.<\/p>\n","protected":false},"excerpt":{"rendered":"<p>3 DE JULIO-. El presidente AMLO asegur\u00f3 que la oposici\u00f3n opta por G\u00e1lvez debido a que \u201csuponen que si naci\u00f3 en un pueblo va a tener el apoyo del pueblo\u201d El presidente Andr\u00e9s Manuel L\u00f3pez Obrador prev\u00e9 que que&nbsp;X\u00f3chitl G\u00e1lvez&nbsp;ser\u00e1 la candidata del&nbsp;Frente Amplio por M\u00e9xico. Durante su conferencia matutina en Palacio Nacional, L\u00f3pez Obrador [&hellip;]<\/p>\n","protected":false},"author":1,"featured_media":1404,"comment_status":"open","ping_status":"open","sticky":false,"template":"","format":"standard","meta":{"footnotes":""},"categories":[5],"tags":[],"class_list":["post-1403","post","type-post","status-publish","format-standard","has-post-thumbnail","hentry","category-nacional"],"blog_post_layout_featured_media_urls":{"thumbnail":["https:\/\/elregionaldigital.info\/wp-content\/uploads\/2023\/07\/amlo_xochitl_galvez-1-1-150x150.jpg",150,150,true],"full":["https:\/\/elregionaldigital.info\/wp-content\/uploads\/2023\/07\/amlo_xochitl_galvez-1-1.jpg",1280,740,false]},"categories_names":{"5":{"name":"Nacional","link":"https:\/\/elregionaldigital.info\/?cat=5"}},"tags_names":[],"comments_number":"0","wpmagazine_modules_lite_featured_media_urls":{"thumbnail":["https:\/\/elregionaldigital.info\/wp-content\/uploads\/2023\/07\/amlo_xochitl_galvez-1-1-150x150.jpg",150,150,true],"cvmm-medium":["https:\/\/elregionaldigital.info\/wp-content\/uploads\/2023\/07\/amlo_xochitl_galvez-1-1-300x300.jpg",300,300,true],"cvmm-medium-plus":["https:\/\/elregionaldigital.info\/wp-content\/uploads\/2023\/07\/amlo_xochitl_galvez-1-1-305x207.jpg",305,207,true],"cvmm-portrait":["https:\/\/elregionaldigital.info\/wp-content\/uploads\/2023\/07\/amlo_xochitl_galvez-1-1-400x600.jpg",400,600,true],"cvmm-medium-square":["https:\/\/elregionaldigital.info\/wp-content\/uploads\/2023\/07\/amlo_xochitl_galvez-1-1-600x600.jpg",600,600,true],"cvmm-large":["https:\/\/elregionaldigital.info\/wp-content\/uploads\/2023\/07\/amlo_xochitl_galvez-1-1-1024x740.jpg",1024,740,true],"cvmm-small":["https:\/\/elregionaldigital.info\/wp-content\/uploads\/2023\/07\/amlo_xochitl_galvez-1-1-130x95.jpg",130,95,true],"full":["https:\/\/elregionaldigital.info\/wp-content\/uploads\/2023\/07\/amlo_xochitl_galvez-1-1.jpg",1280,740,false]},"_links":{"self":[{"href":"https:\/\/elregionaldigital.info\/index.php?rest_route=\/wp\/v2\/posts\/1403","targetHints":{"allow":["GET"]}}],"collection":[{"href":"https:\/\/elregionaldigital.info\/index.php?rest_route=\/wp\/v2\/posts"}],"about":[{"href":"https:\/\/elregionaldigital.info\/index.php?rest_route=\/wp\/v2\/types\/post"}],"author":[{"embeddable":true,"href":"https:\/\/elregionaldigital.info\/index.php?rest_route=\/wp\/v2\/users\/1"}],"replies":[{"embeddable":true,"href":"https:\/\/elregionaldigital.info\/index.php?rest_route=%2Fwp%2Fv2%2Fcomments&post=1403"}],"version-history":[{"count":1,"href":"https:\/\/elregionaldigital.info\/index.php?rest_route=\/wp\/v2\/posts\/1403\/revisions"}],"predecessor-version":[{"id":1405,"href":"https:\/\/elregionaldigital.info\/index.php?rest_route=\/wp\/v2\/posts\/1403\/revisions\/1405"}],"wp:featuredmedia":[{"embeddable":true,"href":"https:\/\/elregionaldigital.info\/index.php?rest_route=\/wp\/v2\/media\/1404"}],"wp:attachment":[{"href":"https:\/\/elregionaldigital.info\/index.php?rest_route=%2Fwp%2Fv2%2Fmedia&parent=1403"}],"wp:term":[{"taxonomy":"category","embeddable":true,"href":"https:\/\/elregionaldigital.info\/index.php?rest_route=%2Fwp%2Fv2%2Fcategories&post=1403"},{"taxonomy":"post_tag","embeddable":true,"href":"https:\/\/elregionaldigital.info\/index.php?rest_route=%2Fwp%2Fv2%2Ftags&post=1403"}],"curies":[{"name":"wp","href":"https:\/\/api.w.org\/{rel}","templated":true}]}}